{"id":44605,"date":"2016-08-20T10:44:38","date_gmt":"2016-08-20T16:44:38","guid":{"rendered":"http:\/\/www.eloriente.net\/home\/?p=44605"},"modified":"2016-08-20T18:59:46","modified_gmt":"2016-08-21T00:59:46","slug":"oaxaca-necesitamos-clases-y-tambien-justicia-benjamin-robles","status":"publish","type":"post","link":"https:\/\/www.eloriente.net\/home\/2016\/08\/20\/oaxaca-necesitamos-clases-y-tambien-justicia-benjamin-robles\/","title":{"rendered":"OAXACA: \u00abNecesitamos clases y tambi\u00e9n justicia\u00bb: Benjam\u00edn Robles"},"content":{"rendered":"<p><script src=\"\/\/pagead2.googlesyndication.com\/pagead\/js\/adsbygoogle.js\" async=\"\"><\/script><!-- BANNER ELORIENTE INCRUSTADO NOTAS --> <ins class=\"adsbygoogle\" style=\"display: inline-block; width: 300px; height: 250px;\" data-ad-client=\"ca-pub-1136171134853753\" data-ad-slot=\"7974633627\"><\/ins><script>\/\/ <![CDATA[\n(adsbygoogle = window.adsbygoogle || []).push({});\n\/\/ ]]><\/script><br \/>\n(www.eloriente.net, M\u00e9xico, 20 de agosto de 2015. Por. Carlos Guti\u00e9rrez).- \u00abNo es humano, ni \u00e9tico, ni permisible,\u00a0que se da\u00f1en derechos de ciudadanas y ciudadanos\u00a0que tambi\u00e9n est\u00e1n sufriendo para ganarse el pan de cada d\u00eda\u00bb, se\u00f1al\u00f3 en un video publicado en sus redes sociales, Benjam\u00edn Robles Montoya, Senador por el estado de Oaxaca y Comisionado Pol\u00edtico del Partido del Trabajo (PT) en la entidad.<\/p>\n<p>A trav\u00e9s de un mensaje a las oaxaque\u00f1as y oaxaque\u00f1os, dijo que las maestras y maestros saben que el legislador tiene muchas coincidencias con los posicionamientos del magisterio. Pero en el caso del inicio de clases del pr\u00f3ximo lunes, Robles Montoya llam\u00f3 a efectuarlo pues \u00abcada d\u00eda, cada hora que nuestras ni\u00f1as y ni\u00f1os acuden a clases\u00a0es imprescindible\u00bb.<br \/>\n<script src=\"\/\/pagead2.googlesyndication.com\/pagead\/js\/adsbygoogle.js\" async=\"\"><\/script><br \/>\n <!-- BANNER PEQUE\u00d1O PARA ENTRENOTAS EL ORIENTE --><br \/>\n <ins class=\"adsbygoogle\" style=\"display: inline-block; width: 468px; height: 60px;\" data-ad-client=\"ca-pub-1136171134853753\" data-ad-slot=\"4953536424\"><\/ins><br \/>\n<script>\/\/ <![CDATA[\n(adsbygoogle = window.adsbygoogle || []).push({});\n\/\/ ]]><\/script><br \/>\nDijo que \u00abCada vez que un ni\u00f1o abreva en la escuela cultura y conocimiento\u00a0nos acercamos un poco m\u00e1s al destino m\u00e1s justo\u00a0que deseamos para Oaxaca\u00bb.<\/p>\n<p>Quien fuera candidato del PT a gobernador del estado el pasado 5 de junio y que de forma consistente result\u00f3 un f\u00e9rreo opositor de la actual administraci\u00f3n de Gabino Cu\u00e9, se\u00f1al\u00f3 que la presencia en las aulas de las ni\u00f1as y ni\u00f1os del estado, \u00abno puede ser moneda de cambio, \u00a0porque nada puede alcanzar el mismo valor de un solo hecho:\u00a0que nuestros ni\u00f1os aprendan\u2026\u00a0Aprendan a vivir con dignidad, a vivir como oaxaque\u00f1os de bien\u00bb.<\/p>\n<p>Robles Montoya resalt\u00f3 tambi\u00e9n que cumplir con esta responsabilidad debe ir aparejada a procurar justicia a favor de los trabajadores de la educaci\u00f3n en relaci\u00f3n a sus derechos vulnerados por la Reforma Educativa, y justicia tambi\u00e9n para las ciudadanas y ciudadanos que han perdido tanto con este conflicto.<\/p>\n<p>\u00abJusticia y Educaci\u00f3n, por esos valores vale la pena continuar la lucha\u00bb, concluy\u00f3.<br \/>\n<iframe loading=\"lazy\" style=\"border: none; overflow: hidden;\" src=\"https:\/\/www.facebook.com\/plugins\/video.php?href=https%3A%2F%2Fwww.facebook.com%2FBenjaminRoblesOaxaca%2Fvideos%2F504819129712175%2F&amp;show_text=0&amp;width=560\" width=\"560\" height=\"315\" frameborder=\"0\" scrolling=\"no\" allowfullscreen=\"allowfullscreen\"><\/iframe><br \/>\n<a href=\"http:\/\/www.eloriente.net\/home\/wp-content\/uploads\/2016\/08\/BENJAMI\u0301N-ROBLES-MENSAJE.png\" rel=\"attachment wp-att-44606\"><img loading=\"lazy\" decoding=\"async\" class=\"alignnone size-medium wp-image-44606\" src=\"http:\/\/www.eloriente.net\/home\/wp-content\/uploads\/2016\/08\/BENJAMI\u0301N-ROBLES-MENSAJE-300x168.png\" alt=\"BENJAMI\u0301N ROBLES MENSAJE\" width=\"300\" height=\"168\" srcset=\"https:\/\/www.eloriente.net\/home\/wp-content\/uploads\/2016\/08\/BENJAMI\u0301N-ROBLES-MENSAJE-300x168.png 300w, https:\/\/www.eloriente.net\/home\/wp-content\/uploads\/2016\/08\/BENJAMI\u0301N-ROBLES-MENSAJE.png 431w\" sizes=\"(max-width: 300px) 100vw, 300px\" \/><\/a><\/p>\n<p><strong>OTRAS ENTRADAS:<\/strong><\/p>\n<div class=\"featuredpost\">\n<h2 class=\"posttitle \"><a title=\"Enlace Permanente a Gobierno negocia la Ley con quienes la violan: Aguilar Cam\u00edn\" href=\"http:\/\/www.eloriente.net\/home\/2016\/08\/09\/gobierno-negocia-la-ley-con-quienes-la-violan-aguilar-camin\/\" rel=\"bookmark\">Gobierno negocia la Ley con quienes la violan: Aguilar Cam\u00edn<\/a><\/h2>\n<p>eloriente.net\/@aguilarcamin 9 de agosto de 2016 El escritor e historiador H\u00e9ctor Aguilar Cam\u00edn, public\u00f3 la noche de ayer 10 mensajes en twitter, en\u2026<\/p>\n<p class=\"postmeta\"><span class=\"meta_date\">agosto 9, 2016<\/span><\/p>\n<div class=\"toolbar-social\">\n<div class=\"social-widget\">\n<div id=\"sharing-widget\"><a class=\"button icon-share\">Compartir<\/a><\/div>\n<\/div>\n<\/div>\n<\/div>\n<div class=\"featuredpost lastpost\">\n<p><a href=\"http:\/\/www.eloriente.net\/home\/2016\/08\/08\/videocolumna-la-diversidad-musical-por-victor-martinez\/\" rel=\"bookmark\"><img decoding=\"async\" class=\"alignleft\" title=\"VIDEOCOLUMNA: La diversidad musical. Por V\u00edctor Mart\u00ednez\" src=\"http:\/\/www.eloriente.net\/home\/wp-content\/themes\/city-desk\/timthumb.php?src=http%3A%2F%2Fwww.eloriente.net%2Fhome%2Fwp-content%2Fuploads%2F2016%2F08%2FVICTOR-MARTI%CC%81NEZ-8-DE-AGOSTO-1-e1470677738215.jpg&amp;q=90&amp;w=90&amp;h=83&amp;zc=1\" alt=\"VIDEOCOLUMNA: La diversidad musical. Por V\u00edctor Mart\u00ednez\" \/><\/a><\/p>\n<h2 class=\"posttitle \"><a title=\"Enlace Permanente a VIDEOCOLUMNA: La diversidad musical. Por V\u00edctor Mart\u00ednez\" href=\"http:\/\/www.eloriente.net\/home\/2016\/08\/08\/videocolumna-la-diversidad-musical-por-victor-martinez\/\" rel=\"bookmark\">VIDEOCOLUMNA: La diversidad musical. Por V\u00edctor Mart\u00ednez<\/a><\/h2>\n<p>eloriente.net 8 de agosto de 2016 OTRAS COLUMNAS, DAR CLICK SOBRE LA IMAGEN: Share\u2026<\/p>\n<p class=\"postmeta\"><span class=\"meta_date\">agosto 8, 2016<\/span><\/p>\n<\/div>\n<p>&nbsp;<\/p>\n\n\t\t\t  <div \n\t\t\t  \tclass = \"fb-comments\" \n\t\t\t  \tdata-href = \"https:\/\/www.eloriente.net\/home\/2016\/08\/20\/oaxaca-necesitamos-clases-y-tambien-justicia-benjamin-robles\/\"\n\t\t\t  \tdata-numposts = \"10\"\n\t\t\t\tdata-colorscheme = \"dark\"\n\t\t\t\tdata-order-by = \"social\"\n\t\t\t\tdata-mobile=true>\n\t\t\t  <\/div>\n\t\t  <style>\n\t\t\t.fb_iframe_widget_fluid_desktop iframe {\n\t\t\t    width: 100% !important;\n\t\t\t}\n\t\t  <\/style>\n\t\t  ","protected":false},"excerpt":{"rendered":"<p>(www.eloriente.net, M\u00e9xico, 20 de agosto de 2015. Por. Carlos Guti\u00e9rrez).- \u00abNo es humano, ni \u00e9tico, ni permisible,\u00a0que se da\u00f1en derechos de ciudadanas y ciudadanos\u00a0que tambi\u00e9n est\u00e1n sufriendo para ganarse el pan de cada d\u00eda\u00bb, se\u00f1al\u00f3 en un video publicado en sus redes sociales, Benjam\u00edn Robles Montoya, Senador por el estado de Oaxaca y Comisionado Pol\u00edtico [&hellip;]<\/p>\n","protected":false},"author":1,"featured_media":44606,"comment_status":"open","ping_status":"open","sticky":false,"template":"","format":"standard","meta":{"_jetpack_memberships_contains_paid_content":false,"footnotes":""},"categories":[2434,29,22,32,63,10,464,21],"tags":[3762,6877,6875,6876],"class_list":["post-44605","post","type-post","status-publish","format-standard","has-post-thumbnail","hentry","category-lunesdepolitica","category-capital","category-derechos-humanos","category-entradas","category-estados","category-lo-mas-reciente","category-oaxaca-estados","category-politica-y-gobierno","tag-educacion-en-oaxaca","tag-empresarios-oaxaca","tag-inicio-de-clases","tag-seccion-22-en-oaxaca"],"jetpack_featured_media_url":"https:\/\/www.eloriente.net\/home\/wp-content\/uploads\/2016\/08\/BENJAMI\u0301N-ROBLES-MENSAJE.png","jetpack_sharing_enabled":true,"_links":{"self":[{"href":"https:\/\/www.eloriente.net\/home\/wp-json\/wp\/v2\/posts\/44605"}],"collection":[{"href":"https:\/\/www.eloriente.net\/home\/wp-json\/wp\/v2\/posts"}],"about":[{"href":"https:\/\/www.eloriente.net\/home\/wp-json\/wp\/v2\/types\/post"}],"author":[{"embeddable":true,"href":"https:\/\/www.eloriente.net\/home\/wp-json\/wp\/v2\/users\/1"}],"replies":[{"embeddable":true,"href":"https:\/\/www.eloriente.net\/home\/wp-json\/wp\/v2\/comments?post=44605"}],"version-history":[{"count":2,"href":"https:\/\/www.eloriente.net\/home\/wp-json\/wp\/v2\/posts\/44605\/revisions"}],"predecessor-version":[{"id":44610,"href":"https:\/\/www.eloriente.net\/home\/wp-json\/wp\/v2\/posts\/44605\/revisions\/44610"}],"wp:featuredmedia":[{"embeddable":true,"href":"https:\/\/www.eloriente.net\/home\/wp-json\/wp\/v2\/media\/44606"}],"wp:attachment":[{"href":"https:\/\/www.eloriente.net\/home\/wp-json\/wp\/v2\/media?parent=44605"}],"wp:term":[{"taxonomy":"category","embeddable":true,"href":"https:\/\/www.eloriente.net\/home\/wp-json\/wp\/v2\/categories?post=44605"},{"taxonomy":"post_tag","embeddable":true,"href":"https:\/\/www.eloriente.net\/home\/wp-json\/wp\/v2\/tags?post=44605"}],"curies":[{"name":"wp","href":"https:\/\/api.w.org\/{rel}","templated":true}]}}