{"id":44753,"date":"2016-09-02T11:18:14","date_gmt":"2016-09-02T17:18:14","guid":{"rendered":"http:\/\/www.eloriente.net\/home\/?p=44753"},"modified":"2016-09-04T09:46:53","modified_gmt":"2016-09-04T15:46:53","slug":"viernesdefelicidad-sonrisas-que-curan","status":"publish","type":"post","link":"https:\/\/www.eloriente.net\/home\/2016\/09\/02\/viernesdefelicidad-sonrisas-que-curan\/","title":{"rendered":"#ViernesdeFelicidad: Sonrisas que curan"},"content":{"rendered":"<p><script src=\"\/\/pagead2.googlesyndication.com\/pagead\/js\/adsbygoogle.js\" async=\"\"><\/script><!-- BANNER ELORIENTE INCRUSTADO NOTAS --> <ins class=\"adsbygoogle\" style=\"display: inline-block; width: 300px; height: 250px;\" data-ad-client=\"ca-pub-1136171134853753\" data-ad-slot=\"7974633627\"><\/ins><script>\/\/ <![CDATA[\n(adsbygoogle = window.adsbygoogle || []).push({});\n\/\/ ]]><\/script><br \/>\n(www.eloriente.net, M\u00e9xico a 2 de Septiembre de 2016).- Por Jessica Lamadrid<\/p>\n<p>El proyecto Doctor Sonrisas nace en el an\u0303o 2003, este se enfoca en nin\u0303os que padecen enfermedades que ponen en riesgo su vida durante el tratamiento de enfermedades como ca\u0301ncer, VIH sida, fibrosis qui\u0301stica, entre otras.<\/p>\n<p>Lo que buscan es cambiar el dolor y sufrimiento que atraviesan los ni\u00f1os por momentos de diversi\u00f3n y alegr\u00eda, para que ellos y su familia mejoren emocionalmente.<br \/>\n<script src=\"\/\/pagead2.googlesyndication.com\/pagead\/js\/adsbygoogle.js\" async=\"\"><\/script><!-- BANNER PEQUE\u00d1O PARA ENTRENOTAS EL ORIENTE --> <ins class=\"adsbygoogle\" style=\"display: inline-block; width: 468px; height: 60px;\" data-ad-client=\"ca-pub-1136171134853753\" data-ad-slot=\"4953536424\"><\/ins><script>\/\/ <![CDATA[\n(adsbygoogle = window.adsbygoogle || []).push({});\n\/\/ ]]><\/script><br \/>\nLa asociaci\u00f3n logra su objetivo mediante alianzas con el gobierno, empresas, hospitales e instituciones p\u00fablicas para brindar un apoyo especializado a los pacientes.<\/p>\n<p>Sin embargo, otra de las cosas que hace esta asociaci\u00f3n es buscar voluntarios para realizar actividades con los ni\u00f1os o para apoyar con peque\u00f1as donaciones en especie como juguetes o algo que necesiten las familias, materiales para los eventos de los ni\u00f1os, etc., con el objetivo de crear conciencia y responsabilidad social en la poblaci\u00f3n a trav\u00e9s de esta participaci\u00f3n activa.<\/p>\n<p>Desde hace un tiempo, el proyecto lleg\u00f3 a Oaxaca para realizar su labor dentro de lo que es el Hospital Civil, te compartimos una muestra de su trabajo en el estado con las siguientes fotograf\u00edas; de la misma forma si quieres formar parte de este equipo como voluntario te dejamos la <a href=\"http:\/\/www.drsonrisas.org\/inicio\" target=\"_blank\">p\u00e1gina<\/a> oficial del proyecto y el <a href=\"https:\/\/www.facebook.com\/drsonrisasoaxaca\/?fref=ts\" target=\"_blank\">Facebook<\/a> de la filial en el estado.<\/p>\n<p>&nbsp;<\/p>\n<p>https:\/\/twitter.com\/DrSonrisa\/status\/764167071605415941<\/p>\n<div class=\"featuredpost\"><\/div>\n<div class=\"featuredpost\">OTRAS ENTRADAS:<\/div>\n<div class=\"featuredpost\"><\/div>\n<div class=\"featuredpost\">\n<div class=\"flow_hide\">\n<p><a href=\"http:\/\/www.eloriente.net\/home\/2016\/09\/01\/videocolumna-en-busca-de-respuestas-un-libro-sobre-liderazgo\/\" rel=\"bookmark\"><img decoding=\"async\" class=\"alignleft\" title=\"VIDEOCOLUMNA: En busca de respuestas, un libro sobre liderazgo\" src=\"http:\/\/www.eloriente.net\/home\/wp-content\/themes\/city-desk\/timthumb.php?src=http%3A%2F%2Fwww.eloriente.net%2Fhome%2Fwp-content%2Fuploads%2F2016%2F09%2FALEJANDRA-SILVA-1-DE-SEPTIEMBRE-1-e1472771871879.jpg&amp;q=90&amp;w=70&amp;h=45&amp;zc=1\" alt=\"VIDEOCOLUMNA: En busca de respuestas, un libro sobre liderazgo\" \/><\/a><\/p>\n<h2 class=\"posttitle \"><a title=\"Enlace Permanente a VIDEOCOLUMNA: En busca de respuestas, un libro sobre liderazgo\" href=\"http:\/\/www.eloriente.net\/home\/2016\/09\/01\/videocolumna-en-busca-de-respuestas-un-libro-sobre-liderazgo\/\" rel=\"bookmark\">VIDEOCOLUMNA: En busca de respuestas, un libro sobre liderazgo<\/a><\/h2>\n<\/div>\n<p>eloriente.net 1 de septiembre de 2016 OTRAS COLUMNAS, DAR CLICK SOBRE LA IMAGEN: Share\u2026<\/p>\n<p class=\"postmeta\"><span class=\"meta_date\">septiembre 1, 2016<\/span><\/p>\n<div class=\"toolbar-social\"><\/div>\n<\/div>\n<div class=\"featuredpost\">\n<div class=\"flow_hide\">\n<p><a href=\"http:\/\/www.eloriente.net\/home\/2016\/09\/01\/videocolumna-las-desapariciones-forzadas-en-mexico-por-rodolfo-moreno\/\" rel=\"bookmark\"><img decoding=\"async\" class=\"alignleft\" title=\"VIDEOCOLUMNA: Las desapariciones forzadas en M\u00e9xico. Por Rodolfo Moreno\" src=\"http:\/\/www.eloriente.net\/home\/wp-content\/themes\/city-desk\/timthumb.php?src=http%3A%2F%2Fwww.eloriente.net%2Fhome%2Fwp-content%2Fuploads%2F2016%2F09%2FRODOLFO-MORENO-31-DE-AGOSTO-1-e1472765577706.jpg&amp;q=90&amp;w=70&amp;h=45&amp;zc=1\" alt=\"VIDEOCOLUMNA: Las desapariciones forzadas en M\u00e9xico. Por Rodolfo Moreno\" \/><\/a><\/p>\n<h2 class=\"posttitle \"><a title=\"Enlace Permanente a VIDEOCOLUMNA: Las desapariciones forzadas en M\u00e9xico. Por Rodolfo Moreno\" href=\"http:\/\/www.eloriente.net\/home\/2016\/09\/01\/videocolumna-las-desapariciones-forzadas-en-mexico-por-rodolfo-moreno\/\" rel=\"bookmark\">VIDEOCOLUMNA: Las desapariciones forzadas en M\u00e9xico. Por Rodolfo Moreno<\/a><\/h2>\n<\/div>\n<p>eloriente.net 1 de septiembre de 2016 Share\u2026<\/p>\n<p class=\"postmeta\"><span class=\"meta_date\">septiembre 1, 2016<\/span><\/p>\n<div class=\"toolbar-social\"><\/div>\n<\/div>\n<div class=\"featuredpost\">\n<div class=\"flow_hide\">\n<p><a href=\"http:\/\/www.eloriente.net\/home\/2016\/09\/01\/cultura-reporte-arete-digital-sobre-gestion-cultural-septiembre-2016\/\" rel=\"bookmark\"><img decoding=\"async\" class=\"alignleft\" title=\"CULTURA: Reporte Aret\u00e9 Digital sobre gesti\u00f3n cultural, septiembre 2016\" src=\"http:\/\/www.eloriente.net\/home\/wp-content\/themes\/city-desk\/timthumb.php?src=http%3A%2F%2Fwww.eloriente.net%2Fhome%2Fwp-content%2Fuploads%2F2016%2F09%2F4024751175_6a87b82652_o.jpg&amp;q=90&amp;w=70&amp;h=45&amp;zc=1\" alt=\"CULTURA: Reporte Aret\u00e9 Digital sobre gesti\u00f3n cultural, septiembre 2016\" \/><\/a><\/p>\n<h2 class=\"posttitle \"><a title=\"Enlace Permanente a CULTURA: Reporte Aret\u00e9 Digital sobre gesti\u00f3n cultural, septiembre 2016\" href=\"http:\/\/www.eloriente.net\/home\/2016\/09\/01\/cultura-reporte-arete-digital-sobre-gestion-cultural-septiembre-2016\/\" rel=\"bookmark\">CULTURA: Reporte Aret\u00e9 Digital sobre gesti\u00f3n cultural, septiembre 2016<\/a><\/h2>\n<\/div>\n<p>(www.eloriente.net, M\u00e9xico, 02 de agosto de 2016).- La Asociaci\u00f3n Espa\u00f1ola de Gestores de Patrimonio Cultural (AEGPC) public\u00f3 su reporte mensual sobre gesti\u00f3n cultural, Aret\u00e9 Digital, noviembre 2015,\u2026<\/p>\n<p class=\"postmeta\"><span class=\"meta_date\">septiembre 1, 2016<\/span><\/p>\n<\/div>\n\n\t\t\t  <div \n\t\t\t  \tclass = \"fb-comments\" \n\t\t\t  \tdata-href = \"https:\/\/www.eloriente.net\/home\/2016\/09\/02\/viernesdefelicidad-sonrisas-que-curan\/\"\n\t\t\t  \tdata-numposts = \"10\"\n\t\t\t\tdata-colorscheme = \"dark\"\n\t\t\t\tdata-order-by = \"social\"\n\t\t\t\tdata-mobile=true>\n\t\t\t  <\/div>\n\t\t  <style>\n\t\t\t.fb_iframe_widget_fluid_desktop iframe {\n\t\t\t    width: 100% !important;\n\t\t\t}\n\t\t  <\/style>\n\t\t  ","protected":false},"excerpt":{"rendered":"<p>(www.eloriente.net, M\u00e9xico a 2 de Septiembre de 2016).- Por Jessica Lamadrid El proyecto Doctor Sonrisas nace en el an\u0303o 2003, este se enfoca en nin\u0303os que padecen enfermedades que ponen en riesgo su vida durante el tratamiento de enfermedades como ca\u0301ncer, VIH sida, fibrosis qui\u0301stica, entre otras. Lo que buscan es cambiar el dolor y [&hellip;]<\/p>\n","protected":false},"author":45,"featured_media":44755,"comment_status":"open","ping_status":"open","sticky":false,"template":"","format":"standard","meta":{"_jetpack_memberships_contains_paid_content":false,"footnotes":""},"categories":[2015,29,22,32,10],"tags":[6924,6233,1104,1646,6923],"class_list":["post-44753","post","type-post","status-publish","format-standard","has-post-thumbnail","hentry","category-viernesdefelicidad","category-capital","category-derechos-humanos","category-entradas","category-lo-mas-reciente","tag-animos","tag-ayuda","tag-doctor","tag-fundacion","tag-sonrisas"],"jetpack_featured_media_url":"https:\/\/www.eloriente.net\/home\/wp-content\/uploads\/2016\/09\/Captura-de-pantalla-2016-09-02-a-las-12.16.04-p.m..png","jetpack_sharing_enabled":true,"_links":{"self":[{"href":"https:\/\/www.eloriente.net\/home\/wp-json\/wp\/v2\/posts\/44753"}],"collection":[{"href":"https:\/\/www.eloriente.net\/home\/wp-json\/wp\/v2\/posts"}],"about":[{"href":"https:\/\/www.eloriente.net\/home\/wp-json\/wp\/v2\/types\/post"}],"author":[{"embeddable":true,"href":"https:\/\/www.eloriente.net\/home\/wp-json\/wp\/v2\/users\/45"}],"replies":[{"embeddable":true,"href":"https:\/\/www.eloriente.net\/home\/wp-json\/wp\/v2\/comments?post=44753"}],"version-history":[{"count":7,"href":"https:\/\/www.eloriente.net\/home\/wp-json\/wp\/v2\/posts\/44753\/revisions"}],"predecessor-version":[{"id":44773,"href":"https:\/\/www.eloriente.net\/home\/wp-json\/wp\/v2\/posts\/44753\/revisions\/44773"}],"wp:featuredmedia":[{"embeddable":true,"href":"https:\/\/www.eloriente.net\/home\/wp-json\/wp\/v2\/media\/44755"}],"wp:attachment":[{"href":"https:\/\/www.eloriente.net\/home\/wp-json\/wp\/v2\/media?parent=44753"}],"wp:term":[{"taxonomy":"category","embeddable":true,"href":"https:\/\/www.eloriente.net\/home\/wp-json\/wp\/v2\/categories?post=44753"},{"taxonomy":"post_tag","embeddable":true,"href":"https:\/\/www.eloriente.net\/home\/wp-json\/wp\/v2\/tags?post=44753"}],"curies":[{"name":"wp","href":"https:\/\/api.w.org\/{rel}","templated":true}]}}