{"id":45349,"date":"2016-10-10T13:40:31","date_gmt":"2016-10-10T19:40:31","guid":{"rendered":"http:\/\/www.eloriente.net\/home\/?p=45349"},"modified":"2016-10-10T13:40:31","modified_gmt":"2016-10-10T19:40:31","slug":"videocolumna-recordando-a-neville-marriner-por-carlos-spindola","status":"publish","type":"post","link":"https:\/\/www.eloriente.net\/home\/2016\/10\/10\/videocolumna-recordando-a-neville-marriner-por-carlos-spindola\/","title":{"rendered":"VIDEOCOLUMNA: Recordando a Neville Marriner. Por Carlos Sp\u00edndola"},"content":{"rendered":"<p><script src=\"\/\/pagead2.googlesyndication.com\/pagead\/js\/adsbygoogle.js\" async=\"\"><\/script><!-- BANNER ELORIENTE INCRUSTADO NOTAS --> <ins class=\"adsbygoogle\" style=\"display: inline-block; width: 300px; height: 250px;\" data-ad-client=\"ca-pub-1136171134853753\" data-ad-slot=\"7974633627\"><\/ins><script>\/\/ <![CDATA[\n(adsbygoogle = window.adsbygoogle || []).push({});\n\/\/ ]]><\/script><\/p>\n<p>&nbsp;<\/p>\n<p>eloriente.net<\/p>\n<p>10 de octubre de 2016<\/p>\n<p>En esta ocasi\u00f3n <a class=\"profileLink\" href=\"https:\/\/www.facebook.com\/carlos.spindola.9\" data-hovercard=\"\/ajax\/hovercard\/user.php?id=602496910\">Carlos Spindola<\/a> nos platica sobre Neville Marriner, destacado Director de Orquesta que falleci\u00f3 el pasado 2 de octubre.<\/p>\n<p><iframe loading=\"lazy\" style=\"border: none; overflow: hidden;\" src=\"https:\/\/www.facebook.com\/plugins\/video.php?href=https%3A%2F%2Fwww.facebook.com%2F443535572345554%2Fvideos%2F1306772556021847%2F&amp;show_text=0&amp;width=560\" width=\"560\" height=\"315\" frameborder=\"0\" scrolling=\"no\" allowfullscreen=\"allowfullscreen\"><\/iframe><\/p>\n<p><script src=\"\/\/pagead2.googlesyndication.com\/pagead\/js\/adsbygoogle.js\" async=\"\"><\/script><!-- BANNER PEQUE\u00d1O PARA ENTRENOTAS EL ORIENTE --> <ins class=\"adsbygoogle\" style=\"display: inline-block; width: 468px; height: 60px;\" data-ad-client=\"ca-pub-1136171134853753\" data-ad-slot=\"4953536424\"><\/ins><script>\/\/ <![CDATA[\n(adsbygoogle = window.adsbygoogle || []).push({});\n\/\/ ]]><\/script><\/p>\n<p>Carlos Sp\u00edndola es Economista por la Universidad Jos\u00e9 Vasconcelos de Oaxaca, adem\u00e1s es maestro en Pol\u00edticas P\u00fablicas por el ITAM. Actualmente conduce los programas \u201cApoteosis, \u00d3pera para todos\u201d y \u201cPaide\u00eda, La Ruta Educativa\u201d, por radio y televisi\u00f3n respectivamente.<\/p>\n<p>Desde hace 16 a\u00f1os escribe la columna \u201cDin\u00e1micas Sonoras\u201d, especializada en m\u00fasica cl\u00e1sica, en el ITAM.<\/p>\n<p><a href=\"http:\/\/www.eloriente.net\/home\/wp-content\/uploads\/2016\/10\/CARLOS-SPI\u0301NDOLA-8-DE-OCTUBRE-1.jpg\" rel=\"attachment wp-att-45350\"><img loading=\"lazy\" decoding=\"async\" class=\"alignnone wp-image-45350\" src=\"http:\/\/www.eloriente.net\/home\/wp-content\/uploads\/2016\/10\/CARLOS-SPI\u0301NDOLA-8-DE-OCTUBRE-1.jpg\" alt=\"carlos-spindola-8-de-octubre\" width=\"601\" height=\"338\" srcset=\"https:\/\/www.eloriente.net\/home\/wp-content\/uploads\/2016\/10\/CARLOS-SPI\u0301NDOLA-8-DE-OCTUBRE-1.jpg 1920w, https:\/\/www.eloriente.net\/home\/wp-content\/uploads\/2016\/10\/CARLOS-SPI\u0301NDOLA-8-DE-OCTUBRE-1-300x169.jpg 300w, https:\/\/www.eloriente.net\/home\/wp-content\/uploads\/2016\/10\/CARLOS-SPI\u0301NDOLA-8-DE-OCTUBRE-1-768x432.jpg 768w, https:\/\/www.eloriente.net\/home\/wp-content\/uploads\/2016\/10\/CARLOS-SPI\u0301NDOLA-8-DE-OCTUBRE-1-1024x576.jpg 1024w\" sizes=\"(max-width: 601px) 100vw, 601px\" \/><\/a><\/p>\n<p>A continuaci\u00f3n la selecci\u00f3n que el maestro ha tenido a bien compartirnos:<\/p>\n<div class=\"text_exposed_show\">\n<p>St. Martin in the Fields, Marriner, \u00abFigaro\u00bb Overture<br \/>\n<a href=\"https:\/\/www.youtube.com\/watch?v=rYTd3jWGYik\" target=\"_blank\" rel=\"nofollow\">https:\/\/www.youtube.com\/watch?v=rYTd3jWGYik<\/a><\/p>\n<p>Mozart The Magic Flute Overture Neville Marriner<br \/>\n<a href=\"https:\/\/www.youtube.com\/watch?v=3TZq8u88peo\" target=\"_blank\" rel=\"nofollow\">https:\/\/www.youtube.com\/watch?v=3TZq8u88peo<\/a><\/p>\n<p>Mozart Symphony No. 39 in E-flat major K. 543 Neville Marriner<br \/>\n<a href=\"https:\/\/www.youtube.com\/watch?v=YPIkdurG2s4\" target=\"_blank\" rel=\"nofollow\">https:\/\/www.youtube.com\/watch?v=YPIkdurG2s4<\/a><\/p>\n<p>Amadeus Soundtrack [Special Edition: Director&#8217;s Cut] &#8211; Full CD 1<br \/>\n<a href=\"https:\/\/www.youtube.com\/watch?v=YY4TqSfrheM\" target=\"_blank\" rel=\"nofollow\">https:\/\/www.youtube.com\/watch?v=YY4TqSfrheM<\/a><\/p>\n<p>my favorite scene from amadeus<br \/>\n<a href=\"https:\/\/www.youtube.com\/watch?v=vNaXQQbcgw0\" target=\"_blank\" rel=\"nofollow\">https:\/\/www.youtube.com\/watch?v=vNaXQQbcgw0<\/a><\/p>\n<p><strong>OTRAS VIDEOCOLUMNAS<\/strong><\/p>\n<div id=\"post-45316\" class=\"entry loop-default border_bottom_30 post-45316 post type-post status-publish format-standard has-post-thumbnail hentry category-alejandro-cruz-pimentel category-alejandro-cruz-pimentel-videoblogs category-colaboradores category-congreso-y-justicia category-entradas category-estados category-oaxaca-estados category-politica-y-gobierno category-videoblogs tag-alejandro-cruz-pimentel tag-reformas tag-transparencia tag-videocolumna\">\n<h2 class=\"entry_title\"><a title=\"Enlace Permanente a VIDEOCOLUMNA: Las reformas estatales \u00bfcontemplan la transparencia y el acceso a la informaci\u00f3n? Por Alejandro Cruz Pimentel\" href=\"http:\/\/www.eloriente.net\/home\/2016\/10\/07\/videocolumna-las-reformas-estatales-contemplan-la-transparencia-y-el-acceso-a-al-informacion-por-alejandro-cruz-pimentel\/\" rel=\"bookmark\">VIDEOCOLUMNA: Las reformas estatales \u00bfcontemplan la transparencia y el acceso a la informaci\u00f3n? Por Alejandro Cruz Pimentel<\/a><\/h2>\n<p><a href=\"http:\/\/www.eloriente.net\/home\/2016\/10\/07\/videocolumna-las-reformas-estatales-contemplan-la-transparencia-y-el-acceso-a-al-informacion-por-alejandro-cruz-pimentel\/\" rel=\"bookmark\"><img decoding=\"async\" class=\"alignleft\" title=\"VIDEOCOLUMNA: Las reformas estatales \u00bfcontemplan la transparencia y el acceso a la informaci\u00f3n? Por Alejandro Cruz Pimentel\" src=\"http:\/\/www.eloriente.net\/home\/wp-content\/themes\/city-desk\/timthumb.php?src=http%3A%2F%2Fwww.eloriente.net%2Fhome%2Fwp-content%2Fuploads%2F2016%2F10%2FALEJANDRO-CRUZ-7-DE-OCTUBRE.jpg&amp;q=90&amp;w=160&amp;h=106&amp;zc=1\" alt=\"VIDEOCOLUMNA: Las reformas estatales \u00bfcontemplan la transparencia y el acceso a la informaci\u00f3n? Por Alejandro Cruz Pimentel\" \/><\/a>\u00a0 eloriente.net 7 de octubre de 2016 \u201cEl gobierno de Gabino Cu\u00e9 desapareci\u00f3 a la Subsecretar\u00eda de Transparencia Gubernamental en el \u00faltimo a\u00f1o de su sexenio, me atrevo a decir que fue utilizada para impulsar a su titular a ocupar un lugar en el \u00f3rgano garante.\u201d Alejandro S Cruz Pimentel habla en su videocolumna sobre [\u2026]<\/p>\n<div class=\"toolbar-social\"><\/div>\n<p class=\"postmeta\"><span class=\"meta_date\">octubre 7, 2016<\/span><\/p>\n<p class=\"postmeta\">\n<\/div>\n<div id=\"post-45291\" class=\"entry loop-default border_bottom_30 post-45291 post type-post status-publish format-standard has-post-thumbnail hentry category-miercolesdeeconomia category-entradas category-lo-mas-reciente category-politica-y-gobierno category-principal category-rodolfo-moreno category-turismo-y-negocios category-videoblogs tag-dolar tag-finanzas tag-moneda tag-rodolfo-moreno tag-videocolumna\">\n<h2 class=\"entry_title\"><a title=\"Enlace Permanente a VIDEOCOLUMNA: Es necesario que revaloren la posibilidad de una nueva ley monetaria en M\u00e9xico. Por Rodolfo Moreno\" href=\"http:\/\/www.eloriente.net\/home\/2016\/10\/06\/videocolumna-es-necesario-que-revaloren-la-posibilidad-de-una-nueva-ley-monetaria-en-mexico-por-rodolfo-moreno\/\" rel=\"bookmark\">VIDEOCOLUMNA: Es necesario que revaloren la posibilidad de una nueva ley monetaria en M\u00e9xico. Por Rodolfo Moreno<\/a><\/h2>\n<p><a href=\"http:\/\/www.eloriente.net\/home\/2016\/10\/06\/videocolumna-es-necesario-que-revaloren-la-posibilidad-de-una-nueva-ley-monetaria-en-mexico-por-rodolfo-moreno\/\" rel=\"bookmark\"><img decoding=\"async\" class=\"alignleft\" title=\"VIDEOCOLUMNA: Es necesario que revaloren la posibilidad de una nueva ley monetaria en M\u00e9xico. Por Rodolfo Moreno\" src=\"http:\/\/www.eloriente.net\/home\/wp-content\/themes\/city-desk\/timthumb.php?src=http%3A%2F%2Fwww.eloriente.net%2Fhome%2Fwp-content%2Fuploads%2F2016%2F10%2FRODOLFO-MORENO-6-de-OCTUBRE-1-e1475858406362.jpg&amp;q=90&amp;w=160&amp;h=106&amp;zc=1\" alt=\"VIDEOCOLUMNA: Es necesario que revaloren la posibilidad de una nueva ley monetaria en M\u00e9xico. Por Rodolfo Moreno\" \/><\/a>\u00a0 eloriente.net 6 de octubre de 2016 \u201cEl d\u00f3lar ha subido estrepitosamente. Y \u00bfQu\u00e9 podemos hacer al respecto con una moneda mexicana que parece no funcionar?\u201d Esta semana el doctor Rodolfo Moreno nos pone ejemplos de monedas alternativas que han surgido en M\u00e9xico y en el mundo para contrarrestar estas crisis econ\u00f3micas. Rodolfo Moreno Cruz [\u2026]<\/p>\n<div class=\"toolbar-social\"><\/div>\n<p class=\"postmeta\"><span class=\"meta_date\">octubre 6, 2016<\/span><\/p>\n<p class=\"postmeta\">\n<\/div>\n<div id=\"post-45270\" class=\"entry loop-default border_bottom_30 post-45270 post type-post status-publish format-standard has-post-thumbnail hentry category-entradas category-salud-y-estilo-de-vida category-lo-mas-reciente category-principal category-rebeca-garza category-videoblogs\">\n<h2 class=\"entry_title\"><a title=\"Enlace Permanente a VIDEOCOLUMNA: M\u00e9xico, el segundo pa\u00eds m\u00e1s transfeminicida del Mundo. Por Rebeca Garza\" href=\"http:\/\/www.eloriente.net\/home\/2016\/10\/05\/videocolumna-mexico-el-segundo-pais-mas-transfeminicida-del-mundo-por-rebeca-garza\/\" rel=\"bookmark\">VIDEOCOLUMNA: M\u00e9xico, el segundo pa\u00eds m\u00e1s transfeminicida del Mundo. Por Rebeca Garza<\/a><\/h2>\n<p><a href=\"http:\/\/www.eloriente.net\/home\/2016\/10\/05\/videocolumna-mexico-el-segundo-pais-mas-transfeminicida-del-mundo-por-rebeca-garza\/\" rel=\"bookmark\"><img decoding=\"async\" class=\"alignleft\" title=\"VIDEOCOLUMNA: M\u00e9xico, el segundo pa\u00eds m\u00e1s transfeminicida del Mundo. Por Rebeca Garza\" src=\"http:\/\/www.eloriente.net\/home\/wp-content\/themes\/city-desk\/timthumb.php?src=http%3A%2F%2Fwww.eloriente.net%2Fhome%2Fwp-content%2Fuploads%2F2016%2F10%2FREBECA-GARZA-5-DE-OCTUBRE-1-e1475709823584.jpg&amp;q=90&amp;w=160&amp;h=106&amp;zc=1\" alt=\"VIDEOCOLUMNA: M\u00e9xico, el segundo pa\u00eds m\u00e1s transfeminicida del Mundo. Por Rebeca Garza\" \/><\/a>\u00a0 eloriente.net 5 de octubre de 2016 eloriente.net 28 de septiembre de 2016 En esta ocasi\u00f3n Rebeca Garza nos comparte estad\u00edsticas del \u201cMonitoreo de asesinatos de personas trans\u201d de Transgender Europe, donde se muestra a M\u00e9xico como el segundo pa\u00eds con m\u00e1s transfeminicidios en el mundo. Rebeca Garza, mujer trans y funcionaria electoral con 15 [\u2026]<\/p>\n<\/div>\n<\/div>\n\n\t\t\t  <div \n\t\t\t  \tclass = \"fb-comments\" \n\t\t\t  \tdata-href = \"https:\/\/www.eloriente.net\/home\/2016\/10\/10\/videocolumna-recordando-a-neville-marriner-por-carlos-spindola\/\"\n\t\t\t  \tdata-numposts = \"10\"\n\t\t\t\tdata-colorscheme = \"dark\"\n\t\t\t\tdata-order-by = \"social\"\n\t\t\t\tdata-mobile=true>\n\t\t\t  <\/div>\n\t\t  <style>\n\t\t\t.fb_iframe_widget_fluid_desktop iframe {\n\t\t\t    width: 100% !important;\n\t\t\t}\n\t\t  <\/style>\n\t\t  ","protected":false},"excerpt":{"rendered":"<p>&nbsp; eloriente.net 10 de octubre de 2016 En esta ocasi\u00f3n Carlos Spindola nos platica sobre Neville Marriner, destacado Director de Orquesta que falleci\u00f3 el pasado 2 de octubre. Carlos Sp\u00edndola es Economista por la Universidad Jos\u00e9 Vasconcelos de Oaxaca, adem\u00e1s es maestro en Pol\u00edticas P\u00fablicas por el ITAM. Actualmente conduce los programas \u201cApoteosis, \u00d3pera para [&hellip;]<\/p>\n","protected":false},"author":44,"featured_media":45351,"comment_status":"open","ping_status":"open","sticky":false,"template":"","format":"standard","meta":{"_jetpack_memberships_contains_paid_content":false,"footnotes":""},"categories":[624,5,6206,1973,18,32,10,98],"tags":[7077,3396,1976,7076,6224],"class_list":["post-45349","post","type-post","status-publish","format-standard","has-post-thumbnail","hentry","category-articulistas","category-canal-3-musica","category-carlos-spindola-perez-guerrero-videoblogs","category-carlos-spindola-perez-guerrero","category-educacion-y-cultura","category-entradas","category-lo-mas-reciente","category-videoblogs","tag-amadeus","tag-carlos-spindola","tag-musica-clasica","tag-neville-marriner","tag-videocolumna"],"jetpack_featured_media_url":"https:\/\/www.eloriente.net\/home\/wp-content\/uploads\/2016\/10\/CARLOS-SPI\u0301NDOLA-8-DE-OCTUBRE-2-e1476128263289.jpg","jetpack_sharing_enabled":true,"_links":{"self":[{"href":"https:\/\/www.eloriente.net\/home\/wp-json\/wp\/v2\/posts\/45349"}],"collection":[{"href":"https:\/\/www.eloriente.net\/home\/wp-json\/wp\/v2\/posts"}],"about":[{"href":"https:\/\/www.eloriente.net\/home\/wp-json\/wp\/v2\/types\/post"}],"author":[{"embeddable":true,"href":"https:\/\/www.eloriente.net\/home\/wp-json\/wp\/v2\/users\/44"}],"replies":[{"embeddable":true,"href":"https:\/\/www.eloriente.net\/home\/wp-json\/wp\/v2\/comments?post=45349"}],"version-history":[{"count":1,"href":"https:\/\/www.eloriente.net\/home\/wp-json\/wp\/v2\/posts\/45349\/revisions"}],"predecessor-version":[{"id":45352,"href":"https:\/\/www.eloriente.net\/home\/wp-json\/wp\/v2\/posts\/45349\/revisions\/45352"}],"wp:featuredmedia":[{"embeddable":true,"href":"https:\/\/www.eloriente.net\/home\/wp-json\/wp\/v2\/media\/45351"}],"wp:attachment":[{"href":"https:\/\/www.eloriente.net\/home\/wp-json\/wp\/v2\/media?parent=45349"}],"wp:term":[{"taxonomy":"category","embeddable":true,"href":"https:\/\/www.eloriente.net\/home\/wp-json\/wp\/v2\/categories?post=45349"},{"taxonomy":"post_tag","embeddable":true,"href":"https:\/\/www.eloriente.net\/home\/wp-json\/wp\/v2\/tags?post=45349"}],"curies":[{"name":"wp","href":"https:\/\/api.w.org\/{rel}","templated":true}]}}