{"id":45421,"date":"2016-10-14T18:04:30","date_gmt":"2016-10-15T00:04:30","guid":{"rendered":"http:\/\/www.eloriente.net\/home\/?p=45421"},"modified":"2016-10-15T10:24:40","modified_gmt":"2016-10-15T16:24:40","slug":"videocolumna-la-historia-de-azul-por-juan-pablo-vasconcelos","status":"publish","type":"post","link":"https:\/\/www.eloriente.net\/home\/2016\/10\/14\/videocolumna-la-historia-de-azul-por-juan-pablo-vasconcelos\/","title":{"rendered":"VIDEOCOLUMNA: La historia de Azul. Por Juan Pablo Vasconcelos"},"content":{"rendered":"<p><script src=\"\/\/pagead2.googlesyndication.com\/pagead\/js\/adsbygoogle.js\" async=\"\"><\/script><!-- BANNER ELORIENTE INCRUSTADO NOTAS --> <ins class=\"adsbygoogle\" style=\"display: inline-block; width: 300px; height: 250px;\" data-ad-client=\"ca-pub-1136171134853753\" data-ad-slot=\"7974633627\"><\/ins><script>\/\/ <![CDATA[\n(adsbygoogle = window.adsbygoogle || []).push({});\n\/\/ ]]><\/script><\/p>\n<p>&nbsp;<\/p>\n<p>eloriente.net<\/p>\n<p>14 de octubre de 2016<\/p>\n<p>\u201cEl pasado 26 de septiembre, con 2 a\u00f1os de edad, Azul fue raptada en la Colonia Reforma de la capital de Oaxaca.<br \/>\nHoras m\u00e1s tarde, gracias a una inusitada movilizaci\u00f3n ciudadana a trav\u00e9s de las redes sociales, fue reconocida por una mujer en la Colonia Siete Regiones, mientras deambulaba en soledad\u201d.<\/p>\n<p><iframe loading=\"lazy\" src=\"https:\/\/www.youtube.com\/embed\/gEVMGNzm8WE\" width=\"560\" height=\"315\" frameborder=\"0\" allowfullscreen=\"allowfullscreen\"><\/iframe><\/p>\n<p><script src=\"\/\/pagead2.googlesyndication.com\/pagead\/js\/adsbygoogle.js\" async=\"\"><\/script><!-- BANNER PEQUE\u00d1O PARA ENTRENOTAS EL ORIENTE --> <ins class=\"adsbygoogle\" style=\"display: inline-block; width: 468px; height: 60px;\" data-ad-client=\"ca-pub-1136171134853753\" data-ad-slot=\"4953536424\"><\/ins><script>\/\/ <![CDATA[\n(adsbygoogle = window.adsbygoogle || []).push({});\n\/\/ ]]><\/script><\/p>\n<p>&nbsp;<\/p>\n<p>Juan Pablo Vasconcelos (<a href=\"https:\/\/twitter.com\/JPVmx\" target=\"_blank\">@JPVmx<\/a>) es Magister en Gesti\u00f3n Cultural por el Instituto Jos\u00e9 Ortega y Gasset de Madrid.<\/p>\n<p>Premio Nacional de Poes\u00eda Tintanueva 2000 por La Siembra. Autor de Los Ojos de la M\u00e1scara y Alevos\u00eda.<\/p>\n<p>Para ver m\u00e1s en <a href=\"http:\/\/www.elem.mx\/autor\/datos\/118804\" target=\"_blank\">Enciclopedia de la Literatura Mexicana<\/a>.<\/p>\n<p><a href=\"http:\/\/www.eloriente.net\/home\/wp-content\/uploads\/2016\/10\/Juan-Pablo-Vasconcelos.png\" rel=\"attachment wp-att-45426\"><img loading=\"lazy\" decoding=\"async\" class=\"alignnone wp-image-45426\" src=\"http:\/\/www.eloriente.net\/home\/wp-content\/uploads\/2016\/10\/Juan-Pablo-Vasconcelos.png\" alt=\"juan-pablo-vasconcelos\" width=\"500\" height=\"332\" srcset=\"https:\/\/www.eloriente.net\/home\/wp-content\/uploads\/2016\/10\/Juan-Pablo-Vasconcelos.png 1063w, https:\/\/www.eloriente.net\/home\/wp-content\/uploads\/2016\/10\/Juan-Pablo-Vasconcelos-300x199.png 300w, https:\/\/www.eloriente.net\/home\/wp-content\/uploads\/2016\/10\/Juan-Pablo-Vasconcelos-768x510.png 768w, https:\/\/www.eloriente.net\/home\/wp-content\/uploads\/2016\/10\/Juan-Pablo-Vasconcelos-1024x680.png 1024w\" sizes=\"(max-width: 500px) 100vw, 500px\" \/><\/a><\/p>\n<p>&nbsp;<\/p>\n<p>&nbsp;<\/p>\n<p>&nbsp;<\/p>\n<p><strong>OTRAS VIDEOCOLUMNAS\u00a0<\/strong><\/p>\n<div id=\"post-45418\" class=\"entry loop-default border_bottom_30 post-45418 post type-post status-publish format-standard has-post-thumbnail hentry category-alejandro-cruz-pimentel category-alejandro-cruz-pimentel-videoblogs category-colaboradores category-congreso-y-justicia category-entradas category-lo-mas-reciente category-politica-y-gobierno category-videoblogs tag-alejandro-cruz tag-alejandro-cruz-pimentel tag-presupuesto-de-egresos-de-la-federacion\">\n<h2 class=\"entry_title\"><a title=\"Enlace Permanente a VIDEOCOLUMNA: \u00bfQu\u00e9 es el Presupuesto de Egresos de la Federaci\u00f3n? Por Alejandro Cruz Pimentel\" href=\"http:\/\/www.eloriente.net\/home\/2016\/10\/14\/videocolumna-que-es-el-presupuesto-de-egresos-de-la-federacion-por-alejandro-cruz-pimentel\/\" rel=\"bookmark\">VIDEOCOLUMNA: \u00bfQu\u00e9 es el Presupuesto de Egresos de la Federaci\u00f3n? Por Alejandro Cruz Pimentel<\/a><\/h2>\n<p><a href=\"http:\/\/www.eloriente.net\/home\/2016\/10\/14\/videocolumna-que-es-el-presupuesto-de-egresos-de-la-federacion-por-alejandro-cruz-pimentel\/\" rel=\"bookmark\"><img decoding=\"async\" class=\"alignleft\" title=\"VIDEOCOLUMNA: \u00bfQu\u00e9 es el Presupuesto de Egresos de la Federaci\u00f3n? Por Alejandro Cruz Pimentel\" src=\"http:\/\/www.eloriente.net\/home\/wp-content\/themes\/city-desk\/timthumb.php?src=http%3A%2F%2Fwww.eloriente.net%2Fhome%2Fwp-content%2Fuploads%2F2016%2F10%2FALEJANDRO-CRUZ-14-DE-OCTUBRE.jpg&amp;q=90&amp;w=160&amp;h=106&amp;zc=1\" alt=\"VIDEOCOLUMNA: \u00bfQu\u00e9 es el Presupuesto de Egresos de la Federaci\u00f3n? Por Alejandro Cruz Pimentel\" \/><\/a>\u00a0 eloriente.net 14 de octubre de 2016 \u201cLos ciudadanos queremos que negocien un presupuesto que cambie la calidad de vida de sus representados y no que negocien programas para impulsar sus aspiraciones pol\u00edticas.\u201d Esta semana Alejandro S Cruz Pimentel toca el tema del Presupuesto de Egresos de la Federaci\u00f3n. Nos explica en qu\u00e9 consiste, desde [\u2026]<\/p>\n<div class=\"toolbar-social\"><\/div>\n<p class=\"postmeta\"><span class=\"meta_date\">octubre 14, 2016<\/span><\/p>\n<\/div>\n<div id=\"post-45397\" class=\"entry loop-default border_bottom_30 post-45397 post type-post status-publish format-standard has-post-thumbnail hentry category-entradas category-lo-mas-reciente category-principal category-salud category-videoblogs tag-aspectos-positivos tag-bienestar tag-ursula-woolrich tag-videocolumna\">\n<h2 class=\"entry_title\"><a title=\"Enlace Permanente a VIDEOCOLUMNA: Encuentra los aspectos positivos de tu persona. Por \u00darsula Woolrich\" href=\"http:\/\/www.eloriente.net\/home\/2016\/10\/13\/videocolumna-encuentra-los-aspectos-positivos-de-tu-persona-por-ursula-woolrich\/\" rel=\"bookmark\">VIDEOCOLUMNA: Encuentra los aspectos positivos de tu persona. Por \u00darsula Woolrich<\/a><\/h2>\n<p><a href=\"http:\/\/www.eloriente.net\/home\/2016\/10\/13\/videocolumna-encuentra-los-aspectos-positivos-de-tu-persona-por-ursula-woolrich\/\" rel=\"bookmark\"><img decoding=\"async\" class=\"alignleft\" title=\"VIDEOCOLUMNA: Encuentra los aspectos positivos de tu persona. Por \u00darsula Woolrich\" src=\"http:\/\/www.eloriente.net\/home\/wp-content\/themes\/city-desk\/timthumb.php?src=http%3A%2F%2Fwww.eloriente.net%2Fhome%2Fwp-content%2Fuploads%2F2016%2F10%2FU%CC%81RSULA-WOOLRICH-13-DE-OCTUBRE-1-e1476462356670.jpg&amp;q=90&amp;w=160&amp;h=106&amp;zc=1\" alt=\"VIDEOCOLUMNA: Encuentra los aspectos positivos de tu persona. Por \u00darsula Woolrich\" \/><\/a>\u00a0 eloriente.net 13 de octubre de 2016 Esta semana la Psic\u00f3loga Ursula Woolrich nos da recomendaciones para no encasillarnos en los aspectos negativos que otras personas pueden ver en nosotros. Te dejamos aqu\u00ed los datos de Ursula Woolrich (9512403234) para conferencias y consultas. \u00darsula Woolrich es Psic\u00f3loga con estudios de maestr\u00eda en educaci\u00f3n superior. Diplomada [\u2026]<\/p>\n<div class=\"toolbar-social\"><\/div>\n<p class=\"postmeta\"><span class=\"meta_date\">octubre 13, 2016<\/span><span class=\"meta_comment\"><a href=\"http:\/\/www.eloriente.net\/home\/2016\/10\/13\/videocolumna-encuentra-los-aspectos-positivos-de-tu-persona-por-ursula-woolrich\/#respond\">S<\/a><\/span><\/p>\n<\/div>\n<div id=\"post-45377\" class=\"entry loop-default border_bottom_30 post-45377 post type-post status-publish format-standard has-post-thumbnail hentry category-derechos-humanos category-entradas category-lo-mas-reciente category-politica-y-gobierno category-rebeca-garza category-videoblogs tag-dia-internacional-por-la-despatologizacion-trans tag-rebeca-garza\">\n<h2 class=\"entry_title\"><a title=\"Enlace Permanente a VIDEOCOLUMNA: D\u00eda internacional de Acci\u00f3n por la Despatologizaci\u00f3n trans. Por Rebeca Garza\" href=\"http:\/\/www.eloriente.net\/home\/2016\/10\/12\/videocolumna-dia-internacional-de-accion-por-la-despatologizacion-trans-por-rebeca-garza\/\" rel=\"bookmark\">VIDEOCOLUMNA: D\u00eda internacional de Acci\u00f3n por la Despatologizaci\u00f3n trans. Por Rebeca Garza<\/a><\/h2>\n<p><a href=\"http:\/\/www.eloriente.net\/home\/2016\/10\/12\/videocolumna-dia-internacional-de-accion-por-la-despatologizacion-trans-por-rebeca-garza\/\" rel=\"bookmark\"><img decoding=\"async\" class=\"alignleft\" title=\"VIDEOCOLUMNA: D\u00eda internacional de Acci\u00f3n por la Despatologizaci\u00f3n trans. Por Rebeca Garza\" src=\"http:\/\/www.eloriente.net\/home\/wp-content\/themes\/city-desk\/timthumb.php?src=http%3A%2F%2Fwww.eloriente.net%2Fhome%2Fwp-content%2Fuploads%2F2016%2F10%2FREBECA-GARZA-12-DE-OCTUBRE-2-1-e1476316592472.jpg&amp;q=90&amp;w=160&amp;h=106&amp;zc=1\" alt=\"VIDEOCOLUMNA: D\u00eda internacional de Acci\u00f3n por la Despatologizaci\u00f3n trans. Por Rebeca Garza\" \/><\/a>\u00a0 eloriente.net 12 de octubre de 2016 \u201cLa patologizaci\u00f3n de lo trans alimenta los tent\u00e1culos de la transfobia y el cissexismo al perpetuar ideas donde se considera a la identidad trans como inferior, artificial, falsa o enferma con respecto a la identidad cisg\u00e9nero que se asume superior, natural, verdadera o saludable.\u201d Rebeca Garza nos explica [\u2026]<\/p>\n<\/div>\n\n\t\t\t  <div \n\t\t\t  \tclass = \"fb-comments\" \n\t\t\t  \tdata-href = \"https:\/\/www.eloriente.net\/home\/2016\/10\/14\/videocolumna-la-historia-de-azul-por-juan-pablo-vasconcelos\/\"\n\t\t\t  \tdata-numposts = \"10\"\n\t\t\t\tdata-colorscheme = \"dark\"\n\t\t\t\tdata-order-by = \"social\"\n\t\t\t\tdata-mobile=true>\n\t\t\t  <\/div>\n\t\t  <style>\n\t\t\t.fb_iframe_widget_fluid_desktop iframe {\n\t\t\t    width: 100% !important;\n\t\t\t}\n\t\t  <\/style>\n\t\t  ","protected":false},"excerpt":{"rendered":"<p>&nbsp; eloriente.net 14 de octubre de 2016 \u201cEl pasado 26 de septiembre, con 2 a\u00f1os de edad, Azul fue raptada en la Colonia Reforma de la capital de Oaxaca. Horas m\u00e1s tarde, gracias a una inusitada movilizaci\u00f3n ciudadana a trav\u00e9s de las redes sociales, fue reconocida por una mujer en la Colonia Siete Regiones, mientras [&hellip;]<\/p>\n","protected":false},"author":13,"featured_media":45426,"comment_status":"open","ping_status":"open","sticky":false,"template":"","format":"standard","meta":{"_jetpack_memberships_contains_paid_content":false,"footnotes":""},"categories":[624,11,32,63,54,464,98],"tags":[3317,1285,7089,6224],"class_list":["post-45421","post","type-post","status-publish","format-standard","has-post-thumbnail","hentry","category-articulistas","category-colaboradores","category-entradas","category-estados","category-juan-pablo-vasconcelos","category-oaxaca-estados","category-videoblogs","tag-cultura-oaxaca","tag-juan-pablo-vasconcelos-2","tag-poesia-oaxaca","tag-videocolumna"],"jetpack_featured_media_url":"https:\/\/www.eloriente.net\/home\/wp-content\/uploads\/2016\/10\/Juan-Pablo-Vasconcelos.png","jetpack_sharing_enabled":true,"_links":{"self":[{"href":"https:\/\/www.eloriente.net\/home\/wp-json\/wp\/v2\/posts\/45421"}],"collection":[{"href":"https:\/\/www.eloriente.net\/home\/wp-json\/wp\/v2\/posts"}],"about":[{"href":"https:\/\/www.eloriente.net\/home\/wp-json\/wp\/v2\/types\/post"}],"author":[{"embeddable":true,"href":"https:\/\/www.eloriente.net\/home\/wp-json\/wp\/v2\/users\/13"}],"replies":[{"embeddable":true,"href":"https:\/\/www.eloriente.net\/home\/wp-json\/wp\/v2\/comments?post=45421"}],"version-history":[{"count":5,"href":"https:\/\/www.eloriente.net\/home\/wp-json\/wp\/v2\/posts\/45421\/revisions"}],"predecessor-version":[{"id":45435,"href":"https:\/\/www.eloriente.net\/home\/wp-json\/wp\/v2\/posts\/45421\/revisions\/45435"}],"wp:featuredmedia":[{"embeddable":true,"href":"https:\/\/www.eloriente.net\/home\/wp-json\/wp\/v2\/media\/45426"}],"wp:attachment":[{"href":"https:\/\/www.eloriente.net\/home\/wp-json\/wp\/v2\/media?parent=45421"}],"wp:term":[{"taxonomy":"category","embeddable":true,"href":"https:\/\/www.eloriente.net\/home\/wp-json\/wp\/v2\/categories?post=45421"},{"taxonomy":"post_tag","embeddable":true,"href":"https:\/\/www.eloriente.net\/home\/wp-json\/wp\/v2\/tags?post=45421"}],"curies":[{"name":"wp","href":"https:\/\/api.w.org\/{rel}","templated":true}]}}