{"id":45568,"date":"2016-10-25T16:03:36","date_gmt":"2016-10-25T22:03:36","guid":{"rendered":"http:\/\/www.eloriente.net\/home\/?p=45568"},"modified":"2016-10-25T16:04:10","modified_gmt":"2016-10-25T22:04:10","slug":"videocolumna-la-poesia-viva-en-la-competencia-fraterna-del-conocimiento-por-raul-maldonado","status":"publish","type":"post","link":"https:\/\/www.eloriente.net\/home\/2016\/10\/25\/videocolumna-la-poesia-viva-en-la-competencia-fraterna-del-conocimiento-por-raul-maldonado\/","title":{"rendered":"VIDEOCOLUMNA: La poes\u00eda vive en la competencia fraterna del conocimiento. Por Ra\u00fal Maldonado"},"content":{"rendered":"<p><script src=\"\/\/pagead2.googlesyndication.com\/pagead\/js\/adsbygoogle.js\" async=\"\"><\/script><!-- BANNER ELORIENTE INCRUSTADO NOTAS --> <ins class=\"adsbygoogle\" style=\"display: inline-block; width: 300px; height: 250px;\" data-ad-client=\"ca-pub-1136171134853753\" data-ad-slot=\"7974633627\"><\/ins><script>\/\/ <![CDATA[\n(adsbygoogle = window.adsbygoogle || []).push({});\n\/\/ ]]><\/script><\/p>\n<p>&nbsp;<\/p>\n<p>eloriente.net<\/p>\n<p>25 de octubre de 2016<\/p>\n<p><a class=\"profileLink\" href=\"https:\/\/www.facebook.com\/raul.maldonadomendoza.9\" data-hovercard=\"\/ajax\/hovercard\/user.php?id=100001942230138\">Ra\u00fal Maldonado Mendoza<\/a> habla con su particular estilo sobre las Olimpiadas Acad\u00e9micas, Culturales y Deportivas de los Bachilleratos Integrales Comunitarios que se realizaron en las regiones de la Sierra Sur, la Mixteca y la Sierra Norte.<\/p>\n<p><iframe loading=\"lazy\" style=\"border: none; overflow: hidden;\" src=\"https:\/\/www.facebook.com\/plugins\/video.php?href=https%3A%2F%2Fwww.facebook.com%2F443535572345554%2Fvideos%2F1325133537519082%2F&amp;show_text=0&amp;width=560\" width=\"560\" height=\"315\" frameborder=\"0\" scrolling=\"no\" allowfullscreen=\"allowfullscreen\"><\/iframe><\/p>\n<p><script src=\"\/\/pagead2.googlesyndication.com\/pagead\/js\/adsbygoogle.js\" async=\"\"><\/script><!-- BANNER PEQUE\u00d1O PARA ENTRENOTAS EL ORIENTE --> <ins class=\"adsbygoogle\" style=\"display: inline-block; width: 468px; height: 60px;\" data-ad-client=\"ca-pub-1136171134853753\" data-ad-slot=\"4953536424\"><\/ins><script>\/\/ <![CDATA[\n(adsbygoogle = window.adsbygoogle || []).push({});\n\/\/ ]]><\/script><\/p>\n<p>Ra\u00fal Maldonado Mendoza es\u00a0Licenciado en Derecho por la UABJO,\u00a0Campe\u00f3n Nacional de Oratoria\u00a0representando al Estado de Oaxaca en el Concurso\u00a0\u201cUn Siglo de Sindicalismo en M\u00e9xico\u201d, organizado por la CTM. Igualmente\u00a0Director del Programa Radiof\u00f3nico \u201cVoz, Educaci\u00f3n y Comunidad\u201d del CSEIIO. Es autor de la obra literaria \u201cPoemas a la Vida\u201d editada en disco compacto por la UABJO.<\/p>\n<p><a href=\"http:\/\/www.eloriente.net\/home\/wp-content\/uploads\/2016\/10\/RAU\u0301L-MALDONADO-25-DE-OCTUBRE.jpg\" rel=\"attachment wp-att-45573\"><img loading=\"lazy\" decoding=\"async\" class=\"alignnone wp-image-45573\" src=\"http:\/\/www.eloriente.net\/home\/wp-content\/uploads\/2016\/10\/RAU\u0301L-MALDONADO-25-DE-OCTUBRE.jpg\" alt=\"raul-maldonado-25-de-octubre\" width=\"601\" height=\"338\" srcset=\"https:\/\/www.eloriente.net\/home\/wp-content\/uploads\/2016\/10\/RAU\u0301L-MALDONADO-25-DE-OCTUBRE.jpg 1920w, https:\/\/www.eloriente.net\/home\/wp-content\/uploads\/2016\/10\/RAU\u0301L-MALDONADO-25-DE-OCTUBRE-300x169.jpg 300w, https:\/\/www.eloriente.net\/home\/wp-content\/uploads\/2016\/10\/RAU\u0301L-MALDONADO-25-DE-OCTUBRE-768x432.jpg 768w, https:\/\/www.eloriente.net\/home\/wp-content\/uploads\/2016\/10\/RAU\u0301L-MALDONADO-25-DE-OCTUBRE-1024x576.jpg 1024w\" sizes=\"(max-width: 601px) 100vw, 601px\" \/><\/a><\/p>\n<p><strong>OTRAS VIDEOCOLUMNAS<\/strong><\/p>\n<div id=\"post-45542\" class=\"entry loop-default border_bottom_30 post-45542 post type-post status-publish format-standard has-post-thumbnail hentry category-lunesdepolitica category-entradas category-karina-baron category-lo-mas-reciente category-politica-y-gobierno category-videoblogs tag-lunesdepolitica tag-estadisticas tag-gobierno tag-karina-baron tag-politica tag-videocolumna-mexico\">\n<h2 class=\"entry_title\"><a title=\"Enlace Permanente a VIDEOCOLUMNA: El gobierno debe hacer lo que le manda el pueblo. Por Karina Bar\u00f3n\" href=\"http:\/\/www.eloriente.net\/home\/2016\/10\/24\/videocolumna-el-gobierno-debe-hacer-lo-que-le-manda-el-pueblo-por-karina-baron\/\" rel=\"bookmark\">VIDEOCOLUMNA: El gobierno debe hacer lo que le manda el pueblo. Por Karina Bar\u00f3n<\/a><\/h2>\n<p><a href=\"http:\/\/www.eloriente.net\/home\/2016\/10\/24\/videocolumna-el-gobierno-debe-hacer-lo-que-le-manda-el-pueblo-por-karina-baron\/\" rel=\"bookmark\"><img decoding=\"async\" class=\"alignleft\" title=\"VIDEOCOLUMNA: El gobierno debe hacer lo que le manda el pueblo. Por Karina Bar\u00f3n\" src=\"http:\/\/www.eloriente.net\/home\/wp-content\/themes\/city-desk\/timthumb.php?src=http%3A%2F%2Fwww.eloriente.net%2Fhome%2Fwp-content%2Fuploads%2F2016%2F10%2FKARINA-BARO%CC%81N-24-DE-OCTUBRE.jpg&amp;q=90&amp;w=160&amp;h=106&amp;zc=1\" alt=\"VIDEOCOLUMNA: El gobierno debe hacer lo que le manda el pueblo. Por Karina Bar\u00f3n\" \/><\/a>\u00a0 eloriente.net 24 de octubre de 2016 \u201cSi el gobierno debe ser un mandatario que debe hacer lo que le manda el pueblo, en M\u00e9xico sucede justamente lo contrario. Y as\u00ed la democracia no funciona.\u201d Karina Bar\u00f3n nos expone, con cifras, las desiciones que el gobierno ha tomado y que van en contra del deseo [\u2026]<\/p>\n<div class=\"toolbar-social\"><\/div>\n<p class=\"postmeta\"><span class=\"meta_date\">octubre 24, 2016<\/span><\/p>\n<p class=\"postmeta\">\n<\/div>\n<div id=\"post-45524\" class=\"entry loop-default border_bottom_30 post-45524 post type-post status-publish format-standard has-post-thumbnail hentry category-articulistas category-carlos-spindola-perez-guerrero category-carlos-spindola-perez-guerrero-videoblogs category-educacion-y-cultura category-entradas category-lo-mas-reciente category-musica-de-oaxaca category-principal category-videoblogs tag-carlos-spindola tag-musica-clasica tag-orquesta-sinfonica\">\n<h2 class=\"entry_title\"><a title=\"Enlace Permanente a VIDEOCOLUMNA: \u00bfCu\u00e1l es la importancia de las Orquestas Sinf\u00f3nicas? Por Carlos Sp\u00edndola\" href=\"http:\/\/www.eloriente.net\/home\/2016\/10\/22\/videocolumna-cual-es-la-importancia-de-las-orquestas-sinfonicas-por-carlos-spindola\/\" rel=\"bookmark\">VIDEOCOLUMNA: \u00bfCu\u00e1l es la importancia de las Orquestas Sinf\u00f3nicas? Por Carlos Sp\u00edndola<\/a><\/h2>\n<p><a href=\"http:\/\/www.eloriente.net\/home\/2016\/10\/22\/videocolumna-cual-es-la-importancia-de-las-orquestas-sinfonicas-por-carlos-spindola\/\" rel=\"bookmark\"><img decoding=\"async\" class=\"alignleft\" title=\"VIDEOCOLUMNA: \u00bfCu\u00e1l es la importancia de las Orquestas Sinf\u00f3nicas? Por Carlos Sp\u00edndola\" src=\"http:\/\/www.eloriente.net\/home\/wp-content\/themes\/city-desk\/timthumb.php?src=http%3A%2F%2Fwww.eloriente.net%2Fhome%2Fwp-content%2Fuploads%2F2016%2F10%2FCARLOS-SPI%CC%81NDOLA-22-DE-OCTUBRE-1-e1477152967775.jpg&amp;q=90&amp;w=160&amp;h=106&amp;zc=1\" alt=\"VIDEOCOLUMNA: \u00bfCu\u00e1l es la importancia de las Orquestas Sinf\u00f3nicas? Por Carlos Sp\u00edndola\" \/><\/a>\u00a0 eloriente.net 22 de octubre de 2016 \u00bfConoces la situaci\u00f3n por la que est\u00e1 pasando la Orquesta Sinf\u00f3nica de Oaxaca? \u00bfSabes lo que representa una Orquesta Sinf\u00f3nica para su ciudad? Esta semana Carlos Spindola nos explica esta situaci\u00f3n y nos explica las funciones y la importancia de las sinf\u00f3nicas. Carlos Sp\u00edndola es Economista por la [\u2026]<\/p>\n<div class=\"toolbar-social\"><\/div>\n<p class=\"postmeta\"><span class=\"meta_date\">octubre 22, 2016<\/span><\/p>\n<p class=\"postmeta\">\n<\/div>\n<div id=\"post-45493\" class=\"entry loop-default border_bottom_30 post-45493 post type-post status-publish format-standard has-post-thumbnail hentry category-alejandro-cruz-pimentel category-alejandro-cruz-pimentel-videoblogs category-colaboradores category-entradas category-estados category-secciones-oriente category-oaxaca-estados category-politica-y-gobierno category-videoblogs tag-alejandro-cruz-pimentel tag-estudio tag-indice-estatal-de-capacidades-para-el-desarrollo-social tag-oaxaca tag-videocolumna\">\n<h2 class=\"entry_title\"><a title=\"Enlace Permanente a VIDEOCOLUMNA: Oaxaca y Bienestar, por Alejandro Cruz Pimentel\" href=\"http:\/\/www.eloriente.net\/home\/2016\/10\/20\/videocolumna-oaxaca-estado-de-desarrollo-bajo-por-alejandro-cruz-pimentel\/\" rel=\"bookmark\">VIDEOCOLUMNA: Oaxaca y Bienestar, por Alejandro Cruz Pimentel<\/a><\/h2>\n<p><a href=\"http:\/\/www.eloriente.net\/home\/2016\/10\/20\/videocolumna-oaxaca-estado-de-desarrollo-bajo-por-alejandro-cruz-pimentel\/\" rel=\"bookmark\"><img decoding=\"async\" class=\"alignleft\" title=\"VIDEOCOLUMNA: Oaxaca y Bienestar, por Alejandro Cruz Pimentel\" src=\"http:\/\/www.eloriente.net\/home\/wp-content\/themes\/city-desk\/timthumb.php?src=http%3A%2F%2Fwww.eloriente.net%2Fhome%2Fwp-content%2Fuploads%2F2016%2F10%2FALEJANDRO-CRUZ-20-DE-OCTUBRE.jpg&amp;q=90&amp;w=160&amp;h=106&amp;zc=1\" alt=\"VIDEOCOLUMNA: Oaxaca y Bienestar, por Alejandro Cruz Pimentel\" \/><\/a>\u00a0 eloriente.net 20 de octubre de 2016 \u201cLa estrategia BIENESTAR ya no es estandarte del gobierno, se malgastaron el dinero, al d\u00eda de hoy no se sabe la cantidad de recursos ejercidos durante el periodo 2011-2016 de manera clara y precisa. La publicaci\u00f3n se encuentra en la opacidad, todas las dependencias gastaron pero ninguna dice [\u2026]<\/p>\n<\/div>\n\n\t\t\t  <div \n\t\t\t  \tclass = \"fb-comments\" \n\t\t\t  \tdata-href = \"https:\/\/www.eloriente.net\/home\/2016\/10\/25\/videocolumna-la-poesia-viva-en-la-competencia-fraterna-del-conocimiento-por-raul-maldonado\/\"\n\t\t\t  \tdata-numposts = \"10\"\n\t\t\t\tdata-colorscheme = \"dark\"\n\t\t\t\tdata-order-by = \"social\"\n\t\t\t\tdata-mobile=true>\n\t\t\t  <\/div>\n\t\t  <style>\n\t\t\t.fb_iframe_widget_fluid_desktop iframe {\n\t\t\t    width: 100% !important;\n\t\t\t}\n\t\t  <\/style>\n\t\t  ","protected":false},"excerpt":{"rendered":"<p>&nbsp; eloriente.net 25 de octubre de 2016 Ra\u00fal Maldonado Mendoza habla con su particular estilo sobre las Olimpiadas Acad\u00e9micas, Culturales y Deportivas de los Bachilleratos Integrales Comunitarios que se realizaron en las regiones de la Sierra Sur, la Mixteca y la Sierra Norte. Ra\u00fal Maldonado Mendoza es\u00a0Licenciado en Derecho por la UABJO,\u00a0Campe\u00f3n Nacional de Oratoria\u00a0representando [&hellip;]<\/p>\n","protected":false},"author":44,"featured_media":45573,"comment_status":"open","ping_status":"open","sticky":false,"template":"","format":"standard","meta":{"_jetpack_memberships_contains_paid_content":false,"footnotes":""},"categories":[18,32,63,464,6884,98],"tags":[7120,7119,7118,6889,6772,6224],"class_list":["post-45568","post","type-post","status-publish","format-standard","has-post-thumbnail","hentry","category-educacion-y-cultura","category-entradas","category-estados","category-oaxaca-estados","category-raul-cruz-maldonado","category-videoblogs","tag-bachilleratos-integrales-comunitarios","tag-culturales-y-deportivas","tag-olimpiadas-academicas","tag-raul-maldonado","tag-raul-maldonado-mendoza","tag-videocolumna"],"jetpack_featured_media_url":"https:\/\/www.eloriente.net\/home\/wp-content\/uploads\/2016\/10\/RAU\u0301L-MALDONADO-25-DE-OCTUBRE.jpg","jetpack_sharing_enabled":true,"_links":{"self":[{"href":"https:\/\/www.eloriente.net\/home\/wp-json\/wp\/v2\/posts\/45568"}],"collection":[{"href":"https:\/\/www.eloriente.net\/home\/wp-json\/wp\/v2\/posts"}],"about":[{"href":"https:\/\/www.eloriente.net\/home\/wp-json\/wp\/v2\/types\/post"}],"author":[{"embeddable":true,"href":"https:\/\/www.eloriente.net\/home\/wp-json\/wp\/v2\/users\/44"}],"replies":[{"embeddable":true,"href":"https:\/\/www.eloriente.net\/home\/wp-json\/wp\/v2\/comments?post=45568"}],"version-history":[{"count":2,"href":"https:\/\/www.eloriente.net\/home\/wp-json\/wp\/v2\/posts\/45568\/revisions"}],"predecessor-version":[{"id":45575,"href":"https:\/\/www.eloriente.net\/home\/wp-json\/wp\/v2\/posts\/45568\/revisions\/45575"}],"wp:featuredmedia":[{"embeddable":true,"href":"https:\/\/www.eloriente.net\/home\/wp-json\/wp\/v2\/media\/45573"}],"wp:attachment":[{"href":"https:\/\/www.eloriente.net\/home\/wp-json\/wp\/v2\/media?parent=45568"}],"wp:term":[{"taxonomy":"category","embeddable":true,"href":"https:\/\/www.eloriente.net\/home\/wp-json\/wp\/v2\/categories?post=45568"},{"taxonomy":"post_tag","embeddable":true,"href":"https:\/\/www.eloriente.net\/home\/wp-json\/wp\/v2\/tags?post=45568"}],"curies":[{"name":"wp","href":"https:\/\/api.w.org\/{rel}","templated":true}]}}