{"id":45633,"date":"2016-10-29T10:14:12","date_gmt":"2016-10-29T16:14:12","guid":{"rendered":"http:\/\/www.eloriente.net\/home\/?p=45633"},"modified":"2016-10-29T10:14:12","modified_gmt":"2016-10-29T16:14:12","slug":"29oct16-en-vivo-sesion-de-investidura-en-espana","status":"publish","type":"post","link":"https:\/\/www.eloriente.net\/home\/2016\/10\/29\/29oct16-en-vivo-sesion-de-investidura-en-espana\/","title":{"rendered":"29\/Oct\/16 EN VIVO: Sesi\u00f3n de Investidura en Espa\u00f1a"},"content":{"rendered":"<p><script src=\"\/\/pagead2.googlesyndication.com\/pagead\/js\/adsbygoogle.js\" async=\"\"><\/script><!-- BANNER ELORIENTE INCRUSTADO NOTAS --> <ins class=\"adsbygoogle\" style=\"display: inline-block; width: 300px; height: 250px;\" data-ad-client=\"ca-pub-1136171134853753\" data-ad-slot=\"7974633627\"><\/ins><script>\/\/ <![CDATA[\n(adsbygoogle = window.adsbygoogle || []).push({});\n\/\/ ]]><\/script><br \/>\neloriente.net\/<a href=\"http:\/\/www.congreso.es\/\" target=\"_blank\">Congreso de los Diputados<\/a><\/p>\n<p>29 de octubre de 2016<\/p>\n<p>EN VIVO 11:30 am. hora de M\u00e9xico:<br \/>\n<iframe loading=\"lazy\" src=\"https:\/\/www.youtube.com\/embed\/hgE7XFIwqZo\" width=\"560\" height=\"315\" frameborder=\"0\" allowfullscreen=\"allowfullscreen\"><\/iframe><\/p>\n<p><script src=\"\/\/pagead2.googlesyndication.com\/pagead\/js\/adsbygoogle.js\" async=\"\"><\/script><br \/>\n <!-- BANNER PEQUE\u00d1O PARA ENTRENOTAS EL ORIENTE --><br \/>\n <ins class=\"adsbygoogle\" style=\"display: inline-block; width: 468px; height: 60px;\" data-ad-client=\"ca-pub-1136171134853753\" data-ad-slot=\"4953536424\"><\/ins><br \/>\n<script>\/\/ <![CDATA[\n(adsbygoogle = window.adsbygoogle || []).push({});\n\/\/ ]]><\/script><br \/>\nEl candidato a la Presidencia del Gobierno, <a href=\"http:\/\/www.eloriente.net\/home\/2016\/06\/16\/espana-debate-entre-candidatos-a-presidencia-13j\/\" target=\"_blank\">Mariano Rajoy<\/a>, se somete este s\u00e1bado, 29 de octubre, a la segunda votaci\u00f3n de investidura, al no haber obtenido en la primera la mayor\u00eda absoluta que exige la Constituci\u00f3n. La presidenta del Congreso, Ana Pastor, ha convocado el Pleno a las 18:30 del s\u00e1bado para celebrar la tercera jornada de esta sesi\u00f3n de investidura.<\/p>\n<div>El candidato propuesto al Congreso por el Rey, Felipe VI, a trav\u00e9s de la presidenta de la C\u00e1mara,\u00a0pronunci\u00f3 la tarde del 26 de octubre su <a href=\"http:\/\/www.congreso.es\/wc\/wc\/audiovisualEmisionSemiDirecto?codOrgano=400&amp;codSesion=11\">discurso de investidura<\/a>\u00a0ante los diputados, quienes tienen encomendada la funci\u00f3n de investir al jefe del Ejecutivo, en una sesi\u00f3n\u00a0prevista en\u00a0el\u00a0<a href=\"http:\/\/www.congreso.es\/consti\/constitucion\/indice\/titulos\/articulos.jsp?ini=97&amp;fin=107&amp;tipo=2\">art\u00edculo 99 de la Constituci\u00f3n<\/a>,\u00a0y regulada en los art\u00edculos 170 a 172 del\u00a0<a href=\"http:\/\/www.congreso.es\/portal\/page\/portal\/Congreso\/Congreso\/Hist_Normas\/Norm\/Reglam\/T8\/T8Cap1\">Reglamento del Congreso de los Diputados.Una vez que Rajoy expuso en el Hemiciclo el programa del Gobierno que pretende formar y solicit\u00f3 al Congreso la confianza para hacerlo, la presidenta suspendi\u00f3 la sesi\u00f3n para reanudarla el jueves, 27 de octubre, a las 9,00 horas.\u00a0<\/a><\/div>\n<div><\/div>\n<div><a href=\"http:\/\/www.congreso.es\/portal\/page\/portal\/Congreso\/Congreso\/Hist_Normas\/Norm\/Reglam\/T8\/T8Cap1\">La\u00a0<\/a><a href=\"http:\/\/www.congreso.es\/wc\/wc\/audiovisualEmisionSemiDirecto?codOrgano=400&amp;codSesion=12\">segunda jornada del debate<\/a>\u00a0de investidura est\u00e1 dedicada al debate con los representantes de los distintos grupos parlamentarios y la votaci\u00f3n, por orden de mayor a menor representaci\u00f3n parlamentaria salvo el grupo al que pertenece el candidato, que es el \u00faltimo en fijar su posici\u00f3n.<\/div>\n<div><\/div>\n<div>Una vez acabado el debate, que se prolong\u00f3 durante nueve horas, se realiz\u00f3 la votaci\u00f3n.\u00a0Rajoy obtuvo 170 votos a favor y 180 en contra. Ning\u00fan diputado se abstuvo. Sin los 176 votos necesarios para ser investido en primera votaci\u00f3n, el candidato se somete a una segunda el s\u00e1bado, que debe ser necesariamente 48 horas despu\u00e9s de la primera, porque as\u00ed lo determina la Constituci\u00f3n.<\/div>\n<div><\/div>\n<div>Para que la votaci\u00f3n sea a las 19:45 horas, la presidenta de la C\u00e1mara ha convocado el Pleno a las 18:30, ya que el candidato a presidente del Gobierno dispone reglamentariamente de diez minutos para solicitar de nuevo la confianza de la C\u00e1mara, y a los representantes de los grupos parlamentarios se les da un turno de cinco minutos para fijar posici\u00f3n.<\/div>\n<div><\/div>\n<div>Esto es, despu\u00e9s de Rajoy tomar\u00e1n la palabra, en este orden, por el Grupo Socialista, Antonio Hernando; en nombre de Unidos Podemos\/En Com\u00fa Podem\/En Marea Pablo Iglesias; en representaci\u00f3n del Grupo Ciudadanos, Albert Rivera; por Esquerra Republicana, Gabriel Rufi\u00e1n; y el portavoz del Grupo Vasco EAJ-PNV, Aitor Esteban.<\/div>\n<div><\/div>\n<div>A continuaci\u00f3n lo har\u00e1n los representantes de las formaciones integradas en el Grupo Mixto: Francesc Homs &#8211; Partit Dem\u00f2crata Catal\u00e0; Joan Baldov\u00ed &#8211; Comprom\u00eds; Oskar Matute &#8211; EH Bildu; I\u00f1igo Alli &#8211; UPN; Isidro Mart\u00ednez Oblanca &#8211; Foro; Ana Oramas &#8211; Coalici\u00f3n Canaria; y Pedro Quevedo- Nueva Canarias. Cada uno de ellos dispondr\u00e1 de dos minutos para intervenir.<\/div>\n<div><\/div>\n<div>El \u00faltimo en subir a la tribuna de oradores en esta ocasi\u00f3n ser\u00e1 el portavoz del Grupo Popular, Rafael Hernando. Despu\u00e9s, y nunca antes de las 19:45, la presidenta del Congreso llamar\u00e1 a votaci\u00f3n que, como todas las de investidura, es p\u00fablica por llamamiento.<\/div>\n<div><\/div>\n<div><b>Votaci\u00f3n: p\u00fablica por llamamiento.<\/b><\/div>\n<div><\/div>\n<div>Concluidas estas intervenciones, y no antes de las 19:45, se produce la segunda votaci\u00f3n que, al igual que la primera, es p\u00fablica por llamamiento. Los diputados votan por orden alfab\u00e9tico, a partir\u00a0de un nombre elegido al azar. Para ello, se realiza un sorteo por \u00abinsaculaci\u00f3n\u00bb, que consiste en extraer una de las 332 bolas &#8211; \u00a0350 diputados a los que se restan los miembros de la Mesa y los ministros que tienen esca\u00f1o, que votan en \u00faltimo lugar &#8211; con el n\u00famero que corresponde al nombre del parlamentario que ser\u00e1 el primero en pronunciarse.<\/div>\n<div><\/div>\n<div>A partir de ese nombre, se va llamando uno a uno al resto de los diputados para que digan en voz alta s\u00ed, no o abstenci\u00f3n. Los miembros del Gobierno que son diputados votan despu\u00e9s por orden de prelaci\u00f3n y los de la Mesa cierran la votaci\u00f3n de menor a mayor, con lo que la \u00faltima en pronunciar su voto ser\u00e1 la presidenta de la C\u00e1mara, Ana Pastor.<\/div>\n<div><\/div>\n<div>En esta votaci\u00f3n, el candidato ser\u00e1 investido presidente si obtiene mayor\u00eda simple, m\u00e1s votos a favor que en contra. En este caso, la presidenta del Congreso, Ana Pastor, comunicar\u00e1 la votaci\u00f3n a S.M. el Rey, Felipe VI, ante quien Rajoy jurar\u00e1 su cargo antes de proponer a sus ministros, que tambi\u00e9n ser\u00e1n nombrados por el jefe del Estado.<\/div>\n<div><\/div>\n<div>Si no lograra la confianza de la C\u00e1mara, el 1 de noviembre se disolver\u00edan las C\u00e1maras para convocar nuevas elecciones, al haber transcurrido los dos meses desde la primera votaci\u00f3n de investidura.<\/div>\n<div><\/div>\n<div><a href=\"http:\/\/www.eloriente.net\/home\/wp-content\/uploads\/2016\/10\/CONGRESO-DE-LOS-DIPUTADOS-ESPAN\u0303A.jpg\" rel=\"attachment wp-att-45634\"><img loading=\"lazy\" decoding=\"async\" class=\"alignnone wp-image-45634\" src=\"http:\/\/www.eloriente.net\/home\/wp-content\/uploads\/2016\/10\/CONGRESO-DE-LOS-DIPUTADOS-ESPAN\u0303A-1024x768.jpg\" alt=\"congreso-de-los-diputados-espan%cc%83a\" width=\"500\" height=\"375\" srcset=\"https:\/\/www.eloriente.net\/home\/wp-content\/uploads\/2016\/10\/CONGRESO-DE-LOS-DIPUTADOS-ESPAN\u0303A-1024x768.jpg 1024w, https:\/\/www.eloriente.net\/home\/wp-content\/uploads\/2016\/10\/CONGRESO-DE-LOS-DIPUTADOS-ESPAN\u0303A-300x225.jpg 300w, https:\/\/www.eloriente.net\/home\/wp-content\/uploads\/2016\/10\/CONGRESO-DE-LOS-DIPUTADOS-ESPAN\u0303A-768x576.jpg 768w\" sizes=\"(max-width: 500px) 100vw, 500px\" \/><\/a><\/div>\n<div>IMAGEN: Congreso de los Diputados<\/div>\n<div><\/div>\n<div><\/div>\n<div><strong>OTRAS ENTRADAS:<\/strong><\/div>\n<div>\n<div id=\"post-43861\" class=\"entry loop-default border_bottom_30 post-43861 post type-post status-publish format-standard has-post-thumbnail hentry category-canal-2-en-vivo category-destacadas category-entradas category-lo-mas-reciente category-mexico-y-el-mundo tag-debate-presidencial-espana tag-espana-debate tag-rumbo-al-26j tag-video-integro-debate\">\n<h2 class=\"entry_title\"><a title=\"Enlace Permanente a ESPA\u00d1A: Debate entre candidatos a Presidencia (13J)\" href=\"http:\/\/www.eloriente.net\/home\/2016\/06\/16\/espana-debate-entre-candidatos-a-presidencia-13j\/\" rel=\"bookmark\">ESPA\u00d1A: Debate entre candidatos a Presidencia (13J)<\/a><\/h2>\n<p><a href=\"http:\/\/www.eloriente.net\/home\/2016\/06\/16\/espana-debate-entre-candidatos-a-presidencia-13j\/\" rel=\"bookmark\"><img decoding=\"async\" class=\"alignleft\" title=\"ESPA\u00d1A: Debate entre candidatos a Presidencia (13J)\" src=\"http:\/\/www.eloriente.net\/home\/wp-content\/themes\/city-desk\/timthumb.php?src=http%3A%2F%2Fwww.eloriente.net%2Fhome%2Fwp-content%2Fuploads%2F2016%2F06%2FDebate-Espan%CC%83a.png&amp;q=90&amp;w=160&amp;h=106&amp;zc=1\" alt=\"ESPA\u00d1A: Debate entre candidatos a Presidencia (13J)\" \/><\/a>eloriente.net 16 de junio de 2016 El pasado 13 de junio, los 4 principales candidatos a la presidencia de Espa\u00f1a se vieron las caras en un \u201cdebate a cuatro\u201d, rumbo a las elecciones del pr\u00f3ximo d\u00eda 26. Los candidatos presentes fueron: Mariano Rajoy (PP); Pedro S\u00e1nchez (PSOE); Pablo Iglesias (Unidos Podemos); Albert Rivera (Ciudadanos). \u00a0 [\u2026]<\/p>\n<p class=\"postmeta\"><span class=\"meta_date\">junio 16, 2016<\/span><span class=\"meta_comment\">Comentarios desactivados<span class=\"screen-reader-text\"> en ESPA\u00d1A: Debate entre candidatos a Presidencia (13J)<\/span><\/span><\/p>\n<\/div>\n<div id=\"post-41864\" class=\"entry loop-default border_bottom_30 post-41864 post type-post status-publish format-standard has-post-thumbnail hentry category-entradas category-lo-mas-reciente category-mexico-y-el-mundo tag-espana tag-espana-y-mariano-rajoy tag-proceso-electoral-europa\">\n<h2 class=\"entry_title\"><a title=\"Enlace Permanente a ESPA\u00d1A: Rajoy declina formar gobierno\" href=\"http:\/\/www.eloriente.net\/home\/2016\/01\/22\/espana-rajoy-declina-formar-gobierno\/\" rel=\"bookmark\">ESPA\u00d1A: Rajoy declina formar gobierno<\/a><\/h2>\n<p><a href=\"http:\/\/www.eloriente.net\/home\/2016\/01\/22\/espana-rajoy-declina-formar-gobierno\/\" rel=\"bookmark\"><img decoding=\"async\" class=\"alignleft\" title=\"ESPA\u00d1A: Rajoy declina formar gobierno\" src=\"http:\/\/www.eloriente.net\/home\/wp-content\/themes\/city-desk\/timthumb.php?src=http%3A%2F%2Fwww.eloriente.net%2Fhome%2Fwp-content%2Fuploads%2F2016%2F01%2Frey_consultas_PP_20160122_01-derechos-reservador-Casa-Real-Espan%CC%83a.jpg&amp;q=90&amp;w=160&amp;h=106&amp;zc=1\" alt=\"ESPA\u00d1A: Rajoy declina formar gobierno\" \/><\/a>\u00a0 eloriente.net\/Casa Real de Espa\u00f1a* 22 de enero de 2015 \u200b1. Su Majestad el Rey ha concluido en el d\u00eda de hoy la ronda de consultas que inici\u00f3 el d\u00eda 18 de enero con los representantes designados por los Grupos pol\u00edticos con representaci\u00f3n parlamentaria, en cumplimiento del art\u00edculo 99 de la Constituci\u00f3n. 2. En el [\u2026]<\/p>\n<p class=\"postmeta\"><span class=\"meta_date\">enero 22, 2016<\/span><\/p>\n<\/div>\n<\/div>\n\n\t\t\t  <div \n\t\t\t  \tclass = \"fb-comments\" \n\t\t\t  \tdata-href = \"https:\/\/www.eloriente.net\/home\/2016\/10\/29\/29oct16-en-vivo-sesion-de-investidura-en-espana\/\"\n\t\t\t  \tdata-numposts = \"10\"\n\t\t\t\tdata-colorscheme = \"dark\"\n\t\t\t\tdata-order-by = \"social\"\n\t\t\t\tdata-mobile=true>\n\t\t\t  <\/div>\n\t\t  <style>\n\t\t\t.fb_iframe_widget_fluid_desktop iframe {\n\t\t\t    width: 100% !important;\n\t\t\t}\n\t\t  <\/style>\n\t\t  ","protected":false},"excerpt":{"rendered":"<p>eloriente.net\/Congreso de los Diputados 29 de octubre de 2016 EN VIVO 11:30 am. hora de M\u00e9xico: El candidato a la Presidencia del Gobierno, Mariano Rajoy, se somete este s\u00e1bado, 29 de octubre, a la segunda votaci\u00f3n de investidura, al no haber obtenido en la primera la mayor\u00eda absoluta que exige la Constituci\u00f3n. La presidenta del [&hellip;]<\/p>\n","protected":false},"author":1,"featured_media":45634,"comment_status":"open","ping_status":"open","sticky":false,"template":"","format":"standard","meta":{"_jetpack_memberships_contains_paid_content":false,"footnotes":""},"categories":[4,49,32,10,24,21,31],"tags":[7132,7130,7131],"class_list":{"0":"post-45633","1":"post","2":"type-post","3":"status-publish","4":"format-standard","5":"has-post-thumbnail","6":"hentry","7":"category-canal-2-en-vivo","8":"category-destacadas","9":"category-entradas","10":"category-lo-mas-reciente","11":"category-mexico-y-el-mundo","12":"category-politica-y-gobierno","13":"category-principal","16":"tag-pablo-iglesias-congreso"},"jetpack_featured_media_url":"https:\/\/www.eloriente.net\/home\/wp-content\/uploads\/2016\/10\/CONGRESO-DE-LOS-DIPUTADOS-ESPAN\u0303A.jpg","jetpack_sharing_enabled":true,"_links":{"self":[{"href":"https:\/\/www.eloriente.net\/home\/wp-json\/wp\/v2\/posts\/45633"}],"collection":[{"href":"https:\/\/www.eloriente.net\/home\/wp-json\/wp\/v2\/posts"}],"about":[{"href":"https:\/\/www.eloriente.net\/home\/wp-json\/wp\/v2\/types\/post"}],"author":[{"embeddable":true,"href":"https:\/\/www.eloriente.net\/home\/wp-json\/wp\/v2\/users\/1"}],"replies":[{"embeddable":true,"href":"https:\/\/www.eloriente.net\/home\/wp-json\/wp\/v2\/comments?post=45633"}],"version-history":[{"count":1,"href":"https:\/\/www.eloriente.net\/home\/wp-json\/wp\/v2\/posts\/45633\/revisions"}],"predecessor-version":[{"id":45635,"href":"https:\/\/www.eloriente.net\/home\/wp-json\/wp\/v2\/posts\/45633\/revisions\/45635"}],"wp:featuredmedia":[{"embeddable":true,"href":"https:\/\/www.eloriente.net\/home\/wp-json\/wp\/v2\/media\/45634"}],"wp:attachment":[{"href":"https:\/\/www.eloriente.net\/home\/wp-json\/wp\/v2\/media?parent=45633"}],"wp:term":[{"taxonomy":"category","embeddable":true,"href":"https:\/\/www.eloriente.net\/home\/wp-json\/wp\/v2\/categories?post=45633"},{"taxonomy":"post_tag","embeddable":true,"href":"https:\/\/www.eloriente.net\/home\/wp-json\/wp\/v2\/tags?post=45633"}],"curies":[{"name":"wp","href":"https:\/\/api.w.org\/{rel}","templated":true}]}}