{"id":45941,"date":"2016-11-16T12:10:34","date_gmt":"2016-11-16T18:10:34","guid":{"rendered":"http:\/\/www.eloriente.net\/home\/?p=45941"},"modified":"2016-11-16T12:17:35","modified_gmt":"2016-11-16T18:17:35","slug":"es-la-cultura-libros-para-celebrar-por-juan-pablo-vasconcelos","status":"publish","type":"post","link":"https:\/\/www.eloriente.net\/home\/2016\/11\/16\/es-la-cultura-libros-para-celebrar-por-juan-pablo-vasconcelos\/","title":{"rendered":"ES LA CULTURA: Libros para celebrar. Por Juan Pablo Vasconcelos"},"content":{"rendered":"<p><script src=\"\/\/pagead2.googlesyndication.com\/pagead\/js\/adsbygoogle.js\" async=\"\"><\/script><!-- BANNER ELORIENTE INCRUSTADO NOTAS --> <ins class=\"adsbygoogle\" style=\"display: inline-block; width: 300px; height: 250px;\" data-ad-client=\"ca-pub-1136171134853753\" data-ad-slot=\"7974633627\"><\/ins><script>\/\/ <![CDATA[\n(adsbygoogle = window.adsbygoogle || []).push({});\n\/\/ ]]><\/script><\/p>\n<p>&nbsp;<\/p>\n<p>eloriente.net<\/p>\n<p>16 de noviembre de 2016<\/p>\n<p>Por Juan Pablo Vasconcelos<\/p>\n<p><a href=\"https:\/\/twitter.com\/JPVmx\" target=\"_blank\">@JPVmx<\/a><\/p>\n<p>&nbsp;<\/p>\n<p><i><span style=\"font-weight: 400;\">\u201cDel 11 al 20 de Noviembre se realiza en Oaxaca la 36\u00aa. Feria Internacional del Libro.<\/span><\/i><\/p>\n<p><i><span style=\"font-weight: 400;\">El Fondo Ventura, la Proveedora Escolar y Editorial Almad\u00eda, prepararon como cada a\u00f1o un programa de celebraci\u00f3n.<\/span><\/i><\/p>\n<p><i><span style=\"font-weight: 400;\">Al final, eso es la lectura: la gran celebraci\u00f3n de la expresi\u00f3n humana\u201d.<\/span><\/i><\/p>\n<p><b>\u201cLos libros son el don de los muertos\u201d,<\/b><span style=\"font-weight: 400;\"> le escuch\u00e9 decir alguna vez a Ikram Antaki. En aquella conferencia, tambi\u00e9n recordaba c\u00f3mo Maquiavelo se ataviaba de gala cuando se dispon\u00eda a leer cualquier libro en la sala de su casa.<\/span><\/p>\n<p><span style=\"font-weight: 400;\">\u201cVoy a recibir como se debe a la voz de este muerto que me habla\u201d, susurraba el cl\u00e1sico.<\/span><\/p>\n<p><span style=\"font-weight: 400;\">Si te quedas mirando los estantes de una biblioteca o a\u00fan los libros que est\u00e1n sobre tu c\u00f3moda o en la mesita de arriba, seguramente concluir\u00e1s lo mismo que Antaki: est\u00e1n muertos, en su mayor\u00eda, quienes escribieron esas palabras y ya no est\u00e1n en este mundo m\u00e1s que en forma de nombre en la portada de sus libros y acaso en el esp\u00edritu de sus letras.<\/span><\/p>\n<p><span style=\"font-weight: 400;\">As\u00ed, de alguna manera, esos artefactos que han superado el polvo, las manipulaciones m\u00e1s salvajes \u2014infligidas principalmente por ni\u00f1os indomables\u2014, el olvido en covachas y bodegas y hasta rudos dobleces en las p\u00e1ginas cruciales, son presencias humanas de tiempos remotos.<\/span><\/p>\n<p><b>En un libro hay una humanidad latente<\/b><span style=\"font-weight: 400;\">.<\/span><\/p>\n<p><span style=\"font-weight: 400;\">Humanidad de este tiempo y del anterior y del porvenir.<\/span><\/p>\n<p><span style=\"font-weight: 400;\">Quiz\u00e1 por eso las ferias de libros sean tan estimulantes. T\u00fa y yo siempre acudimos a ellas con la seguridad de que encontraremos a alguien interesante, l\u00facido, inmerso en sus temas, apasionado.<\/span><\/p>\n<p><span style=\"font-weight: 400;\">Pero no tiene que ser alguien de este tiempo. Puede ser del Siglo XVI como Shakespeare o a\u00fan de 400 a\u00f1os antes de cristo como Plat\u00f3n. Al final, si conversamos con ellos, nos dicen al o\u00eddo algo tan familiar, que parecen formar parte de nuestra generaci\u00f3n o al menos, para no exagerar, de la generaci\u00f3n de nuestros padres.<\/span><\/p>\n<p><span style=\"font-weight: 400;\">Dicen algo como: \u201cHay una cosa que yo deseo desde mi infancia; as\u00ed como cada hombre tiene sus caprichos; uno quiere tener caballos; otro, perros; otro, oro; otro, honores. Para m\u00ed todo esto es indiferente y no conozco cosa m\u00e1s envidiable en el mundo que tener amigos\u201d.<\/span><\/p>\n<p><span style=\"font-weight: 400;\">Este di\u00e1logo plat\u00f3nico puede acercarse a la raz\u00f3n por la que resultan inexplicablemente envidiables los fan\u00e1ticos a los libros: nunca est\u00e1n solos.<\/span><\/p>\n<p><span style=\"font-weight: 400;\">Podr\u00edan parecerlo. Y a veces hasta son rechazados por \u2018raros\u2019 y distra\u00eddos. Pero lo cierto es que est\u00e1n concentrados conversando con alguien en las otras dimensiones de su mente, borrando y tachando cap\u00edtulos, esbozando aventuras y rostros emocionantes.<\/span><\/p>\n<p><span style=\"font-weight: 400;\">Para quien no puede salir de casa, un libro es un espejo, una posibilidad de rencontrarse con su viaje hacia el interior. Viaje que a final de cuentas es el \u00fanico que hacemos en nuestro paso por el mundo. Ni salimos, ni vamos a ninguna parte.<\/span><\/p>\n<p><span style=\"font-weight: 400;\">El exterior es siempre una zona interior.<\/span><\/p>\n<p><span style=\"font-weight: 400;\">Todo el tiempo estamos dentro y fuera de nosotros mismos, como escribi\u00f3 el poeta.<\/span><\/p>\n<p><b>Para quien duda, un libro es un maestro<\/b><span style=\"font-weight: 400;\"> que te obsequia la palabra que tienes en la punta de la lengua, pero que no has podido pronunciar.<\/span><\/p>\n<p><span style=\"font-weight: 400;\">A todos nos pasa. Por intuici\u00f3n y por el conocimiento que llevamos acumulando durante milenios de humanidad, estamos permanentemente a la orilla de las revelaciones y de la posibilidad de nombrar las cosas, inclusive a las que nunca hemos tenido enfrente, como cuando miras un rostro familiar pero no ubicas ni el tiempo ni el lugar en que lo has visto por primera vez.<\/span><\/p>\n<p><span style=\"font-weight: 400;\">Entonces, llega el libro y te lo revela.<\/span><\/p>\n<p><span style=\"font-weight: 400;\">Te lo saca de adentro, indaga en ti de una forma audaz e inevitable. Te descubre. Resuelve tu enigma. Hace que pronuncies la palabra perdida.<\/span><\/p>\n<p><span style=\"font-weight: 400;\">\u00bfNo hace esto mismo el m\u00e1s espl\u00e9ndido de los maestros?<\/span><\/p>\n<p><span style=\"font-weight: 400;\">S\u00ed, con una adici\u00f3n: los libros, al revelar lo que se hallaba oscuro, provocan que los sucesos y las cosas vayan tomando sentido, es decir, vayan revisti\u00e9ndose de razones y finalidades.<\/span><\/p>\n<p><script src=\"\/\/pagead2.googlesyndication.com\/pagead\/js\/adsbygoogle.js\" async=\"\"><\/script><!-- BANNER PEQUE\u00d1O PARA ENTRENOTAS EL ORIENTE --> <ins class=\"adsbygoogle\" style=\"display: inline-block; width: 468px; height: 60px;\" data-ad-client=\"ca-pub-1136171134853753\" data-ad-slot=\"4953536424\"><\/ins><script>\/\/ <![CDATA[\n(adsbygoogle = window.adsbygoogle || []).push({});\n\/\/ ]]><\/script><\/p>\n<p><span style=\"font-weight: 400;\">Por eso, para quien no encuentra motivaciones, ganas, respuestas, los libros son b\u00e1sicos.<\/span><\/p>\n<p><span style=\"font-weight: 400;\">Es m\u00e1s, los libros parecen haberse hecho para los dispersos, los deprimidos, los tristes, los que viven en crisis, los extraviados.<\/span><\/p>\n<p><b>Los libros son para quien los necesita.<\/b><\/p>\n<p><span style=\"font-weight: 400;\">Lo son, tambi\u00e9n, por un hecho que no tiene relaci\u00f3n con su contenido ni con las ideas que expresa, sino con el mecanismo que enciende en sus lectores. Un libro requiere calma, a veces hasta serenidad, atenci\u00f3n, ausencia de ruido, respiraci\u00f3n, postura, reflexi\u00f3n, meditaci\u00f3n. Es decir, un engranaje de todo aquello a lo que el mundo y su ritmo nos ha ido empujando a abandonar.<\/span><\/p>\n<p><span style=\"font-weight: 400;\">\u00bfCu\u00e1ndo fue la \u00faltima vez que con esta actitud acometiste una lectura? \u00bfCu\u00e1ndo fue que te entregaste a los brazos \u2018del muerto\u2019 sin responder los mensajes del <\/span><i><span style=\"font-weight: 400;\">smartphone <\/span><\/i><span style=\"font-weight: 400;\">o sin abrir una ventana adicional en el navegador?<\/span><\/p>\n<p><span style=\"font-weight: 400;\">Dicho mecanismo de atenci\u00f3n es invaluable. Es la batuta de un director de orquesta. Desde su llamado golpeando en el atril hasta su despliegue arm\u00f3nico por los aires, provoca ejecuciones magn\u00edficas, sinfon\u00edas emocionantes, expresiones que de otra manera nunca hubiesen surgido espont\u00e1neamente. Gracias a esa direcci\u00f3n, nuestro sonoro interior encuentra variaciones extraordinarias y explora temas y sensaciones que hasta entonces ignoramos.<\/span><\/p>\n<p><span style=\"font-weight: 400;\">Y mientras m\u00e1s ensayemos, la orquesta se oir\u00e1 mejor.<\/span><\/p>\n<p><span style=\"font-weight: 400;\">Y mientras mejor se oiga, el peligro \u2014siempre tiene que haber uno\u2014 es que esa m\u00fasica nos resulte adictiva y necesitemos volver a ella porque nos provoca una mezcla de taquicardia, evasi\u00f3n, placer y conexi\u00f3n con un tiempo sin medida.<\/span><\/p>\n<p><span style=\"font-weight: 400;\">Por todo esto celebramos.<\/span><\/p>\n<p><span style=\"font-weight: 400;\">Para quienes andan buscando razones y motivos para llamar a la fiesta y tener fe en la humanidad, hay que darles una vuelta por la feria o por las bibliotecas, las librer\u00edas, los estantes del hogar.<\/span><\/p>\n<p><span style=\"font-weight: 400;\">Los libros son evidencia suficiente para volver a creer.<\/span><\/p>\n<p><a href=\"http:\/\/www.eloriente.net\/home\/wp-content\/uploads\/2016\/04\/Libros-por-@CCAC-North-Library.jpg\" rel=\"attachment wp-att-43226\"><img loading=\"lazy\" decoding=\"async\" class=\"alignnone  wp-image-43226\" src=\"http:\/\/www.eloriente.net\/home\/wp-content\/uploads\/2016\/04\/Libros-por-@CCAC-North-Library.jpg\" alt=\"Libros por @CCAC North Library\" width=\"600\" height=\"399\" srcset=\"https:\/\/www.eloriente.net\/home\/wp-content\/uploads\/2016\/04\/Libros-por-@CCAC-North-Library.jpg 3008w, https:\/\/www.eloriente.net\/home\/wp-content\/uploads\/2016\/04\/Libros-por-@CCAC-North-Library-300x199.jpg 300w, https:\/\/www.eloriente.net\/home\/wp-content\/uploads\/2016\/04\/Libros-por-@CCAC-North-Library-768x511.jpg 768w, https:\/\/www.eloriente.net\/home\/wp-content\/uploads\/2016\/04\/Libros-por-@CCAC-North-Library-1024x681.jpg 1024w\" sizes=\"(max-width: 600px) 100vw, 600px\" \/><\/a><\/p>\n<p><strong>OTRAS ENTRADAS<\/strong><\/p>\n<div class=\"featuredpost\">\n<div class=\"flow_hide\">\n<h2 class=\"posttitle bigposttitle\"><a title=\"Enlace Permanente a VIDEOCOLUMNA: La libertad de expresi\u00f3n. Por Ra\u00fal Maldonado Mendoza\" href=\"http:\/\/www.eloriente.net\/home\/2016\/11\/15\/videocolumna-la-libertad-de-expresion-por-raul-maldonado-mendoza\/\" rel=\"bookmark\">VIDEOCOLUMNA: La libertad de expresi\u00f3n. Por Ra\u00fal Maldonado Mendoza<\/a><\/h2>\n<\/div>\n<p>eloriente.net 15 de noviembre de 2016 Ra\u00fal Maldonado Mendoza dedica esta videocolumna para hablar sobre diversos temas, pero principalmente sobre la importancia de la libertad de expresi\u00f3n.\u2026<\/p>\n<p class=\"postmeta\"><span class=\"meta_date\">noviembre 15, 2016<\/span><\/p>\n<p class=\"postmeta\">\n<div class=\"toolbar-social\"><\/div>\n<\/div>\n<div class=\"featuredpost\">\n<div class=\"flow_hide\"><a href=\"http:\/\/www.eloriente.net\/home\/2016\/11\/15\/opinion-morena-respaldo-al-gobierno-deberia-implicar-corresponsabilidad-por-adrian-ortiz-romero\/\" rel=\"bookmark\"><img decoding=\"async\" class=\"alignleft\" title=\"OPINI\u00d3N: Morena: respaldo al gobierno deber\u00eda implicar corresponsabilidad. Por Adri\u00e1n Ortiz Romero\" src=\"http:\/\/www.eloriente.net\/home\/wp-content\/themes\/city-desk\/timthumb.php?src=http%3A%2F%2Fwww.eloriente.net%2Fhome%2Fwp-content%2Fuploads%2F2016%2F11%2Firis.jpeg&amp;q=90&amp;w=70&amp;h=45&amp;zc=1\" alt=\"OPINI\u00d3N: Morena: respaldo al gobierno deber\u00eda implicar corresponsabilidad. Por Adri\u00e1n Ortiz Romero\" \/><\/a><\/p>\n<h2 class=\"posttitle \"><a title=\"Enlace Permanente a OPINI\u00d3N: Morena: respaldo al gobierno deber\u00eda implicar corresponsabilidad. Por Adri\u00e1n Ortiz Romero\" href=\"http:\/\/www.eloriente.net\/home\/2016\/11\/15\/opinion-morena-respaldo-al-gobierno-deberia-implicar-corresponsabilidad-por-adrian-ortiz-romero\/\" rel=\"bookmark\">OPINI\u00d3N: Morena: respaldo al gobierno deber\u00eda implicar corresponsabilidad. Por Adri\u00e1n Ortiz Romero<\/a><\/h2>\n<\/div>\n<p>(www.eloriente.net, M\u00e9xico, a 15 de noviembre de 2016, por Adri\u00e1n Ortiz Romero\/Al Margen).-\u00a0En Oaxaca tenemos ya una historia larga de coaliciones est\u00e9riles y, por la estabilidad y\u2026<\/p>\n<p class=\"postmeta\"><span class=\"meta_date\">noviembre 15, 2016<\/span><span class=\"meta_comment\"><a href=\"http:\/\/www.eloriente.net\/home\/2016\/11\/15\/opinion-morena-respaldo-al-gobierno-deberia-implicar-corresponsabilidad-por-adrian-ortiz-romero\/#respond\">Sin Comentarios<\/a><\/span><span class=\"meta_permalink\"><a title=\"Enlace Permanente a OPINI\u00d3N: Morena: respaldo al gobierno deber\u00eda implicar corresponsabilidad. Por Adri\u00e1n Ortiz Romero\" href=\"http:\/\/www.eloriente.net\/home\/2016\/11\/15\/opinion-morena-respaldo-al-gobierno-deberia-implicar-corresponsabilidad-por-adrian-ortiz-romero\/\" rel=\"bookmark\">Leer Mas<\/a><\/span><span class=\"meta_edit\"><a class=\"post-edit-link\" href=\"http:\/\/www.eloriente.net\/home\/wp-admin\/post.php?post=45926&amp;action=edit\">#<\/a><\/span><\/p>\n<div class=\"toolbar-social\">\n<div class=\"social-widget\">\n<div id=\"sharing-widget\"><a class=\"button icon-share\">Compartir<\/a><\/div>\n<\/div>\n<\/div>\n<\/div>\n<div class=\"featuredpost\">\n<div class=\"flow_hide\"><a href=\"http:\/\/www.eloriente.net\/home\/2016\/11\/15\/oaxaca-egresadas-de-la-utvco-reconocidas-con-premio-estatal-de-la-juventud\/\" rel=\"bookmark\"><img decoding=\"async\" class=\"alignleft\" title=\"OAXACA: Egresadas de la UTVCO reconocidas con Premio Estatal de la Juventud\" src=\"http:\/\/www.eloriente.net\/home\/wp-content\/themes\/city-desk\/timthumb.php?src=http%3A%2F%2Fwww.eloriente.net%2Fhome%2Fwp-content%2Fuploads%2F2016%2F11%2FPREMIO-ESTATAL-DE-LA-JUVENTUD-UTVCO-1-e1479234198244.jpg&amp;q=90&amp;w=70&amp;h=45&amp;zc=1\" alt=\"OAXACA: Egresadas de la UTVCO reconocidas con Premio Estatal de la Juventud\" \/><\/a><\/p>\n<h2 class=\"posttitle \"><a title=\"Enlace Permanente a OAXACA: Egresadas de la UTVCO reconocidas con Premio Estatal de la Juventud\" href=\"http:\/\/www.eloriente.net\/home\/2016\/11\/15\/oaxaca-egresadas-de-la-utvco-reconocidas-con-premio-estatal-de-la-juventud\/\" rel=\"bookmark\">OAXACA: Egresadas de la UTVCO reconocidas con Premio Estatal de la Juventud<\/a><\/h2>\n<\/div>\n<p>eloriente.net 15 de noviembre de 2016 Dos egresadas de la Universidad Tecnol\u00f3gica de los Valles Centrales de Oaxaca (UTVCO) han sido reconocidas con el m\u00e1ximo galard\u00f3n dentro\u2026<\/p>\n<p class=\"postmeta\"><span class=\"meta_date\">noviembre 15, 2016<\/span><\/p>\n<\/div>\n\n\t\t\t  <div \n\t\t\t  \tclass = \"fb-comments\" \n\t\t\t  \tdata-href = \"https:\/\/www.eloriente.net\/home\/2016\/11\/16\/es-la-cultura-libros-para-celebrar-por-juan-pablo-vasconcelos\/\"\n\t\t\t  \tdata-numposts = \"10\"\n\t\t\t\tdata-colorscheme = \"dark\"\n\t\t\t\tdata-order-by = \"social\"\n\t\t\t\tdata-mobile=true>\n\t\t\t  <\/div>\n\t\t  <style>\n\t\t\t.fb_iframe_widget_fluid_desktop iframe {\n\t\t\t    width: 100% !important;\n\t\t\t}\n\t\t  <\/style>\n\t\t  ","protected":false},"excerpt":{"rendered":"<p>&nbsp; eloriente.net 16 de noviembre de 2016 Por Juan Pablo Vasconcelos @JPVmx &nbsp; \u201cDel 11 al 20 de Noviembre se realiza en Oaxaca la 36\u00aa. Feria Internacional del Libro. El Fondo Ventura, la Proveedora Escolar y Editorial Almad\u00eda, prepararon como cada a\u00f1o un programa de celebraci\u00f3n. Al final, eso es la lectura: la gran celebraci\u00f3n [&hellip;]<\/p>\n","protected":false},"author":13,"featured_media":43226,"comment_status":"open","ping_status":"open","sticky":false,"template":"","format":"standard","meta":{"_jetpack_memberships_contains_paid_content":false,"footnotes":""},"categories":[11,18,32,63,54,3153,464,31],"tags":[241,7217,7215,2898,7216,1285,2101,350,7214],"class_list":["post-45941","post","type-post","status-publish","format-standard","has-post-thumbnail","hentry","category-colaboradores","category-educacion-y-cultura","category-entradas","category-estados","category-juan-pablo-vasconcelos","category-letras-educacion-y-cultura","category-oaxaca-estados","category-principal","tag-cultura","tag-editorial-almadia","tag-fil-oaxaca","tag-filo","tag-fondo-ventura","tag-juan-pablo-vasconcelos-2","tag-letras","tag-libros","tag-lteratura"],"jetpack_featured_media_url":"https:\/\/www.eloriente.net\/home\/wp-content\/uploads\/2016\/04\/Libros-por-@CCAC-North-Library.jpg","jetpack_sharing_enabled":true,"_links":{"self":[{"href":"https:\/\/www.eloriente.net\/home\/wp-json\/wp\/v2\/posts\/45941"}],"collection":[{"href":"https:\/\/www.eloriente.net\/home\/wp-json\/wp\/v2\/posts"}],"about":[{"href":"https:\/\/www.eloriente.net\/home\/wp-json\/wp\/v2\/types\/post"}],"author":[{"embeddable":true,"href":"https:\/\/www.eloriente.net\/home\/wp-json\/wp\/v2\/users\/13"}],"replies":[{"embeddable":true,"href":"https:\/\/www.eloriente.net\/home\/wp-json\/wp\/v2\/comments?post=45941"}],"version-history":[{"count":1,"href":"https:\/\/www.eloriente.net\/home\/wp-json\/wp\/v2\/posts\/45941\/revisions"}],"predecessor-version":[{"id":45947,"href":"https:\/\/www.eloriente.net\/home\/wp-json\/wp\/v2\/posts\/45941\/revisions\/45947"}],"wp:featuredmedia":[{"embeddable":true,"href":"https:\/\/www.eloriente.net\/home\/wp-json\/wp\/v2\/media\/43226"}],"wp:attachment":[{"href":"https:\/\/www.eloriente.net\/home\/wp-json\/wp\/v2\/media?parent=45941"}],"wp:term":[{"taxonomy":"category","embeddable":true,"href":"https:\/\/www.eloriente.net\/home\/wp-json\/wp\/v2\/categories?post=45941"},{"taxonomy":"post_tag","embeddable":true,"href":"https:\/\/www.eloriente.net\/home\/wp-json\/wp\/v2\/tags?post=45941"}],"curies":[{"name":"wp","href":"https:\/\/api.w.org\/{rel}","templated":true}]}}