{"id":46013,"date":"2016-11-21T16:47:38","date_gmt":"2016-11-21T22:47:38","guid":{"rendered":"http:\/\/www.eloriente.net\/home\/?p=46013"},"modified":"2016-11-21T16:47:38","modified_gmt":"2016-11-21T22:47:38","slug":"videocolumna-el-pri-debe-sacar-las-manos-de-sedesol-por-karina-baron","status":"publish","type":"post","link":"https:\/\/www.eloriente.net\/home\/2016\/11\/21\/videocolumna-el-pri-debe-sacar-las-manos-de-sedesol-por-karina-baron\/","title":{"rendered":"VIDEOCOLUMNA: El PRI debe sacar las manos de SEDESOL. Por Karina Bar\u00f3n"},"content":{"rendered":"<p><script src=\"\/\/pagead2.googlesyndication.com\/pagead\/js\/adsbygoogle.js\" async=\"\"><\/script><!-- BANNER ELORIENTE INCRUSTADO NOTAS --> <ins class=\"adsbygoogle\" style=\"display: inline-block; width: 300px; height: 250px;\" data-ad-client=\"ca-pub-1136171134853753\" data-ad-slot=\"7974633627\"><\/ins><script>\/\/ <![CDATA[\n(adsbygoogle = window.adsbygoogle || []).push({});\n\/\/ ]]><\/script><\/p>\n<p>&nbsp;<\/p>\n<p>eloriente.net<\/p>\n<p>21 de noviembre de 2016<\/p>\n<p>Esta semana que comienza, acudir\u00e1 a comparecer ante el Congreso Federal el Secretario de Desarrollo Social. En esta videocolumna <a class=\"profileLink\" href=\"https:\/\/www.facebook.com\/KarinaBaronO\/\" data-hovercard=\"\/ajax\/hovercard\/page.php?id=1608616546024857\">Karina Bar\u00f3n<\/a> nos dice cu\u00e1les son los cuestionamientos y exigencias que le har\u00e1.<\/p>\n<p><iframe loading=\"lazy\" style=\"border: none; overflow: hidden;\" src=\"https:\/\/www.facebook.com\/plugins\/video.php?href=https%3A%2F%2Fwww.facebook.com%2F443535572345554%2Fvideos%2F1352438351455267%2F&amp;show_text=0&amp;width=560\" width=\"560\" height=\"315\" frameborder=\"0\" scrolling=\"no\" allowfullscreen=\"allowfullscreen\"><\/iframe><\/p>\n<p><script src=\"\/\/pagead2.googlesyndication.com\/pagead\/js\/adsbygoogle.js\" async=\"\"><\/script><!-- BANNER PEQUE\u00d1O PARA ENTRENOTAS EL ORIENTE --> <ins class=\"adsbygoogle\" style=\"display: inline-block; width: 468px; height: 60px;\" data-ad-client=\"ca-pub-1136171134853753\" data-ad-slot=\"4953536424\"><\/ins><script>\/\/ <![CDATA[\n(adsbygoogle = window.adsbygoogle || []).push({});\n\/\/ ]]><\/script><\/p>\n<p>Karina Bar\u00f3n es Licenciada en Derecho por la Universidad Aut\u00f3noma Benito Ju\u00e1rez de Oaxaca, fue dirigente nacional de la Uni\u00f3n General Obrero, Campesina y Popular A.C. (UGOCP), integrante de la Coordinaci\u00f3n Estatal de Nueva Izquierda en Oaxaca.<\/p>\n<p>Actualmente es integrante de la Comisi\u00f3n de Agricultura y Sistemas de Riego, Secretaria de las comisiones de Desarrollo Social y Asuntos Frontera Sur-Sureste, y Presidenta de la Comisi\u00f3n de seguimiento al Programa Especial Concurrente Anexo 11.1\u00a0en la C\u00e1mara de Diputados.<\/p>\n<p><a href=\"http:\/\/www.eloriente.net\/home\/wp-content\/uploads\/2016\/11\/KARINA-BARO\u0301N-21-DE-NOVIEMBRE.jpg\" rel=\"attachment wp-att-46014\"><img loading=\"lazy\" decoding=\"async\" class=\"alignnone  wp-image-46014\" src=\"http:\/\/www.eloriente.net\/home\/wp-content\/uploads\/2016\/11\/KARINA-BARO\u0301N-21-DE-NOVIEMBRE.jpg\" alt=\"karina-baron-21-de-noviembre\" width=\"601\" height=\"338\" srcset=\"https:\/\/www.eloriente.net\/home\/wp-content\/uploads\/2016\/11\/KARINA-BARO\u0301N-21-DE-NOVIEMBRE.jpg 1920w, https:\/\/www.eloriente.net\/home\/wp-content\/uploads\/2016\/11\/KARINA-BARO\u0301N-21-DE-NOVIEMBRE-300x169.jpg 300w, https:\/\/www.eloriente.net\/home\/wp-content\/uploads\/2016\/11\/KARINA-BARO\u0301N-21-DE-NOVIEMBRE-768x432.jpg 768w, https:\/\/www.eloriente.net\/home\/wp-content\/uploads\/2016\/11\/KARINA-BARO\u0301N-21-DE-NOVIEMBRE-1024x576.jpg 1024w\" sizes=\"(max-width: 601px) 100vw, 601px\" \/><\/a><\/p>\n<p><strong>OTRAS VIDEOCOLUMNAS<\/strong><\/p>\n<div id=\"post-46010\" class=\"entry loop-default border_bottom_30 post-46010 post type-post status-publish format-standard has-post-thumbnail hentry category-alejandro-cruz-pimentel category-alejandro-cruz-pimentel-videoblogs category-colaboradores category-entradas category-estados category-oaxaca-estados category-politica-y-gobierno category-videoblogs tag-4321 tag-alejandro-cruz tag-alejandro-cruz-pimentel tag-gabino-cue tag-gobierno tag-informe tag-videocolumna\">\n<h2 class=\"entry_title\"><a title=\"Enlace Permanente a VIDEOCOLUMNA: Lamentamos no haber tenido el gobierno que quisimos. Por Alejandro Cruz\" href=\"http:\/\/www.eloriente.net\/home\/2016\/11\/21\/videocolumna-lamentamos-no-haber-tenido-el-gobierno-que-quisimos-por-alejandro-cruz\/\" rel=\"bookmark\">VIDEOCOLUMNA: Lamentamos no haber tenido el gobierno que quisimos. Por Alejandro Cruz<\/a><\/h2>\n<p><a href=\"http:\/\/www.eloriente.net\/home\/2016\/11\/21\/videocolumna-lamentamos-no-haber-tenido-el-gobierno-que-quisimos-por-alejandro-cruz\/\" rel=\"bookmark\"><img decoding=\"async\" class=\"alignleft\" title=\"VIDEOCOLUMNA: Lamentamos no haber tenido el gobierno que quisimos. Por Alejandro Cruz\" src=\"http:\/\/www.eloriente.net\/home\/wp-content\/themes\/city-desk\/timthumb.php?src=http%3A%2F%2Fwww.eloriente.net%2Fhome%2Fwp-content%2Fuploads%2F2016%2F11%2FALEJANDRO-CRUZ-20-DE-NOVIEMBRE.jpg&amp;q=90&amp;w=160&amp;h=106&amp;zc=1\" alt=\"VIDEOCOLUMNA: Lamentamos no haber tenido el gobierno que quisimos. Por Alejandro Cruz\" \/><\/a>\u00a0 eloriente.net 21 de noviembre de 2016 \u201cLamentamos no haber tenido el gobierno que quisimos. Lamentamos que Gabino Cu\u00e9 haya enterrado la esperanza de mucha gente. A los oaxaque\u00f1os, nos queda claro que las coaliciones con intereses electorales no funcionan a la hora de gobernar, no garantizan una mejora en la gesti\u00f3n p\u00fablica.\u201d Esta semana [\u2026]<\/p>\n<div class=\"toolbar-social\">\n<div class=\"social-widget\">\n<div id=\"sharing-widget\"><\/div>\n<\/div>\n<\/div>\n<p class=\"postmeta\"><span class=\"meta_date\">noviembre 21, 2016<\/span><\/p>\n<p class=\"postmeta\">\n<\/div>\n<div id=\"post-46007\" class=\"entry loop-default border_bottom_30 post-46007 post type-post status-publish format-standard has-post-thumbnail hentry category-articulistas category-carlos-spindola-perez-guerrero category-carlos-spindola-perez-guerrero-videoblogs category-educacion-y-cultura category-entradas category-lo-mas-reciente category-principal category-videoblogs tag-carlos-spindola tag-europa tag-gira tag-orquesta-sinfonica-nacional\">\n<h2 class=\"entry_title\"><a title=\"Enlace Permanente a VIDEOCOLUMNA: La Orquesta Sinf\u00f3nica Nacional de gira por Europa. Por Carlos Sp\u00edndola\" href=\"http:\/\/www.eloriente.net\/home\/2016\/11\/21\/videocolumna-la-orquesta-sinfonica-nacional-de-gira-por-europa-por-carlos-spindola\/\" rel=\"bookmark\">VIDEOCOLUMNA: La Orquesta Sinf\u00f3nica Nacional de gira por Europa. Por Carlos Sp\u00edndola<\/a><\/h2>\n<p><a href=\"http:\/\/www.eloriente.net\/home\/2016\/11\/21\/videocolumna-la-orquesta-sinfonica-nacional-de-gira-por-europa-por-carlos-spindola\/\" rel=\"bookmark\"><img decoding=\"async\" class=\"alignleft\" title=\"VIDEOCOLUMNA: La Orquesta Sinf\u00f3nica Nacional de gira por Europa. Por Carlos Sp\u00edndola\" src=\"http:\/\/www.eloriente.net\/home\/wp-content\/themes\/city-desk\/timthumb.php?src=http%3A%2F%2Fwww.eloriente.net%2Fhome%2Fwp-content%2Fuploads%2F2016%2F11%2FCARLOS-SPI%CC%81NDOLA-14-DE-NOVIEMBRE-2-e1479757216148.jpg&amp;q=90&amp;w=160&amp;h=106&amp;zc=1\" alt=\"VIDEOCOLUMNA: La Orquesta Sinf\u00f3nica Nacional de gira por Europa. Por Carlos Sp\u00edndola\" \/><\/a>\u00a0 eloriente.net 21 de noviembre de 2016 En estos d\u00edas la Orquesta Sinf\u00f3nica Nacional est\u00e1 realizando una gira por Alemania, Austria y Eslovenia, donde tocaron en grandes recintos m\u00fasica de compositores mexicanos. Carlos Spindola nos platica en su videocolumna semanal porque est\u00e1 gira es tan importante para la m\u00fasica cl\u00e1sica y para M\u00e9xico. Carlos Sp\u00edndola [\u2026]<\/p>\n<div class=\"toolbar-social\">\n<div class=\"social-widget\">\n<div id=\"sharing-widget\"><\/div>\n<\/div>\n<\/div>\n<p class=\"postmeta\"><span class=\"meta_date\">noviembre 21, 2016<\/span><\/p>\n<p class=\"postmeta\">\n<\/div>\n<div id=\"post-45992\" class=\"entry loop-default border_bottom_30 post-45992 post type-post status-publish format-standard has-post-thumbnail hentry category-entradas category-estados category-salud-y-estilo-de-vida category-gerardo-castellanos category-oaxaca-estados category-turismo-y-negocios category-videoblogs tag-economia tag-emprendedora tag-gerardo-castellanos tag-muje tag-oaxaca tag-oaxaquena tag-videocolumna\">\n<h2 class=\"entry_title\"><a title=\"Enlace Permanente a VIDEOCOLUMNA: La importancia de la mujer en la econom\u00eda oaxaque\u00f1a. Por Gerardo Castellanos\" href=\"http:\/\/www.eloriente.net\/home\/2016\/11\/18\/videocolumna-la-importancia-de-la-mujer-en-la-economia-oaxaquena-por-gerardo-castellanos\/\" rel=\"bookmark\">VIDEOCOLUMNA: La importancia de la mujer en la econom\u00eda oaxaque\u00f1a. Por Gerardo Castellanos<\/a><\/h2>\n<p><a href=\"http:\/\/www.eloriente.net\/home\/2016\/11\/18\/videocolumna-la-importancia-de-la-mujer-en-la-economia-oaxaquena-por-gerardo-castellanos\/\" rel=\"bookmark\"><img decoding=\"async\" class=\"alignleft\" title=\"VIDEOCOLUMNA: La importancia de la mujer en la econom\u00eda oaxaque\u00f1a. Por Gerardo Castellanos\" src=\"http:\/\/www.eloriente.net\/home\/wp-content\/themes\/city-desk\/timthumb.php?src=http%3A%2F%2Fwww.eloriente.net%2Fhome%2Fwp-content%2Fuploads%2F2016%2F11%2FGERARDO-CASTELLANOS-18-DE-NOVIEMBRE.jpg&amp;q=90&amp;w=160&amp;h=106&amp;zc=1\" alt=\"VIDEOCOLUMNA: La importancia de la mujer en la econom\u00eda oaxaque\u00f1a. Por Gerardo Castellanos\" \/><\/a>\u00a0 eloriente.net 18 de noviembre de 2016 Gerardo Felipe Castellanos Bola\u00f1os nos habla esta semana sobre la mujer oaxaque\u00f1a y como a trav\u00e9s de diversas actividades ha sido pilar fundamental en la econom\u00eda de Oaxaca. Gerardo Castellanos es ensayista y estudioso de la historia de la Villa de Santa Mar\u00eda Oaxaca. Particip\u00f3 en el programa [\u2026]<\/p>\n<\/div>\n\n\t\t\t  <div \n\t\t\t  \tclass = \"fb-comments\" \n\t\t\t  \tdata-href = \"https:\/\/www.eloriente.net\/home\/2016\/11\/21\/videocolumna-el-pri-debe-sacar-las-manos-de-sedesol-por-karina-baron\/\"\n\t\t\t  \tdata-numposts = \"10\"\n\t\t\t\tdata-colorscheme = \"dark\"\n\t\t\t\tdata-order-by = \"social\"\n\t\t\t\tdata-mobile=true>\n\t\t\t  <\/div>\n\t\t  <style>\n\t\t\t.fb_iframe_widget_fluid_desktop iframe {\n\t\t\t    width: 100% !important;\n\t\t\t}\n\t\t  <\/style>\n\t\t  ","protected":false},"excerpt":{"rendered":"<p>&nbsp; eloriente.net 21 de noviembre de 2016 Esta semana que comienza, acudir\u00e1 a comparecer ante el Congreso Federal el Secretario de Desarrollo Social. En esta videocolumna Karina Bar\u00f3n nos dice cu\u00e1les son los cuestionamientos y exigencias que le har\u00e1. Karina Bar\u00f3n es Licenciada en Derecho por la Universidad Aut\u00f3noma Benito Ju\u00e1rez de Oaxaca, fue dirigente [&hellip;]<\/p>\n","protected":false},"author":44,"featured_media":46014,"comment_status":"open","ping_status":"open","sticky":false,"template":"","format":"standard","meta":{"_jetpack_memberships_contains_paid_content":false,"footnotes":""},"categories":[91,32,6324,10,21,98],"tags":[5419,4418,231,192,935,6224],"class_list":["post-46013","post","type-post","status-publish","format-standard","has-post-thumbnail","hentry","category-congreso-y-justicia","category-entradas","category-karina-baron","category-lo-mas-reciente","category-politica-y-gobierno","category-videoblogs","tag-desarrollo-social","tag-karina-baron","tag-politica","tag-pri","tag-sedesol","tag-videocolumna"],"jetpack_featured_media_url":"https:\/\/www.eloriente.net\/home\/wp-content\/uploads\/2016\/11\/KARINA-BARO\u0301N-21-DE-NOVIEMBRE.jpg","jetpack_sharing_enabled":true,"_links":{"self":[{"href":"https:\/\/www.eloriente.net\/home\/wp-json\/wp\/v2\/posts\/46013"}],"collection":[{"href":"https:\/\/www.eloriente.net\/home\/wp-json\/wp\/v2\/posts"}],"about":[{"href":"https:\/\/www.eloriente.net\/home\/wp-json\/wp\/v2\/types\/post"}],"author":[{"embeddable":true,"href":"https:\/\/www.eloriente.net\/home\/wp-json\/wp\/v2\/users\/44"}],"replies":[{"embeddable":true,"href":"https:\/\/www.eloriente.net\/home\/wp-json\/wp\/v2\/comments?post=46013"}],"version-history":[{"count":1,"href":"https:\/\/www.eloriente.net\/home\/wp-json\/wp\/v2\/posts\/46013\/revisions"}],"predecessor-version":[{"id":46015,"href":"https:\/\/www.eloriente.net\/home\/wp-json\/wp\/v2\/posts\/46013\/revisions\/46015"}],"wp:featuredmedia":[{"embeddable":true,"href":"https:\/\/www.eloriente.net\/home\/wp-json\/wp\/v2\/media\/46014"}],"wp:attachment":[{"href":"https:\/\/www.eloriente.net\/home\/wp-json\/wp\/v2\/media?parent=46013"}],"wp:term":[{"taxonomy":"category","embeddable":true,"href":"https:\/\/www.eloriente.net\/home\/wp-json\/wp\/v2\/categories?post=46013"},{"taxonomy":"post_tag","embeddable":true,"href":"https:\/\/www.eloriente.net\/home\/wp-json\/wp\/v2\/tags?post=46013"}],"curies":[{"name":"wp","href":"https:\/\/api.w.org\/{rel}","templated":true}]}}