{"id":46022,"date":"2016-11-22T12:03:22","date_gmt":"2016-11-22T18:03:22","guid":{"rendered":"http:\/\/www.eloriente.net\/home\/?p=46022"},"modified":"2016-11-22T12:09:47","modified_gmt":"2016-11-22T18:09:47","slug":"unorienteverde-tips-para-ahorrar-energia-y-evitar-muchos-desechos","status":"publish","type":"post","link":"https:\/\/www.eloriente.net\/home\/2016\/11\/22\/unorienteverde-tips-para-ahorrar-energia-y-evitar-muchos-desechos\/","title":{"rendered":"#UnOrienteVerde     Tips para ahorrar energ\u00eda y evitar muchos desechos"},"content":{"rendered":"<p><!-- BANNER ELORIENTE INCRUSTADO NOTAS --> <ins class=\"adsbygoogle\" style=\"width: 300px;height: 250px\"><\/ins><\/p>\n<p>(www.eloriente.net; M\u00e9xico a 22 de noviembre de 2016).- Por Jessica Lamadrid<\/p>\n<p>La situaci\u00f3n del cambio clim\u00e1tico es preocupante por sus efectos que comienzan a verse en todo el planeta, por lo que es necesarios comenzar a tomar acciones que ayuden a disminuir esta problem\u00e1tica. El Oriente en colaboraci\u00f3n con Greenpeace te comparte 8 sencillos tips con los cuales puedes reducir tu consumo de energ\u00eda y desechos, como bolsas de pl\u00e1stico y \u00a0botellas.<\/p>\n<ol>\n<li>Apaga los aparatos el\u00e9ctricos\u00a0de tu casa cuando no los est\u00e9s usando y tambi\u00e9n acu\u00e9rdate de desenchufarlos.\u00a0TIP:\u00a0presta atenci\u00f3n al cargador de tu m\u00f3vil, seguro est\u00e1 enchufado y no est\u00e1s cargando el tel\u00e9fono.<\/li>\n<li>Usa focos de bajo consumo o ahorradores:\u00a0gastan un 80% menos de energ\u00eda y duran 25 veces m\u00e1s que las tradicionales.<\/li>\n<li>\n<p dir=\"ltr\">Compra aparatos el\u00e9ctricos que usen la energ\u00eda de manera eficiente.\u00a0Algunos pa\u00edses etiquetan los electrodom\u00e9sticos para que puedas comparar el uso de energ\u00eda de cada uno.<\/p>\n<\/li>\n<li>\n<p dir=\"ltr\">Camina o anda en bicicleta.\u00a0Ahorras energ\u00eda, mejoras tu salud y ayudas al planeta.<\/p>\n<\/li>\n<li>\n<p dir=\"ltr\">Si vas en autom\u00f3vil, lleva a alguien.\u00a0Puedes dividir los gastos y reducir las emisiones t\u00f3xicas.<\/p>\n<\/li>\n<li>\n<p dir=\"ltr\">Evita los viajes en avi\u00f3n<b>.<\/b>\u00a0Si es una distancia corta y puedes ir en barco, tren o bus, mejor. Los aviones generan muchos m\u00e1s gases de efecto invernadero y contribuyen al calentamiento global.<\/p>\n<\/li>\n<li>\n<p dir=\"ltr\">Compra productos con la menor cantidad de envoltorio posible.\u00a0En general, los envoltorios son de pl\u00e1stico y este material tarda cientos de a\u00f1os en degradarse.<\/p>\n<\/li>\n<li>\n<p dir=\"ltr\"><strong>Recicla y reutiliza:<\/strong>\u00a0pon atenci\u00f3n a los productos que desechas. Seguro hay botellas, frascos, envases que podr\u00edan transformarse en otra cosa si los reciclas. \u00a1Usa tu imaginaci\u00f3n!<\/p>\n<\/li>\n<\/ol>\n<p><a href=\"http:\/\/picasion.com\/\"><img loading=\"lazy\" decoding=\"async\" class=\"aligncenter\" src=\"http:\/\/i.picasion.com\/pic83\/617de5c7b48fbd626f5d734a8818eca1.gif\" alt=\"http:\/\/picasion.com\/\" width=\"300\" height=\"225\" border=\"0\" \/><\/a><\/p>\n<h2>ENTRADAS<\/h2>\n<div class=\"featuredpost\">\n<div class=\"flow_hide\">\n<h2 class=\"posttitle bigposttitle\"><a title=\"Enlace Permanente a 5 vacantes para abogados #MartesDeVacantes\" href=\"http:\/\/www.eloriente.net\/home\/2016\/11\/22\/5-vacantes-para-abogados-martesdevacantes-7\/\" rel=\"bookmark\">5 vacantes para abogados #MartesDeVacantes<\/a><\/h2>\n<\/div>\n<p>(www.eloriente.net, M\u00e9xico, a 21 de noviembre de 2016).- Conscientes de la importancia para la ciudadan\u00eda en general de la b\u00fasqueda de nuevas oportunidades de crecimiento profesional, ponemos\u2026<\/p>\n<p class=\"postmeta\"><span class=\"meta_date\">noviembre 22, 2016<\/span><\/p>\n<div class=\"toolbar-social\"><\/div>\n<\/div>\n<div class=\"featuredpost\">\n<div class=\"flow_hide\">\n<p><a href=\"http:\/\/www.eloriente.net\/home\/2016\/11\/21\/oaxaca-el-ciudadano-no-ve-las-mejoras-que-tanto-se-anuncian-solo-padecen-bloques-y-manifestaciones-juan-mendoza\/\" rel=\"bookmark\"><img decoding=\"async\" class=\"alignleft\" title=\"OAXACA: \u201cEl ciudadano no ve las mejoras que tanto se anuncian, s\u00f3lo padecen bloqueos y manifestaciones\u201d: Juan Mendoza\" src=\"http:\/\/www.eloriente.net\/home\/wp-content\/themes\/city-desk\/timthumb.php?src=http%3A%2F%2Fwww.eloriente.net%2Fhome%2Fwp-content%2Fuploads%2F2016%2F11%2FJUAN-MENDOZA-REYES.jpg&amp;q=90&amp;w=70&amp;h=45&amp;zc=1\" alt=\"OAXACA: \u201cEl ciudadano no ve las mejoras que tanto se anuncian, s\u00f3lo padecen bloqueos y manifestaciones\u201d: Juan Mendoza\" \/><\/a><\/p>\n<h2 class=\"posttitle \"><a title=\"Enlace Permanente a OAXACA: \u201cEl ciudadano no ve las mejoras que tanto se anuncian, s\u00f3lo padecen bloqueos y manifestaciones\u201d: Juan Mendoza\" href=\"http:\/\/www.eloriente.net\/home\/2016\/11\/21\/oaxaca-el-ciudadano-no-ve-las-mejoras-que-tanto-se-anuncian-solo-padecen-bloques-y-manifestaciones-juan-mendoza\/\" rel=\"bookmark\">OAXACA: \u201cEl ciudadano no ve las mejoras que tanto se anuncian, s\u00f3lo padecen bloqueos y manifestaciones\u201d: Juan Mendoza<\/a><\/h2>\n<\/div>\n<p>eloriente.net 21 de noviembre de 2016 Juan Mendoza Reyes, coordinador panista de la LXIII Legislatura,\u00a0acus\u00f3 a Carlos Santiago Carrasco de convertir la Secretar\u00eda General de Gobierno en\u2026<\/p>\n<p class=\"postmeta\"><span class=\"meta_date\">noviembre 21, 2016<\/span><\/p>\n<div class=\"toolbar-social\"><\/div>\n<\/div>\n<div class=\"featuredpost\">\n<div class=\"flow_hide\">\n<p><a href=\"http:\/\/www.eloriente.net\/home\/2016\/11\/21\/videocolumna-lamentamos-no-haber-tenido-el-gobierno-que-quisimos-por-alejandro-cruz\/\" rel=\"bookmark\"><img decoding=\"async\" class=\"alignleft\" title=\"VIDEOCOLUMNA: Lamentamos no haber tenido el gobierno que quisimos. Por Alejandro Cruz\" src=\"http:\/\/www.eloriente.net\/home\/wp-content\/themes\/city-desk\/timthumb.php?src=http%3A%2F%2Fwww.eloriente.net%2Fhome%2Fwp-content%2Fuploads%2F2016%2F11%2FALEJANDRO-CRUZ-20-DE-NOVIEMBRE.jpg&amp;q=90&amp;w=70&amp;h=45&amp;zc=1\" alt=\"VIDEOCOLUMNA: Lamentamos no haber tenido el gobierno que quisimos. Por Alejandro Cruz\" \/><\/a><\/p>\n<h2 class=\"posttitle \"><a title=\"Enlace Permanente a VIDEOCOLUMNA: Lamentamos no haber tenido el gobierno que quisimos. Por Alejandro Cruz\" href=\"http:\/\/www.eloriente.net\/home\/2016\/11\/21\/videocolumna-lamentamos-no-haber-tenido-el-gobierno-que-quisimos-por-alejandro-cruz\/\" rel=\"bookmark\">VIDEOCOLUMNA: Lamentamos no haber tenido el gobierno que quisimos. Por Alejandro Cruz<\/a><\/h2>\n<\/div>\n<p>eloriente.net 21 de noviembre de 2016 \u201cLamentamos no haber tenido el gobierno que quisimos. Lamentamos que Gabino Cu\u00e9 haya enterrado la esperanza de mucha gente. A los\u2026<\/p>\n<p class=\"postmeta\"><span class=\"meta_date\">noviembre 21, 2016<\/span><\/p>\n<\/div>\n\n\t\t\t  <div \n\t\t\t  \tclass = \"fb-comments\" \n\t\t\t  \tdata-href = \"https:\/\/www.eloriente.net\/home\/2016\/11\/22\/unorienteverde-tips-para-ahorrar-energia-y-evitar-muchos-desechos\/\"\n\t\t\t  \tdata-numposts = \"10\"\n\t\t\t\tdata-colorscheme = \"dark\"\n\t\t\t\tdata-order-by = \"social\"\n\t\t\t\tdata-mobile=true>\n\t\t\t  <\/div>\n\t\t  <style>\n\t\t\t.fb_iframe_widget_fluid_desktop iframe {\n\t\t\t    width: 100% !important;\n\t\t\t}\n\t\t  <\/style>\n\t\t  ","protected":false},"excerpt":{"rendered":"<p>(www.eloriente.net; M\u00e9xico a 22 de noviembre de 2016).- Por Jessica Lamadrid La situaci\u00f3n del cambio clim\u00e1tico es preocupante por sus efectos que comienzan a verse en todo el planeta, por lo que es necesarios comenzar a tomar acciones que ayuden a disminuir esta problem\u00e1tica. El Oriente en colaboraci\u00f3n con Greenpeace te comparte 8 sencillos tips [&hellip;]<\/p>\n","protected":false},"author":45,"featured_media":46024,"comment_status":"open","ping_status":"open","sticky":false,"template":"","format":"standard","meta":{"_jetpack_memberships_contains_paid_content":false,"footnotes":""},"categories":[32,10,20],"tags":[7235,710,7213,5786,7236],"class_list":["post-46022","post","type-post","status-publish","format-standard","has-post-thumbnail","hentry","category-entradas","category-lo-mas-reciente","category-medio-ambiente","tag-cmabio-climatico","tag-ecologia","tag-ecotips","tag-tips","tag-vida-verde"],"jetpack_featured_media_url":"https:\/\/www.eloriente.net\/home\/wp-content\/uploads\/2016\/11\/bike-1807159_1920.jpg","jetpack_sharing_enabled":true,"_links":{"self":[{"href":"https:\/\/www.eloriente.net\/home\/wp-json\/wp\/v2\/posts\/46022"}],"collection":[{"href":"https:\/\/www.eloriente.net\/home\/wp-json\/wp\/v2\/posts"}],"about":[{"href":"https:\/\/www.eloriente.net\/home\/wp-json\/wp\/v2\/types\/post"}],"author":[{"embeddable":true,"href":"https:\/\/www.eloriente.net\/home\/wp-json\/wp\/v2\/users\/45"}],"replies":[{"embeddable":true,"href":"https:\/\/www.eloriente.net\/home\/wp-json\/wp\/v2\/comments?post=46022"}],"version-history":[{"count":5,"href":"https:\/\/www.eloriente.net\/home\/wp-json\/wp\/v2\/posts\/46022\/revisions"}],"predecessor-version":[{"id":46028,"href":"https:\/\/www.eloriente.net\/home\/wp-json\/wp\/v2\/posts\/46022\/revisions\/46028"}],"wp:featuredmedia":[{"embeddable":true,"href":"https:\/\/www.eloriente.net\/home\/wp-json\/wp\/v2\/media\/46024"}],"wp:attachment":[{"href":"https:\/\/www.eloriente.net\/home\/wp-json\/wp\/v2\/media?parent=46022"}],"wp:term":[{"taxonomy":"category","embeddable":true,"href":"https:\/\/www.eloriente.net\/home\/wp-json\/wp\/v2\/categories?post=46022"},{"taxonomy":"post_tag","embeddable":true,"href":"https:\/\/www.eloriente.net\/home\/wp-json\/wp\/v2\/tags?post=46022"}],"curies":[{"name":"wp","href":"https:\/\/api.w.org\/{rel}","templated":true}]}}