{"id":46030,"date":"2016-11-22T13:50:26","date_gmt":"2016-11-22T19:50:26","guid":{"rendered":"http:\/\/www.eloriente.net\/home\/?p=46030"},"modified":"2016-11-22T16:27:35","modified_gmt":"2016-11-22T22:27:35","slug":"oaxaca-buscan-trabajo-conjunto-entre-el-instituto-tecnologico-de-pinotepa-y-el-cec-ipn-unidad-oaxaca","status":"publish","type":"post","link":"https:\/\/www.eloriente.net\/home\/2016\/11\/22\/oaxaca-buscan-trabajo-conjunto-entre-el-instituto-tecnologico-de-pinotepa-y-el-cec-ipn-unidad-oaxaca\/","title":{"rendered":"OAXACA: Buscan sinergia entre el Instituto Tecnol\u00f3gico de Pinotepa y el CEC IPN Unidad Oaxaca"},"content":{"rendered":"<p><script src=\"\/\/pagead2.googlesyndication.com\/pagead\/js\/adsbygoogle.js\" async=\"\"><\/script><!-- BANNER ELORIENTE INCRUSTADO NOTAS --> <ins class=\"adsbygoogle\" style=\"display: inline-block; width: 300px; height: 250px;\" data-ad-client=\"ca-pub-1136171134853753\" data-ad-slot=\"7974633627\"><\/ins><script>\/\/ <![CDATA[\n(adsbygoogle = window.adsbygoogle || []).push({});\n\/\/ ]]><\/script><\/p>\n<p>&nbsp;<\/p>\n<p>eloriente.net<\/p>\n<p>22 de noviembre de 2016<\/p>\n<p>&nbsp;<\/p>\n<p>Las instituciones educativas est\u00e1n constantemente en b\u00fasqueda de alianzas y convenios que fomenten una mejora en su calidad educativa.<\/p>\n<p>Tal es el caso del Centro de Educaci\u00f3n Continua del Instituto Polit\u00e9cnico Nacional Unidad Oaxaca que el pasado 18 de noviembre realiz\u00f3 una reuni\u00f3n de trabajo con el Egresado Polit\u00e9cnico y Director del Instituto Tecnol\u00f3gico de Pinotepa Nacional Oaxaca, el M. en C. Porfirio Roberto N\u00e1jera Medina.<\/p>\n<p><script src=\"\/\/pagead2.googlesyndication.com\/pagead\/js\/adsbygoogle.js\" async=\"\"><\/script><!-- BANNER PEQUE\u00d1O PARA ENTRENOTAS EL ORIENTE --> <ins class=\"adsbygoogle\" style=\"display: inline-block; width: 468px; height: 60px;\" data-ad-client=\"ca-pub-1136171134853753\" data-ad-slot=\"4953536424\"><\/ins><script>\/\/ <![CDATA[\n(adsbygoogle = window.adsbygoogle || []).push({});\n\/\/ ]]><\/script><\/p>\n<p>La reuni\u00f3n se realiz\u00f3 en un ambiente de cordialidad y compa\u00f1erismo, siempre teniendo como objetivo principal la creaci\u00f3n de sinergias que beneficien a ambas poblaciones acad\u00e9micas y estudiantiles.<\/p>\n<p>El Instituto Tecnol\u00f3gico de Pinotepa tiene como misi\u00f3n contribuir a la conformaci\u00f3n de una sociedad m\u00e1s Justa, humana y amplia, cultural, cient\u00edfica y tecnol\u00f3gicamente. Esto mediante un sistema integrado de educaci\u00f3n superior tecnol\u00f3gica.<\/p>\n<p><a href=\"http:\/\/www.eloriente.net\/home\/wp-content\/uploads\/2016\/11\/CEC-REUNIO\u0301N2.jpg\" rel=\"attachment wp-att-46032\"><img loading=\"lazy\" decoding=\"async\" class=\"alignnone wp-image-46032\" src=\"http:\/\/www.eloriente.net\/home\/wp-content\/uploads\/2016\/11\/CEC-REUNIO\u0301N2.jpg\" alt=\"cec-reunion2\" width=\"600\" height=\"450\" srcset=\"https:\/\/www.eloriente.net\/home\/wp-content\/uploads\/2016\/11\/CEC-REUNIO\u0301N2.jpg 1280w, https:\/\/www.eloriente.net\/home\/wp-content\/uploads\/2016\/11\/CEC-REUNIO\u0301N2-300x225.jpg 300w, https:\/\/www.eloriente.net\/home\/wp-content\/uploads\/2016\/11\/CEC-REUNIO\u0301N2-768x576.jpg 768w, https:\/\/www.eloriente.net\/home\/wp-content\/uploads\/2016\/11\/CEC-REUNIO\u0301N2-1024x768.jpg 1024w\" sizes=\"(max-width: 600px) 100vw, 600px\" \/><\/a><\/p>\n<p><strong>OTRAS ENTRADAS<\/strong><\/p>\n<div class=\"featuredpost\">\n<div class=\"flow_hide\">\n<h2 class=\"posttitle bigposttitle\"><a title=\"Enlace Permanente a 5 vacantes para abogados #MartesDeVacantes\" href=\"http:\/\/www.eloriente.net\/home\/2016\/11\/22\/5-vacantes-para-abogados-martesdevacantes-7\/\" rel=\"bookmark\">5 vacantes para abogados #MartesDeVacantes<\/a><\/h2>\n<\/div>\n<p>(www.eloriente.net, M\u00e9xico, a 21 de noviembre de 2016).- Conscientes de la importancia para la ciudadan\u00eda en general de la b\u00fasqueda de nuevas oportunidades de crecimiento profesional, ponemos\u2026<\/p>\n<p class=\"postmeta\"><span class=\"meta_date\">noviembre 22, 2016<\/span><\/p>\n<p class=\"postmeta\">\n<\/div>\n<div class=\"featuredpost\">\n<div class=\"flow_hide\">\n<p><a href=\"http:\/\/www.eloriente.net\/home\/2016\/11\/21\/oaxaca-el-ciudadano-no-ve-las-mejoras-que-tanto-se-anuncian-solo-padecen-bloques-y-manifestaciones-juan-mendoza\/\" rel=\"bookmark\"><img decoding=\"async\" class=\"alignleft\" title=\"OAXACA: \u201cEl ciudadano no ve las mejoras que tanto se anuncian, s\u00f3lo padecen bloqueos y manifestaciones\u201d: Juan Mendoza\" src=\"http:\/\/www.eloriente.net\/home\/wp-content\/themes\/city-desk\/timthumb.php?src=http%3A%2F%2Fwww.eloriente.net%2Fhome%2Fwp-content%2Fuploads%2F2016%2F11%2FJUAN-MENDOZA-REYES.jpg&amp;q=90&amp;w=70&amp;h=45&amp;zc=1\" alt=\"OAXACA: \u201cEl ciudadano no ve las mejoras que tanto se anuncian, s\u00f3lo padecen bloqueos y manifestaciones\u201d: Juan Mendoza\" \/><\/a><\/p>\n<h2 class=\"posttitle \"><a title=\"Enlace Permanente a OAXACA: \u201cEl ciudadano no ve las mejoras que tanto se anuncian, s\u00f3lo padecen bloqueos y manifestaciones\u201d: Juan Mendoza\" href=\"http:\/\/www.eloriente.net\/home\/2016\/11\/21\/oaxaca-el-ciudadano-no-ve-las-mejoras-que-tanto-se-anuncian-solo-padecen-bloques-y-manifestaciones-juan-mendoza\/\" rel=\"bookmark\">OAXACA: \u201cEl ciudadano no ve las mejoras que tanto se anuncian, s\u00f3lo padecen bloqueos y manifestaciones\u201d: Juan Mendoza<\/a><\/h2>\n<\/div>\n<p>eloriente.net 21 de noviembre de 2016 Juan Mendoza Reyes, coordinador panista de la LXIII Legislatura,\u00a0acus\u00f3 a Carlos Santiago Carrasco de convertir la Secretar\u00eda General de Gobierno en\u2026<\/p>\n<p class=\"postmeta\"><span class=\"meta_date\">noviembre 21, 2016<\/span><\/p>\n<p class=\"postmeta\">\n<\/div>\n<div class=\"featuredpost\">\n<div class=\"flow_hide\">\n<p><a href=\"http:\/\/www.eloriente.net\/home\/2016\/11\/21\/videocolumna-lamentamos-no-haber-tenido-el-gobierno-que-quisimos-por-alejandro-cruz\/\" rel=\"bookmark\"><img decoding=\"async\" class=\"alignleft\" title=\"VIDEOCOLUMNA: Lamentamos no haber tenido el gobierno que quisimos. Por Alejandro Cruz\" src=\"http:\/\/www.eloriente.net\/home\/wp-content\/themes\/city-desk\/timthumb.php?src=http%3A%2F%2Fwww.eloriente.net%2Fhome%2Fwp-content%2Fuploads%2F2016%2F11%2FALEJANDRO-CRUZ-20-DE-NOVIEMBRE.jpg&amp;q=90&amp;w=70&amp;h=45&amp;zc=1\" alt=\"VIDEOCOLUMNA: Lamentamos no haber tenido el gobierno que quisimos. Por Alejandro Cruz\" \/><\/a><\/p>\n<h2 class=\"posttitle \"><a title=\"Enlace Permanente a VIDEOCOLUMNA: Lamentamos no haber tenido el gobierno que quisimos. Por Alejandro Cruz\" href=\"http:\/\/www.eloriente.net\/home\/2016\/11\/21\/videocolumna-lamentamos-no-haber-tenido-el-gobierno-que-quisimos-por-alejandro-cruz\/\" rel=\"bookmark\">VIDEOCOLUMNA: Lamentamos no haber tenido el gobierno que quisimos. Por Alejandro Cruz<\/a><\/h2>\n<\/div>\n<p>eloriente.net 21 de noviembre de 2016 \u201cLamentamos no haber tenido el gobierno que quisimos. Lamentamos que Gabino Cu\u00e9 haya enterrado la esperanza de mucha gente. A los\u2026<\/p>\n<p class=\"postmeta\"><span class=\"meta_date\">noviembre 21, 2016<\/span><\/p>\n<\/div>\n\n\t\t\t  <div \n\t\t\t  \tclass = \"fb-comments\" \n\t\t\t  \tdata-href = \"https:\/\/www.eloriente.net\/home\/2016\/11\/22\/oaxaca-buscan-trabajo-conjunto-entre-el-instituto-tecnologico-de-pinotepa-y-el-cec-ipn-unidad-oaxaca\/\"\n\t\t\t  \tdata-numposts = \"10\"\n\t\t\t\tdata-colorscheme = \"dark\"\n\t\t\t\tdata-order-by = \"social\"\n\t\t\t\tdata-mobile=true>\n\t\t\t  <\/div>\n\t\t  <style>\n\t\t\t.fb_iframe_widget_fluid_desktop iframe {\n\t\t\t    width: 100% !important;\n\t\t\t}\n\t\t  <\/style>\n\t\t  ","protected":false},"excerpt":{"rendered":"<p>&nbsp; eloriente.net 22 de noviembre de 2016 &nbsp; Las instituciones educativas est\u00e1n constantemente en b\u00fasqueda de alianzas y convenios que fomenten una mejora en su calidad educativa. Tal es el caso del Centro de Educaci\u00f3n Continua del Instituto Polit\u00e9cnico Nacional Unidad Oaxaca que el pasado 18 de noviembre realiz\u00f3 una reuni\u00f3n de trabajo con el [&hellip;]<\/p>\n","protected":false},"author":44,"featured_media":46032,"comment_status":"open","ping_status":"open","sticky":false,"template":"","format":"standard","meta":{"_jetpack_memberships_contains_paid_content":false,"footnotes":""},"categories":[1588,18,32,63,464,84],"tags":[7090,7182,7092,7237,7154],"class_list":["post-46030","post","type-post","status-publish","format-standard","has-post-thumbnail","hentry","category-comunicados-y-boletines","category-educacion-y-cultura","category-entradas","category-estados","category-oaxaca-estados","category-universidades","tag-cec","tag-centro-de-educacion-continua","tag-instituto-politecnico-nacional","tag-instituto-tecnologico-de-pinotepa","tag-unidad-oaxaca"],"jetpack_featured_media_url":"https:\/\/www.eloriente.net\/home\/wp-content\/uploads\/2016\/11\/CEC-REUNIO\u0301N2.jpg","jetpack_sharing_enabled":true,"_links":{"self":[{"href":"https:\/\/www.eloriente.net\/home\/wp-json\/wp\/v2\/posts\/46030"}],"collection":[{"href":"https:\/\/www.eloriente.net\/home\/wp-json\/wp\/v2\/posts"}],"about":[{"href":"https:\/\/www.eloriente.net\/home\/wp-json\/wp\/v2\/types\/post"}],"author":[{"embeddable":true,"href":"https:\/\/www.eloriente.net\/home\/wp-json\/wp\/v2\/users\/44"}],"replies":[{"embeddable":true,"href":"https:\/\/www.eloriente.net\/home\/wp-json\/wp\/v2\/comments?post=46030"}],"version-history":[{"count":4,"href":"https:\/\/www.eloriente.net\/home\/wp-json\/wp\/v2\/posts\/46030\/revisions"}],"predecessor-version":[{"id":46035,"href":"https:\/\/www.eloriente.net\/home\/wp-json\/wp\/v2\/posts\/46030\/revisions\/46035"}],"wp:featuredmedia":[{"embeddable":true,"href":"https:\/\/www.eloriente.net\/home\/wp-json\/wp\/v2\/media\/46032"}],"wp:attachment":[{"href":"https:\/\/www.eloriente.net\/home\/wp-json\/wp\/v2\/media?parent=46030"}],"wp:term":[{"taxonomy":"category","embeddable":true,"href":"https:\/\/www.eloriente.net\/home\/wp-json\/wp\/v2\/categories?post=46030"},{"taxonomy":"post_tag","embeddable":true,"href":"https:\/\/www.eloriente.net\/home\/wp-json\/wp\/v2\/tags?post=46030"}],"curies":[{"name":"wp","href":"https:\/\/api.w.org\/{rel}","templated":true}]}}