{"id":46311,"date":"2016-12-12T13:51:58","date_gmt":"2016-12-12T19:51:58","guid":{"rendered":"http:\/\/www.eloriente.net\/home\/?p=46311"},"modified":"2016-12-13T14:08:42","modified_gmt":"2016-12-13T20:08:42","slug":"oaxaca-eligen-pan-consejeros-nacionales","status":"publish","type":"post","link":"https:\/\/www.eloriente.net\/home\/2016\/12\/12\/oaxaca-eligen-pan-consejeros-nacionales\/","title":{"rendered":"OAXACA: Eligen en el PAN a sus consejeros nacionales"},"content":{"rendered":"<p><script src=\"\/\/pagead2.googlesyndication.com\/pagead\/js\/adsbygoogle.js\" async=\"\"><\/script><!-- BANNER ELORIENTE INCRUSTADO NOTAS --> <ins class=\"adsbygoogle\" style=\"display: inline-block; width: 300px; height: 250px;\" data-ad-client=\"ca-pub-1136171134853753\" data-ad-slot=\"7974633627\"><\/ins><script>\/\/ <![CDATA[\n(adsbygoogle = window.adsbygoogle || []).push({});\n\/\/ ]]><\/script><\/p>\n<p>&nbsp;<\/p>\n<p>eloriente.net<\/p>\n<p>12 de diciembre de 2016<\/p>\n<p><span style=\"font-weight: 400;\">En un ambiente democr\u00e1tico y de respeto, el panismo oaxaque\u00f1o eligi\u00f3 como integrantes del Consejo Nacional a Alejandra Garc\u00eda Morlan y Mar\u00eda Er\u00e9ndira Morlan Ruiz, as\u00ed como a Juan Mendoza Reyes y Wilmer Ram\u00edrez Miguel.<\/span><\/p>\n<p><span style=\"font-weight: 400;\">Los 728 delegados numerarios de todo el estado participantes en la Asamblea Estatal, vot\u00f3 de manera libre y secreta, a los cuatro representantes de la entidad que habr\u00e1n de integrarse al m\u00e1ximo \u00f3rgano colegiado para el periodo 2017-2019.<\/span><\/p>\n<p><span style=\"font-weight: 400;\">\u201cUna vez m\u00e1s, el Partido Acci\u00f3n Nacional ha dado muestra de su vocaci\u00f3n democr\u00e1tica. \u00a0Mediante la civilidad y con el sufragio, las y los delegados eligieron a sus representantes\u201d, apunt\u00f3 el secretario general en funciones de presidente, Luis Z\u00e1rate Arag\u00f3n.<\/span><\/p>\n<p><span style=\"font-weight: 400;\">En presencia del delegado del Comit\u00e9 Ejecutivo Nacional (CEN), Guillermo Arturo Aguirre Mada, se efectu\u00f3 la Asamblea, durante la cual el secretario en funciones de presidente, rindi\u00f3 su informe de actividades.<\/span><\/p>\n<p><span style=\"font-weight: 400;\">En este sentido, Z\u00e1rate Arag\u00f3n, resalt\u00f3 las in\u00e9ditas transformaciones que ha registrado Acci\u00f3n Nacional en los \u00faltimos cuatro a\u00f1os, que incluyen reformas estatutarias, de reglamentos, adem\u00e1s de la depuraci\u00f3n del padr\u00f3n.<\/span><\/p>\n<p><span style=\"font-weight: 400;\">Resalt\u00f3 que en estos momentos se requiere que el panista sea generoso, \u201cprofundamente generoso, m\u00edsticamente generoso, generosamente generoso\u201d.<\/span><\/p>\n<p><span style=\"font-weight: 400;\">Adem\u00e1s que pidi\u00f3 a la militancia responsabilidad y una cr\u00edtica generosa. \u00a0Y llam\u00f3 a la y los candidatos que contender\u00e1n por la presidencia del Comit\u00e9 Directivo Estatal (CDE) el pr\u00f3ximo 18 de diciembre, a apegarse a las normas y reglamentos.<\/span><\/p>\n<p><span style=\"font-weight: 400;\">Cabe destacar que el postulante que obtuvo el mayor n\u00famero de votos fue Juan Mendoza Reyes, con un total de 296; seguido por Alejandra Garc\u00eda Morlan con 238; Wilmer Ram\u00edrez Miguel con 191 y Mar\u00eda Er\u00e9ndira Morlan Ruiz con 166.<\/span><\/p>\n<p><span style=\"font-weight: 400;\">Perfiles de los consejeros nacionales:<\/span><\/p>\n<p><script src=\"\/\/pagead2.googlesyndication.com\/pagead\/js\/adsbygoogle.js\" async=\"\"><\/script><!-- BANNER PEQUE\u00d1O PARA ENTRENOTAS EL ORIENTE --> <ins class=\"adsbygoogle\" style=\"display: inline-block; width: 468px; height: 60px;\" data-ad-client=\"ca-pub-1136171134853753\" data-ad-slot=\"4953536424\"><\/ins><script>\/\/ <![CDATA[\n(adsbygoogle = window.adsbygoogle || []).push({});\n\/\/ ]]><\/script><\/p>\n<p><strong>Alejandra Garc\u00eda Morlan.<\/strong><\/p>\n<p><span style=\"font-weight: 400;\">Licenciada en Comercio Exterior, Master en Estudios Pol\u00edticos Aplicados, becaria de la Fundaci\u00f3n FAES y FIIAPP en Madrid, Espa\u00f1a. Militante panista desde hace 19 a\u00f1os. \u00a0Integrante de Acci\u00f3n Juvenil, actualmente consejera estatal y consejera nacional; regidora del Municipio de Oaxaca de Ju\u00e1rez (2011 a 2013), diputada Local (2013 a 2016), integrante de la planilla del ex candidato a la dirigencia nacional del PAN, Javier Corral (gobernador de Chihuahua). <\/span><\/p>\n<p><strong>Mar\u00eda Er\u00e9ndira Morlan Ruiz.<\/strong><\/p>\n<p><span style=\"font-weight: 400;\">Profesora de Biolog\u00eda y de F\u00edsica y Qu\u00edmica, maestra de primaria y secundaria, subdirectora de Escuelas Secundarias Generales y \u00a0T\u00e9cnicas; supervisora auxiliar y asesora t\u00e9cnica pedag\u00f3gica de supervisi\u00f3n escolar de zona en Secundarias T\u00e9cnicas. Militante de Acci\u00f3n Nacional desde 1997, representante de casilla y representante general, coordinadora de redes de mujeres en campa\u00f1as electorales, secretaria general del Comit\u00e9 Directivo Municipal de Oaxaca de Ju\u00e1rez, capacitadora nacional y consejera estatal. <\/span><\/p>\n<p><strong>Juan Mendoza Reyes.<\/strong><\/p>\n<p><span style=\"font-weight: 400;\">Licenciado en Derecho por la Universidad Aut\u00f3noma \u201cBenito Ju\u00e1rez\u201d de Oaxaca (UABJO). \u00a0Militante panista desde julio de 2001, organismo pol\u00edtico que presidi\u00f3 a nivel estatal de 2012 a 2016. Integrante del Consejo Estatal y Nacional. Presidente del Comit\u00e9 Directivo Municipal en Tonameca (2005-2008). Candidato a diputado local y federal. Legislador y coordinador <\/span><span style=\"font-weight: 400;\">de la Fracci\u00f3n Parlamentaria del PAN en la LXI y LXIII Legislatura. \u00a0De 2011 a 2012 presidi\u00f3 la Junta de Coordinaci\u00f3n Pol\u00edtica del Congreso del Estado.<\/span><\/p>\n<p><strong>Wilmer Ram\u00edrez Miguel.<\/strong><\/p>\n<p><span style=\"font-weight: 400;\"><span style=\"font-weight: 400;\">Oaxaque\u00f1o. Asesor y Gestor del diputado federal del PAN, Luis de Le\u00f3n Mart\u00ednez S\u00e1nchez, en la LXIII Legislatura del Congreso de la Uni\u00f3n. Lic. Q. F. B. de profesi\u00f3n. Titulado. Maestrante. Miembro Activo desde el 16 de septiembre de 2006. Integrante del Comit\u00e9 Directivo Municipal de Santa Luc\u00eda del Camino, 2013-2016; secretario municipal de Acci\u00f3n Juvenil de diciembre de 2007 a diciembre 2008; coordinador de Formaci\u00f3n y Capacitaci\u00f3n de la Secretar\u00eda Estatal de Acci\u00f3n Juvenil Oaxaca, 2008-2010.<\/span><\/span><\/p>\n<p><a href=\"http:\/\/www.eloriente.net\/home\/wp-content\/uploads\/2016\/12\/alejandra-garci\u0301a-morla\u0301n.jpg\" rel=\"attachment wp-att-46342\"><img loading=\"lazy\" decoding=\"async\" class=\"size-full wp-image-46342\" src=\"http:\/\/www.eloriente.net\/home\/wp-content\/uploads\/2016\/12\/alejandra-garci\u0301a-morla\u0301n.jpg\" alt=\"????????????????????????????????????\" width=\"660\" height=\"329\" srcset=\"https:\/\/www.eloriente.net\/home\/wp-content\/uploads\/2016\/12\/alejandra-garci\u0301a-morla\u0301n.jpg 660w, https:\/\/www.eloriente.net\/home\/wp-content\/uploads\/2016\/12\/alejandra-garci\u0301a-morla\u0301n-300x150.jpg 300w\" sizes=\"(max-width: 660px) 100vw, 660px\" \/><\/a><\/p>\n<p>&nbsp;<\/p>\n<p><strong>OTRAS ENTRADAS<\/strong><\/p>\n<div class=\"featuredpost\">\n<div class=\"flow_hide\">\n<h2 class=\"posttitle bigposttitle\"><a title=\"Enlace Permanente a DEPORTES: Cr\u00f3nicas beisboleras: Buenos juegos en el Vasconcelos. Por Jaime Palau\" href=\"http:\/\/www.eloriente.net\/home\/2016\/12\/12\/deportes-cronicas-beisboleras-buenos-juegos-vasconcelos-jaime-palau\/\" rel=\"bookmark\">DEPORTES: Cr\u00f3nicas beisboleras: Buenos juegos en el Vasconcelos. Por Jaime Palau<\/a><\/h2>\n<\/div>\n<p>(www.eloriente.net, M\u00e9xico, a 12 de diciembre de 2016, por Jaime Palau Ranz).-\u00a0Magn\u00edfica idea de la directiva del equipo Diablos-Guerreros que participa en la liga invernal mexicana, de\u2026<\/p>\n<p class=\"postmeta\"><span class=\"meta_date\">diciembre 12, 2016<\/span><\/p>\n<div class=\"toolbar-social\"><\/div>\n<\/div>\n<div class=\"featuredpost\">\n<div class=\"flow_hide\">\n<p><a href=\"http:\/\/www.eloriente.net\/home\/2016\/12\/09\/videocolumna-debemos-ayudarnos-gerardo-castellanos\/\" rel=\"bookmark\"><img decoding=\"async\" class=\"alignleft\" title=\"VIDEOCOLUMNA: Debemos ayudarnos. Por Gerardo Castellanos\" src=\"http:\/\/www.eloriente.net\/home\/wp-content\/themes\/city-desk\/timthumb.php?src=http%3A%2F%2Fwww.eloriente.net%2Fhome%2Fwp-content%2Fuploads%2F2016%2F12%2FGERARDO-CASTELLANOS-9-DE-DICIEMBRE-1-e1481328187688.jpg&amp;q=90&amp;w=70&amp;h=45&amp;zc=1\" alt=\"VIDEOCOLUMNA: Debemos ayudarnos. Por Gerardo Castellanos\" \/><\/a><\/p>\n<h2 class=\"posttitle \"><a title=\"Enlace Permanente a VIDEOCOLUMNA: Debemos ayudarnos. Por Gerardo Castellanos\" href=\"http:\/\/www.eloriente.net\/home\/2016\/12\/09\/videocolumna-debemos-ayudarnos-gerardo-castellanos\/\" rel=\"bookmark\">VIDEOCOLUMNA: Debemos ayudarnos. Por Gerardo Castellanos<\/a><\/h2>\n<\/div>\n<p>eloriente.net 9 de diciembre de 2016 Hay escasez de clientes y como saben el mercado de la ciudad de Oaxaca esta lleno de competidores. Para sobrevivir, \u201clo\u2026<\/p>\n<p class=\"postmeta\"><span class=\"meta_date\">diciembre 9, 2016<\/span><\/p>\n<div class=\"toolbar-social\"><\/div>\n<\/div>\n<div class=\"featuredpost\">\n<div class=\"flow_hide\">\n<p><a href=\"http:\/\/www.eloriente.net\/home\/2016\/12\/08\/oaxaca-tsjo-busca-estar-la-vanguardia-la-aplicacion-justicia-equidad-genero\/\" rel=\"bookmark\"><img decoding=\"async\" class=\"alignleft\" title=\"OAXACA: TSJO busca estar a la vanguardia en la aplicaci\u00f3n de justicia con equidad de g\u00e9nero\" src=\"http:\/\/www.eloriente.net\/home\/wp-content\/themes\/city-desk\/timthumb.php?src=http%3A%2F%2Fwww.eloriente.net%2Fhome%2Fwp-content%2Fuploads%2F2016%2F12%2FTSJO-8-DE-DICIEMBRE.jpg&amp;q=90&amp;w=70&amp;h=45&amp;zc=1\" alt=\"OAXACA: TSJO busca estar a la vanguardia en la aplicaci\u00f3n de justicia con equidad de g\u00e9nero\" \/><\/a><\/p>\n<h2 class=\"posttitle \"><a title=\"Enlace Permanente a OAXACA: TSJO busca estar a la vanguardia en la aplicaci\u00f3n de justicia con equidad de g\u00e9nero\" href=\"http:\/\/www.eloriente.net\/home\/2016\/12\/08\/oaxaca-tsjo-busca-estar-la-vanguardia-la-aplicacion-justicia-equidad-genero\/\" rel=\"bookmark\">OAXACA: TSJO busca estar a la vanguardia en la aplicaci\u00f3n de justicia con equidad de g\u00e9nero<\/a><\/h2>\n<\/div>\n<p>eloriente.net 8 de diciembre de 2016 Para abonar en la consolidaci\u00f3n de un modelo de justicia igualitaria y generar un entorno de actuaci\u00f3n con perspectiva de g\u00e9nero,\u2026<\/p>\n<p class=\"postmeta\"><span class=\"meta_date\">diciembre 8, 2016<\/span><\/p>\n<\/div>\n\n\t\t\t  <div \n\t\t\t  \tclass = \"fb-comments\" \n\t\t\t  \tdata-href = \"https:\/\/www.eloriente.net\/home\/2016\/12\/12\/oaxaca-eligen-pan-consejeros-nacionales\/\"\n\t\t\t  \tdata-numposts = \"10\"\n\t\t\t\tdata-colorscheme = \"dark\"\n\t\t\t\tdata-order-by = \"social\"\n\t\t\t\tdata-mobile=true>\n\t\t\t  <\/div>\n\t\t  <style>\n\t\t\t.fb_iframe_widget_fluid_desktop iframe {\n\t\t\t    width: 100% !important;\n\t\t\t}\n\t\t  <\/style>\n\t\t  ","protected":false},"excerpt":{"rendered":"<p>&nbsp; eloriente.net 12 de diciembre de 2016 En un ambiente democr\u00e1tico y de respeto, el panismo oaxaque\u00f1o eligi\u00f3 como integrantes del Consejo Nacional a Alejandra Garc\u00eda Morlan y Mar\u00eda Er\u00e9ndira Morlan Ruiz, as\u00ed como a Juan Mendoza Reyes y Wilmer Ram\u00edrez Miguel. Los 728 delegados numerarios de todo el estado participantes en la Asamblea Estatal, [&hellip;]<\/p>\n","protected":false},"author":44,"featured_media":46342,"comment_status":"open","ping_status":"open","sticky":false,"template":"","format":"standard","meta":{"_jetpack_memberships_contains_paid_content":false,"footnotes":""},"categories":[2434,4300,1588,32,63,464,21],"tags":[7301,369,73,579,3399,231],"class_list":["post-46311","post","type-post","status-publish","format-standard","has-post-thumbnail","hentry","category-lunesdepolitica","category-comunicacion","category-comunicados-y-boletines","category-entradas","category-estados","category-oaxaca-estados","category-politica-y-gobierno","tag-consejeros-nacionales","tag-elecciones-2","tag-oaxaca","tag-pan","tag-partido-accion-nacional","tag-politica"],"jetpack_featured_media_url":"https:\/\/www.eloriente.net\/home\/wp-content\/uploads\/2016\/12\/alejandra-garci\u0301a-morla\u0301n.jpg","jetpack_sharing_enabled":true,"_links":{"self":[{"href":"https:\/\/www.eloriente.net\/home\/wp-json\/wp\/v2\/posts\/46311"}],"collection":[{"href":"https:\/\/www.eloriente.net\/home\/wp-json\/wp\/v2\/posts"}],"about":[{"href":"https:\/\/www.eloriente.net\/home\/wp-json\/wp\/v2\/types\/post"}],"author":[{"embeddable":true,"href":"https:\/\/www.eloriente.net\/home\/wp-json\/wp\/v2\/users\/44"}],"replies":[{"embeddable":true,"href":"https:\/\/www.eloriente.net\/home\/wp-json\/wp\/v2\/comments?post=46311"}],"version-history":[{"count":3,"href":"https:\/\/www.eloriente.net\/home\/wp-json\/wp\/v2\/posts\/46311\/revisions"}],"predecessor-version":[{"id":46344,"href":"https:\/\/www.eloriente.net\/home\/wp-json\/wp\/v2\/posts\/46311\/revisions\/46344"}],"wp:featuredmedia":[{"embeddable":true,"href":"https:\/\/www.eloriente.net\/home\/wp-json\/wp\/v2\/media\/46342"}],"wp:attachment":[{"href":"https:\/\/www.eloriente.net\/home\/wp-json\/wp\/v2\/media?parent=46311"}],"wp:term":[{"taxonomy":"category","embeddable":true,"href":"https:\/\/www.eloriente.net\/home\/wp-json\/wp\/v2\/categories?post=46311"},{"taxonomy":"post_tag","embeddable":true,"href":"https:\/\/www.eloriente.net\/home\/wp-json\/wp\/v2\/tags?post=46311"}],"curies":[{"name":"wp","href":"https:\/\/api.w.org\/{rel}","templated":true}]}}