{"id":46456,"date":"2016-12-22T18:13:57","date_gmt":"2016-12-23T00:13:57","guid":{"rendered":"http:\/\/www.eloriente.net\/home\/?p=46456"},"modified":"2016-12-22T18:17:20","modified_gmt":"2016-12-23T00:17:20","slug":"videocolumna-la-trampa-vital-la-subyugacion-ursula-woolrich","status":"publish","type":"post","link":"https:\/\/www.eloriente.net\/home\/2016\/12\/22\/videocolumna-la-trampa-vital-la-subyugacion-ursula-woolrich\/","title":{"rendered":"VIDEOCOLUMNA: La trampa vital de la subyugaci\u00f3n. Por \u00darsula Woolrich"},"content":{"rendered":"<p><script src=\"\/\/pagead2.googlesyndication.com\/pagead\/js\/adsbygoogle.js\" async=\"\"><\/script><!-- BANNER ELORIENTE INCRUSTADO NOTAS --> <ins class=\"adsbygoogle\" style=\"display: inline-block; width: 300px; height: 250px;\" data-ad-client=\"ca-pub-1136171134853753\" data-ad-slot=\"7974633627\"><\/ins><script>\/\/ <![CDATA[\n(adsbygoogle = window.adsbygoogle || []).push({});\n\/\/ ]]><\/script><\/p>\n<p>&nbsp;<\/p>\n<p>eloriente.net<\/p>\n<p>22 de diciembre de 2016<\/p>\n<p>\u00bfEst\u00e1s demasiado impaciente por agradar y har\u00e1s cualquier cosa para ser aceptado por los otros? \u00bfNo te gusta mostrarte en desacuerdo con las opiniones de los dem\u00e1s? \u00bfNo sabes lo que quieres o lo que prefieres en muchas situaciones? Posiblemente tienes la trampa de la subyugaci\u00f3n.<\/p>\n<p>Esta semana <a class=\"profileLink\" href=\"https:\/\/www.facebook.com\/psicologaursula.woolrich\" data-hovercard=\"\/ajax\/hovercard\/user.php?id=100011737595477\" data-hovercard-prefer-more-content-show=\"1\">Ursula Woolrich<\/a> nos habla sobre las caracter\u00edsticas de esta trampa vital.<\/p>\n<p><iframe loading=\"lazy\" style=\"border: none; overflow: hidden;\" src=\"https:\/\/www.facebook.com\/plugins\/video.php?href=https%3A%2F%2Fwww.facebook.com%2F443535572345554%2Fvideos%2F1393444890687946%2F&amp;show_text=0&amp;width=560\" width=\"560\" height=\"315\" frameborder=\"0\" scrolling=\"no\" allowfullscreen=\"allowfullscreen\"><\/iframe><\/p>\n<p><script src=\"\/\/pagead2.googlesyndication.com\/pagead\/js\/adsbygoogle.js\" async=\"\"><\/script><!-- BANNER PEQUE\u00d1O PARA ENTRENOTAS EL ORIENTE --> <ins class=\"adsbygoogle\" style=\"display: inline-block; width: 468px; height: 60px;\" data-ad-client=\"ca-pub-1136171134853753\" data-ad-slot=\"4953536424\"><\/ins><script>\/\/ <![CDATA[\n(adsbygoogle = window.adsbygoogle || []).push({});\n\/\/ ]]><\/script><\/p>\n<p>\u00darsula Woolrich es Psic\u00f3loga con estudios de maestr\u00eda en educaci\u00f3n superior. Diplomada en programaci\u00f3n neuroling\u00fc\u00edstica, docente y conferencista<\/p>\n<p><a href=\"http:\/\/www.eloriente.net\/home\/wp-content\/uploads\/2016\/12\/URSULA-WOOLRICH-22-DE-DICIEMBRE.jpg\" rel=\"attachment wp-att-46457\"><img loading=\"lazy\" decoding=\"async\" class=\"alignnone wp-image-46457\" src=\"http:\/\/www.eloriente.net\/home\/wp-content\/uploads\/2016\/12\/URSULA-WOOLRICH-22-DE-DICIEMBRE.jpg\" alt=\"ursula-woolrich-22-de-diciembre\" width=\"601\" height=\"338\" srcset=\"https:\/\/www.eloriente.net\/home\/wp-content\/uploads\/2016\/12\/URSULA-WOOLRICH-22-DE-DICIEMBRE.jpg 1920w, https:\/\/www.eloriente.net\/home\/wp-content\/uploads\/2016\/12\/URSULA-WOOLRICH-22-DE-DICIEMBRE-300x169.jpg 300w, https:\/\/www.eloriente.net\/home\/wp-content\/uploads\/2016\/12\/URSULA-WOOLRICH-22-DE-DICIEMBRE-768x432.jpg 768w, https:\/\/www.eloriente.net\/home\/wp-content\/uploads\/2016\/12\/URSULA-WOOLRICH-22-DE-DICIEMBRE-1024x576.jpg 1024w\" sizes=\"(max-width: 601px) 100vw, 601px\" \/><\/a><\/p>\n<p><strong>OTRAS VIDEOCOLUMNAS<\/strong><\/p>\n<div id=\"post-46453\" class=\"entry loop-default border_bottom_30 post-46453 post type-post status-publish format-standard has-post-thumbnail hentry category-derechos-humanos category-entradas category-salud-y-estilo-de-vida category-lo-mas-reciente category-rebeca-garza category-videoblogs tag-identidad-de-genero tag-orientacion-sexual tag-pgr tag-procuraduria-general-de-la-republica tag-protocolo tag-rebeca-garza\">\n<h2 class=\"entry_title\"><a title=\"Enlace Permanente a VIDEOCOLUMNA: Sobre Protocolo de la PGR en casos que involucren la orientaci\u00f3n sexual y la identidad de g\u00e9nero. Por Rebeca Garza\" href=\"http:\/\/www.eloriente.net\/home\/2016\/12\/22\/videocolumna-protocolo-la-pgr-casos-involucren-la-orientacion-sexual-la-identidad-genero-rebeca-garza\/\" rel=\"bookmark\">VIDEOCOLUMNA: Sobre Protocolo de la PGR en casos que involucren la orientaci\u00f3n sexual y la identidad de g\u00e9nero. Por Rebeca Garza<\/a><\/h2>\n<p><a href=\"http:\/\/www.eloriente.net\/home\/2016\/12\/22\/videocolumna-protocolo-la-pgr-casos-involucren-la-orientacion-sexual-la-identidad-genero-rebeca-garza\/\" rel=\"bookmark\"><img decoding=\"async\" class=\"alignleft\" title=\"VIDEOCOLUMNA: Sobre Protocolo de la PGR en casos que involucren la orientaci\u00f3n sexual y la identidad de g\u00e9nero. Por Rebeca Garza\" src=\"http:\/\/www.eloriente.net\/home\/wp-content\/themes\/city-desk\/timthumb.php?src=http%3A%2F%2Fwww.eloriente.net%2Fhome%2Fwp-content%2Fuploads%2F2016%2F12%2FREBECA-GARZA-21-DE-DICIEMBRE.jpg&amp;q=90&amp;w=160&amp;h=106&amp;zc=1\" alt=\"VIDEOCOLUMNA: Sobre Protocolo de la PGR en casos que involucren la orientaci\u00f3n sexual y la identidad de g\u00e9nero. Por Rebeca Garza\" \/><\/a>\u00a0 eloriente.net 22 de diciembre de 2016 Esta semana Rebeca Garza nos platica sobre el Protocolo de la Procuradur\u00eda General de la Rep\u00fablica en casos que involucren la orientaci\u00f3n sexual y la identidad de g\u00e9nero, que busca proteger derechos de las personas personas lesbianas, gasy, bisexuaesl, trans o intersex, ya previstos en los tratados internacionales. [\u2026]<\/p>\n<div class=\"toolbar-social\"><\/div>\n<p class=\"postmeta\"><span class=\"meta_date\">diciembre 22, 2016<\/span><\/p>\n<\/div>\n<div id=\"post-46450\" class=\"entry loop-default border_bottom_30 post-46450 post type-post status-publish format-standard has-post-thumbnail hentry category-educacion-y-cultura category-entradas category-lo-mas-reciente category-raul-cruz-maldonado category-videoblogs tag-ano-nuevo tag-ano-viejo tag-canciones tag-fiestas-decembrinas tag-fin-de-ano tag-poemas tag-raul-maldonado\">\n<h2 class=\"entry_title\"><a title=\"Enlace Permanente a VIDEOCOLUMNA: Canciones y poemas de fin de a\u00f1o. Por Ra\u00fal Maldonado\" href=\"http:\/\/www.eloriente.net\/home\/2016\/12\/22\/videocolumna-canciones-poemas-fin-ano-raul-maldonado\/\" rel=\"bookmark\">VIDEOCOLUMNA: Canciones y poemas de fin de a\u00f1o. Por Ra\u00fal Maldonado<\/a><\/h2>\n<p><a href=\"http:\/\/www.eloriente.net\/home\/2016\/12\/22\/videocolumna-canciones-poemas-fin-ano-raul-maldonado\/\" rel=\"bookmark\"><img decoding=\"async\" class=\"alignleft\" title=\"VIDEOCOLUMNA: Canciones y poemas de fin de a\u00f1o. Por Ra\u00fal Maldonado\" src=\"http:\/\/www.eloriente.net\/home\/wp-content\/themes\/city-desk\/timthumb.php?src=http%3A%2F%2Fwww.eloriente.net%2Fhome%2Fwp-content%2Fuploads%2F2016%2F12%2FRAU%CC%81L-MALDONADO-MENDOZA-20-DE-DICIEMBRE.jpg&amp;q=90&amp;w=160&amp;h=106&amp;zc=1\" alt=\"VIDEOCOLUMNA: Canciones y poemas de fin de a\u00f1o. Por Ra\u00fal Maldonado\" \/><\/a>\u00a0 eloriente.net 22 de diciembre de 2016 A unos d\u00edas de concluir el 2016, Ra\u00fal Maldonado nos habla sobre canciones y poemas tan propios de estas fechas. Ra\u00fal Maldonado Mendoza es\u00a0Licenciado en Derecho por la UABJO,\u00a0Campe\u00f3n Nacional de Oratoria\u00a0representando al Estado de Oaxaca en el Concurso\u00a0\u201cUn Siglo de Sindicalismo en M\u00e9xico\u201d, organizado por la CTM. [\u2026]<\/p>\n<div class=\"toolbar-social\"><\/div>\n<p class=\"postmeta\"><span class=\"meta_date\">diciembre 22, 2016<\/span><span class=\"meta_comment\"><a href=\"http:\/\/www.eloriente.net\/home\/2016\/12\/22\/videocolumna-canciones-poemas-fin-ano-raul-maldonado\/#respond\">Sin Comentarios<\/a><\/span><span class=\"meta_permalink\"><a title=\"Enlace Permanente a VIDEOCOLUMNA: Canciones y poemas de fin de a\u00f1o. Por Ra\u00fal Maldonado\" href=\"http:\/\/www.eloriente.net\/home\/2016\/12\/22\/videocolumna-canciones-poemas-fin-ano-raul-maldonado\/\" rel=\"bookmark\">Leer Mas<\/a><\/span><span class=\"meta_edit\"><a class=\"post-edit-link\" href=\"http:\/\/www.eloriente.net\/home\/wp-admin\/post.php?post=46450&amp;action=edit\">#<\/a><\/span><\/p>\n<\/div>\n<div id=\"post-46448\" class=\"entry loop-default border_bottom_30 post-46448 post type-post status-publish format-standard has-post-thumbnail hentry category-alejandro-cruz-pimentel category-alejandro-cruz-pimentel-videoblogs category-colaboradores category-entradas category-lo-mas-reciente category-politica-y-gobierno category-videoblogs tag-alejandro-cruz-pimentel tag-clase-politica tag-el-oriente tag-excesos tag-videocolumna\">\n<h2 class=\"entry_title\"><a title=\"Enlace Permanente a VIDEOCOLUMNA: Vale la pena que nuestra clase pol\u00edtica reflexione sobre sus excesos. Por Alejandro Cruz Pimentel\" href=\"http:\/\/www.eloriente.net\/home\/2016\/12\/22\/videocolumna-vale-la-pena-nuestra-clase-politica-reflexione-excesos-alejandro-cruz-pimentel\/\" rel=\"bookmark\">VIDEOCOLUMNA: Vale la pena que nuestra clase pol\u00edtica reflexione sobre sus excesos. Por Alejandro Cruz Pimentel<\/a><\/h2>\n<p><a href=\"http:\/\/www.eloriente.net\/home\/2016\/12\/22\/videocolumna-vale-la-pena-nuestra-clase-politica-reflexione-excesos-alejandro-cruz-pimentel\/\" rel=\"bookmark\"><img decoding=\"async\" class=\"alignleft\" title=\"VIDEOCOLUMNA: Vale la pena que nuestra clase pol\u00edtica reflexione sobre sus excesos. Por Alejandro Cruz Pimentel\" src=\"http:\/\/www.eloriente.net\/home\/wp-content\/themes\/city-desk\/timthumb.php?src=http%3A%2F%2Fwww.eloriente.net%2Fhome%2Fwp-content%2Fuploads%2F2016%2F12%2FALEJANDRO-CRUZ-18-DE-DICIEMBRE.jpg&amp;q=90&amp;w=160&amp;h=106&amp;zc=1\" alt=\"VIDEOCOLUMNA: Vale la pena que nuestra clase pol\u00edtica reflexione sobre sus excesos. Por Alejandro Cruz Pimentel\" \/><\/a>\u00a0 eloriente.net 22 de diciembre de 2016 En su videcolumna de esta semana Alejandro S Cruz Pimentel dice a la clase pol\u00edtica: \u201cInsisto que es momento de pensar en sus privilegios, la gente se cansa y lo empezar\u00e1 a manifestar. El panorama econ\u00f3mico y laboral que viene no es alentador.\u201d Alejandro Cruz Pimentel es egresado [\u2026]<\/p>\n<\/div>\n\n\t\t\t  <div \n\t\t\t  \tclass = \"fb-comments\" \n\t\t\t  \tdata-href = \"https:\/\/www.eloriente.net\/home\/2016\/12\/22\/videocolumna-la-trampa-vital-la-subyugacion-ursula-woolrich\/\"\n\t\t\t  \tdata-numposts = \"10\"\n\t\t\t\tdata-colorscheme = \"dark\"\n\t\t\t\tdata-order-by = \"social\"\n\t\t\t\tdata-mobile=true>\n\t\t\t  <\/div>\n\t\t  <style>\n\t\t\t.fb_iframe_widget_fluid_desktop iframe {\n\t\t\t    width: 100% !important;\n\t\t\t}\n\t\t  <\/style>\n\t\t  ","protected":false},"excerpt":{"rendered":"<p>&nbsp; eloriente.net 22 de diciembre de 2016 \u00bfEst\u00e1s demasiado impaciente por agradar y har\u00e1s cualquier cosa para ser aceptado por los otros? \u00bfNo te gusta mostrarte en desacuerdo con las opiniones de los dem\u00e1s? \u00bfNo sabes lo que quieres o lo que prefieres en muchas situaciones? Posiblemente tienes la trampa de la subyugaci\u00f3n. Esta semana [&hellip;]<\/p>\n","protected":false},"author":44,"featured_media":46457,"comment_status":"open","ping_status":"open","sticky":false,"template":"","format":"standard","meta":{"_jetpack_memberships_contains_paid_content":false,"footnotes":""},"categories":[32,16,10,30,7100,98],"tags":[144,7004,7345],"class_list":["post-46456","post","type-post","status-publish","format-standard","has-post-thumbnail","hentry","category-entradas","category-salud-y-estilo-de-vida","category-lo-mas-reciente","category-salud","category-ursula-woolrich","category-videoblogs","tag-salud-2","tag-ursula-woolrich","tag-videocoluma"],"jetpack_featured_media_url":"https:\/\/www.eloriente.net\/home\/wp-content\/uploads\/2016\/12\/URSULA-WOOLRICH-22-DE-DICIEMBRE.jpg","jetpack_sharing_enabled":true,"_links":{"self":[{"href":"https:\/\/www.eloriente.net\/home\/wp-json\/wp\/v2\/posts\/46456"}],"collection":[{"href":"https:\/\/www.eloriente.net\/home\/wp-json\/wp\/v2\/posts"}],"about":[{"href":"https:\/\/www.eloriente.net\/home\/wp-json\/wp\/v2\/types\/post"}],"author":[{"embeddable":true,"href":"https:\/\/www.eloriente.net\/home\/wp-json\/wp\/v2\/users\/44"}],"replies":[{"embeddable":true,"href":"https:\/\/www.eloriente.net\/home\/wp-json\/wp\/v2\/comments?post=46456"}],"version-history":[{"count":1,"href":"https:\/\/www.eloriente.net\/home\/wp-json\/wp\/v2\/posts\/46456\/revisions"}],"predecessor-version":[{"id":46458,"href":"https:\/\/www.eloriente.net\/home\/wp-json\/wp\/v2\/posts\/46456\/revisions\/46458"}],"wp:featuredmedia":[{"embeddable":true,"href":"https:\/\/www.eloriente.net\/home\/wp-json\/wp\/v2\/media\/46457"}],"wp:attachment":[{"href":"https:\/\/www.eloriente.net\/home\/wp-json\/wp\/v2\/media?parent=46456"}],"wp:term":[{"taxonomy":"category","embeddable":true,"href":"https:\/\/www.eloriente.net\/home\/wp-json\/wp\/v2\/categories?post=46456"},{"taxonomy":"post_tag","embeddable":true,"href":"https:\/\/www.eloriente.net\/home\/wp-json\/wp\/v2\/tags?post=46456"}],"curies":[{"name":"wp","href":"https:\/\/api.w.org\/{rel}","templated":true}]}}