{"id":46521,"date":"2016-12-27T08:04:31","date_gmt":"2016-12-27T14:04:31","guid":{"rendered":"http:\/\/www.eloriente.net\/home\/?p=46521"},"modified":"2017-01-10T12:55:27","modified_gmt":"2017-01-10T18:55:27","slug":"5-vacantes-administracion-martesdevacantes","status":"publish","type":"post","link":"https:\/\/www.eloriente.net\/home\/2016\/12\/27\/5-vacantes-administracion-martesdevacantes\/","title":{"rendered":"5 vacantes en Administraci\u00f3n #MartesDeVacantes"},"content":{"rendered":"<p><script src=\"\/\/pagead2.googlesyndication.com\/pagead\/js\/adsbygoogle.js\" async=\"\"><\/script><!-- BANNER ELORIENTE INCRUSTADO NOTAS --> <ins class=\"adsbygoogle\" style=\"display: inline-block; width: 300px; height: 250px;\" data-ad-client=\"ca-pub-1136171134853753\" data-ad-slot=\"7974633627\"><\/ins><script>\/\/ <![CDATA[\n(adsbygoogle = window.adsbygoogle || []).push({});\n\/\/ ]]><\/script><\/p>\n<p>&nbsp;<\/p>\n<p>(www.eloriente.net, M\u00e9xico, a 27 de diciembre de 2016).- Conscientes de la importancia para la ciudadan\u00eda en general de la b\u00fasqueda de nuevas oportunidades de crecimiento profesional, ponemos a tu disposici\u00f3n semanalmente ofertas de empleo disponibles por profesi\u00f3n en cualquier parte de M\u00e9xico y del mundo o, cuando as\u00ed lo amerita, exclusivamente en Oaxaca.<\/p>\n<p>En esta ocasi\u00f3n, ELORIENTE.NET comparte cinco vacantes en Administraci\u00f3n.<\/p>\n<p>Si deseas aplicar para alguna de las vacantes, deber\u00e1s darle clic al t\u00edtulo de esta y te llevar\u00e1 al sitio que te pondr\u00e1 en contacto con los empleadores. No olvides comentar que la oportunidad la has encontrado con nosotros en el Martes de Vacantes de ELORIENTE.NET. \u00a1\u00c9xito!<\/p>\n<p><a href=\"https:\/\/www.occ.com.mx\/Empleo\/Oferta\/8760138-analista-de-reclutamiento-y-seleccion-cubrir-incapacidad-?rank=2&amp;page=1&amp;type=organic\" target=\"_blank\"><strong>1.- ANALISTA DE RECURSOS HUMANOS Y SELECCI\u00d3N<\/strong><\/a><\/p>\n<p><strong>Escolaridad:<\/strong> Licenciatura en Administraci\u00f3n, Contadur\u00eda o Psicolog\u00eda.<\/p>\n<p><strong>G\u00e9nero:<\/strong> Indistinto<\/p>\n<p><strong>Requisitos:<\/strong> Edad de 25 a 35 a\u00f1os. Experiencia m\u00ednima de 1 a\u00f1o en puestos similares.<\/p>\n<p><strong>Funciones:<\/strong> Reclutamiento y Selecci\u00f3n de personal. Administraci\u00f3n de Personal. Aplicaci\u00f3n de pruebas psicom\u00e9tricas. Abrir fuentes de reclutamiento. Elaborar Reportes Psicom\u00e9tricos. Clasificaci\u00f3n de expedientes y archivo. Cubrimiento de vacantes internas en todo el estado. Garantizar los tiempos y pol\u00edticas de cubrimiento.<\/p>\n<p><strong>Salario:<\/strong> $9000 mensuales<\/p>\n<p><strong>Horario:<\/strong> No especificado<\/p>\n<p><a href=\"https:\/\/www.computrabajo.com.mx\/ofertas-de-trabajo\/oferta-de-trabajo-de-asistente-de-direccion-general-experiencia-3-anos-en-puesto-similar-en-oaxaca-de-juarez-58095C280708589E\"><strong>2.- ASISTENTE DE DIRECCI\u00d3N GENERAL<\/strong><\/a><\/p>\n<p><strong>Escolaridad:<\/strong> Licenciatura en Administraci\u00f3n de Empresas, Administraci\u00f3n de Instituciones o af\u00edn.<\/p>\n<p><strong>G\u00e9nero:<\/strong> Femenino<\/p>\n<p><strong>Requisitos:<\/strong> Experiencia m\u00ednima de 3 a\u00f1os. Contar con licencia de conducir vigente tipo \u201cA\u201d. Conocimientos del idioma ingl\u00e9s. Apego a normas. Productiva.<\/p>\n<p><strong>Funciones:<\/strong> Asistir al director de Finanzas en todos los requerimientos propios de las funciones a su cargo, atenci\u00f3n a clientes internos y externos, administraci\u00f3n de informaci\u00f3n, manejo de agenda.<\/p>\n<p><strong>Salario:<\/strong> A convenir<\/p>\n<p><strong>Horario:<\/strong> Lunes a viernes de 8:30 a 14:00 y de 15:00 a 18:30 horas. S\u00e1bados de 9:00 a 15:00 horas<\/p>\n<p><strong><a href=\"http:\/\/www.empleo.gob.mx\/2767182-oferta-de-empleo-de-administradora-inmobiliaria-soriana-plaza-oaxaca-105\" target=\"_blank\">3.- ADMINISTRADOR DE INMOBILIARIA<\/a><\/strong><\/p>\n<p><strong>Escolaridad:<\/strong> Licenciatura en Administraci\u00f3n, Contadur\u00eda o af\u00edn.<\/p>\n<p><strong>G\u00e9nero:<\/strong> Indistinto<\/p>\n<p><strong>Requisitos:<\/strong> Experiencia m\u00ednima de 1 a\u00f1o. Conocimientos b\u00e1sicos de computaci\u00f3n. Orientaci\u00f3n al cliente. Adaptaci\u00f3n al cambio.<\/p>\n<p><strong>Funciones:<\/strong> Servicio y atenci\u00f3n a locatarios, administraci\u00f3n de plaza comercial en cuanto al mantenimiento, imagen, renta de espacios.<\/p>\n<p><strong>Salario:<\/strong> $9000 mensuales<\/p>\n<p><strong>Horario:<\/strong> Lunes a s\u00e1bado de 8:00 a 18:00 horas<\/p>\n<p><script src=\"\/\/pagead2.googlesyndication.com\/pagead\/js\/adsbygoogle.js\" async=\"\"><\/script><!-- BANNER PEQUE\u00d1O PARA ENTRENOTAS EL ORIENTE --> <ins class=\"adsbygoogle\" style=\"display: inline-block; width: 468px; height: 60px;\" data-ad-client=\"ca-pub-1136171134853753\" data-ad-slot=\"4953536424\"><\/ins><script>\/\/ <![CDATA[\n(adsbygoogle = window.adsbygoogle || []).push({});\n\/\/ ]]><\/script><\/p>\n<p><a href=\"https:\/\/www.occ.com.mx\/Empleo\/Oferta\/9507209-especialista-de-recursos-humanos-tuxtepec-?rank=7&amp;page=1&amp;type=organic\"><strong>4.- ESPECIALISTA DE RECURSOS HUMANOS<\/strong><\/a><\/p>\n<p><strong>Escolaridad:<\/strong> Licenciatura en Administraci\u00f3n, Psicolog\u00eda o Relaciones Internacionales<\/p>\n<p><strong>G\u00e9nero:<\/strong> Indistinto<\/p>\n<p><strong>Requisitos:<\/strong> Experiencia m\u00ednima de 6 meses en el \u00e1rea de recursos humanos. Experiencia reclutando o capacitando fuerzas de ventas. Liderazgo y capacidad de influencia. Alta capacidad de negociaci\u00f3n<\/p>\n<p><strong>Funciones:<\/strong> Reclutamiento y capacitaci\u00f3n de personal.<\/p>\n<p><strong>Salario:<\/strong> Entre $5000 y $10,000 pesos<\/p>\n<p><strong>Horario:<\/strong> No especificado<\/p>\n<p><a href=\"https:\/\/www.indeed.com.mx\/cmp\/corporativo-empresarial-la-asunci%C3%B3n\/jobs\/Responsable-%C3%A1rea-56e64acc82a10cee?q=administraci%C3%B3n\"><strong>5.- RESPONSABLE DE \u00c1REA DE RECURSOS HUMANOS<\/strong><\/a><\/p>\n<p><strong>Escolaridad:<\/strong> Licenciatura en Psicolog\u00eda, Administraci\u00f3n o af\u00edn.<\/p>\n<p><strong>G\u00e9nero:<\/strong> Indistinto<\/p>\n<p><strong>Requisitos:<\/strong> Edad de 25 a 35 a\u00f1os. Disponibilidad para viajar. Experiencia m\u00ednima de un a\u00f1o en el manejo de personal.<\/p>\n<p><strong>Funciones:<\/strong> Reclutamiento y selecci\u00f3n de personal. Trato y manejo de personal. Visitas continuas a personal operativo. Reportes mensuales Evaluaci\u00f3n de personal.<\/p>\n<p><strong>Salario:<\/strong> $6000 mensuales<\/p>\n<p><strong>Horario:<\/strong> Tiempo completo, no especificado<\/p>\n<p><a href=\"http:\/\/www.eloriente.net\/home\/wp-content\/uploads\/2014\/05\/martes-de-vacantes.jpg\" rel=\"attachment wp-att-25869\"><img loading=\"lazy\" decoding=\"async\" class=\"alignnone  wp-image-25869\" src=\"http:\/\/www.eloriente.net\/home\/wp-content\/uploads\/2014\/05\/martes-de-vacantes.jpg\" alt=\"martes de vacantes\" width=\"601\" height=\"399\" srcset=\"https:\/\/www.eloriente.net\/home\/wp-content\/uploads\/2014\/05\/martes-de-vacantes.jpg 1024w, https:\/\/www.eloriente.net\/home\/wp-content\/uploads\/2014\/05\/martes-de-vacantes-300x199.jpg 300w\" sizes=\"(max-width: 601px) 100vw, 601px\" \/><\/a><\/p>\n<p><strong>OTRAS ENTRADAS<\/strong><\/p>\n<div class=\"featuredpost\">\n<div class=\"flow_hide\">\n<h2 class=\"posttitle bigposttitle\"><a title=\"Enlace Permanente a OAXACA: Proponen eliminar el fuero a funcionarios\" href=\"http:\/\/www.eloriente.net\/home\/2016\/12\/26\/oaxaca-proponen-eliminar-fuero-funcionarios\/\" rel=\"bookmark\">OAXACA: Proponen eliminar el fuero a funcionarios<\/a><\/h2>\n<\/div>\n<p>eloriente.net 26 de diciembre de 2016 La fracci\u00f3n parlamentaria de Morena, present\u00f3 ante el Pleno una iniciativa para derogar la fracci\u00f3n XLVI del Articulo 59 y los\u2026<\/p>\n<p class=\"postmeta\"><span class=\"meta_date\">diciembre 26, 2016<\/span><\/p>\n<div class=\"toolbar-social\"><\/div>\n<\/div>\n<div class=\"featuredpost\">\n<div class=\"flow_hide\">\n<p><a href=\"http:\/\/www.eloriente.net\/home\/2016\/12\/26\/audio-inso-publica-palabra-natural-pueblo-temascales\/\" rel=\"bookmark\"><img decoding=\"async\" class=\"alignleft\" title=\"AUDIO: INSO publica \u201cPalabra Natural\u201d, Pueblo de temascales\" src=\"http:\/\/www.eloriente.net\/home\/wp-content\/themes\/city-desk\/timthumb.php?src=http%3A%2F%2Fwww.eloriente.net%2Fhome%2Fwp-content%2Fuploads%2F2016%2F12%2FTEMAZCAl.jpg&amp;q=90&amp;w=70&amp;h=45&amp;zc=1\" alt=\"AUDIO: INSO publica \u201cPalabra Natural\u201d, Pueblo de temascales\" \/><\/a><\/p>\n<h2 class=\"posttitle \"><a title=\"Enlace Permanente a AUDIO: INSO publica \u201cPalabra Natural\u201d, Pueblo de temascales\" href=\"http:\/\/www.eloriente.net\/home\/2016\/12\/26\/audio-inso-publica-palabra-natural-pueblo-temascales\/\" rel=\"bookmark\">AUDIO: INSO publica \u201cPalabra Natural\u201d, Pueblo de temascales<\/a><\/h2>\n<\/div>\n<p>eloriente.net\/INSO 26 de diciembre de 2016 El Instituto de la Naturaleza y la Sociedad de Oaxaca A.C. (INSO), nos presenta nuevamente su programa de 15 minutos titulado\u2026<\/p>\n<p class=\"postmeta\"><span class=\"meta_date\">diciembre 26, 2016<\/span><\/p>\n<div class=\"toolbar-social\"><\/div>\n<\/div>\n<div class=\"featuredpost\">\n<div class=\"flow_hide\">\n<p><a href=\"http:\/\/www.eloriente.net\/home\/2016\/12\/23\/oaxaca-5-pasos-llegar-macuiltianguis-angel-osorio\/\" rel=\"bookmark\"><img decoding=\"async\" class=\"alignleft\" title=\"OAXACA: 5 pasos para llegar a Macuiltianguis. Por \u00c1ngel Osorio\" src=\"http:\/\/www.eloriente.net\/home\/wp-content\/themes\/city-desk\/timthumb.php?src=http%3A%2F%2Fwww.eloriente.net%2Fhome%2Fwp-content%2Fuploads%2F2016%2F12%2FFoto-07-09-14-23-16-19.png&amp;q=90&amp;w=70&amp;h=45&amp;zc=1\" alt=\"OAXACA: 5 pasos para llegar a Macuiltianguis. Por \u00c1ngel Osorio\" \/><\/a><\/p>\n<h2 class=\"posttitle \"><a title=\"Enlace Permanente a OAXACA: 5 pasos para llegar a Macuiltianguis. Por \u00c1ngel Osorio\" href=\"http:\/\/www.eloriente.net\/home\/2016\/12\/23\/oaxaca-5-pasos-llegar-macuiltianguis-angel-osorio\/\" rel=\"bookmark\">OAXACA: 5 pasos para llegar a Macuiltianguis. Por \u00c1ngel Osorio<\/a><\/h2>\n<\/div>\n<p>(www.eloriente.net, M\u00e9xico a 23 de diciembre de 2016, por \u00c1ngel Osorio\/@SenderosOax).- Los sonidos del bosque, San Pablo Macuiltianguis Si lo que buscas es un espacio tranquilo y\u2026<\/p>\n<p class=\"postmeta\"><span class=\"meta_date\">diciembre 23, 2016<\/span><\/p>\n<\/div>\n\n\t\t\t  <div \n\t\t\t  \tclass = \"fb-comments\" \n\t\t\t  \tdata-href = \"https:\/\/www.eloriente.net\/home\/2016\/12\/27\/5-vacantes-administracion-martesdevacantes\/\"\n\t\t\t  \tdata-numposts = \"10\"\n\t\t\t\tdata-colorscheme = \"dark\"\n\t\t\t\tdata-order-by = \"social\"\n\t\t\t\tdata-mobile=true>\n\t\t\t  <\/div>\n\t\t  <style>\n\t\t\t.fb_iframe_widget_fluid_desktop iframe {\n\t\t\t    width: 100% !important;\n\t\t\t}\n\t\t  <\/style>\n\t\t  ","protected":false},"excerpt":{"rendered":"<p>&nbsp; (www.eloriente.net, M\u00e9xico, a 27 de diciembre de 2016).- Conscientes de la importancia para la ciudadan\u00eda en general de la b\u00fasqueda de nuevas oportunidades de crecimiento profesional, ponemos a tu disposici\u00f3n semanalmente ofertas de empleo disponibles por profesi\u00f3n en cualquier parte de M\u00e9xico y del mundo o, cuando as\u00ed lo amerita, exclusivamente en Oaxaca. En [&hellip;]<\/p>\n","protected":false},"author":44,"featured_media":25869,"comment_status":"open","ping_status":"open","sticky":false,"template":"","format":"standard","meta":{"_jetpack_memberships_contains_paid_content":false,"footnotes":""},"categories":[942,32,63,464,19],"tags":[4080,411,4283,2420],"class_list":["post-46521","post","type-post","status-publish","format-standard","has-post-thumbnail","hentry","category-martesdevacantes","category-entradas","category-estados","category-oaxaca-estados","category-turismo-y-negocios","tag-martesdevacantes","tag-administracion","tag-contadores","tag-martes-de-vacantes"],"jetpack_featured_media_url":"https:\/\/www.eloriente.net\/home\/wp-content\/uploads\/2014\/05\/martes-de-vacantes.jpg","jetpack_sharing_enabled":true,"_links":{"self":[{"href":"https:\/\/www.eloriente.net\/home\/wp-json\/wp\/v2\/posts\/46521"}],"collection":[{"href":"https:\/\/www.eloriente.net\/home\/wp-json\/wp\/v2\/posts"}],"about":[{"href":"https:\/\/www.eloriente.net\/home\/wp-json\/wp\/v2\/types\/post"}],"author":[{"embeddable":true,"href":"https:\/\/www.eloriente.net\/home\/wp-json\/wp\/v2\/users\/44"}],"replies":[{"embeddable":true,"href":"https:\/\/www.eloriente.net\/home\/wp-json\/wp\/v2\/comments?post=46521"}],"version-history":[{"count":1,"href":"https:\/\/www.eloriente.net\/home\/wp-json\/wp\/v2\/posts\/46521\/revisions"}],"predecessor-version":[{"id":46522,"href":"https:\/\/www.eloriente.net\/home\/wp-json\/wp\/v2\/posts\/46521\/revisions\/46522"}],"wp:featuredmedia":[{"embeddable":true,"href":"https:\/\/www.eloriente.net\/home\/wp-json\/wp\/v2\/media\/25869"}],"wp:attachment":[{"href":"https:\/\/www.eloriente.net\/home\/wp-json\/wp\/v2\/media?parent=46521"}],"wp:term":[{"taxonomy":"category","embeddable":true,"href":"https:\/\/www.eloriente.net\/home\/wp-json\/wp\/v2\/categories?post=46521"},{"taxonomy":"post_tag","embeddable":true,"href":"https:\/\/www.eloriente.net\/home\/wp-json\/wp\/v2\/tags?post=46521"}],"curies":[{"name":"wp","href":"https:\/\/api.w.org\/{rel}","templated":true}]}}