{"id":46633,"date":"2017-01-07T12:59:01","date_gmt":"2017-01-07T18:59:01","guid":{"rendered":"http:\/\/www.eloriente.net\/home\/?p=46633"},"modified":"2017-01-07T12:59:01","modified_gmt":"2017-01-07T18:59:01","slug":"las-videocolumnas-doctor-rodolfo-moreno","status":"publish","type":"post","link":"https:\/\/www.eloriente.net\/home\/2017\/01\/07\/las-videocolumnas-doctor-rodolfo-moreno\/","title":{"rendered":"Las videocolumnas de el doctor Rodolfo Moreno"},"content":{"rendered":"<p><script src=\"\/\/pagead2.googlesyndication.com\/pagead\/js\/adsbygoogle.js\" async=\"\"><\/script><!-- BANNER ELORIENTE INCRUSTADO NOTAS --> <ins class=\"adsbygoogle\" style=\"display: inline-block; width: 300px; height: 250px;\" data-ad-client=\"ca-pub-1136171134853753\" data-ad-slot=\"7974633627\"><\/ins><script>\/\/ <![CDATA[\n(adsbygoogle = window.adsbygoogle || []).push({});\n\/\/ ]]><\/script><\/p>\n<p>&nbsp;<\/p>\n<p>eloriente.net<\/p>\n<p>7 de enero de 2017<\/p>\n<p>Este a\u00f1o en EL ORIENTE inauguramos un espacio para la reflexi\u00f3n con nuestra secci\u00f3n de videocolumnas. A lo largo de estos casi 10 meses han pasaron por nuestras filas importantes personalidades que nos enriquecieron con sus conocimientos y con su interesante opini\u00f3n.<\/p>\n<p>A manera de agradecimiento, y con el fin de reconocer su esfuerzo, queremos compartir con nuestros lectores todas las colaboraciones que cada uno de nuestros videocolumistas realiz\u00f3 durante el el a\u00f1o 2016 y lo que va de 2017.<\/p>\n<p>Comenzaremos con uno de los pioneros, el doctor Rodolfo Moreno, quien es profesor en la Universidad Aut\u00f3noma Benito Ju\u00e1rez de Oaxaca y cuenta con estudios de posgrado en Estado de Derecho y Derechos Humanos por la Universidad Alcal\u00e1 de Henares y en Metodolog\u00eda y herramientas para la investigaci\u00f3n por la Universidad Complutense de Madrid; as\u00ed como un doctorado en derechos fundamentales por la Universidad Carlos III de Madrid.<\/p>\n<h2 class=\"entry_title\">1.-<a title=\"Enlace Permanente a VIDEO COLUMNA: Ley de Tr\u00e1nsito y casco obligatorio, por Rodolfo Moreno\" href=\"http:\/\/www.eloriente.net\/home\/2016\/03\/22\/video-columna-ley-de-transito-y-casco-obligatorio-por-rodolfo-moreno\/\" rel=\"bookmark\">VIDEO COLUMNA: Ley de Tr\u00e1nsito y casco obligatorio, por Rodolfo Moreno<\/a><\/h2>\n<p><a href=\"http:\/\/www.eloriente.net\/home\/2016\/03\/22\/video-columna-ley-de-transito-y-casco-obligatorio-por-rodolfo-moreno\/\" rel=\"bookmark\"><img decoding=\"async\" class=\"alignleft\" title=\"VIDEO COLUMNA: Ley de Tr\u00e1nsito y casco obligatorio, por Rodolfo Moreno\" src=\"http:\/\/www.eloriente.net\/home\/wp-content\/themes\/city-desk\/timthumb.php?src=http%3A%2F%2Fwww.eloriente.net%2Fhome%2Fwp-content%2Fuploads%2F2016%2F03%2FRODOLFO-MORENO-e1458705034425.png&amp;q=90&amp;w=160&amp;h=106&amp;zc=1\" alt=\"VIDEO COLUMNA: Ley de Tr\u00e1nsito y casco obligatorio, por Rodolfo Moreno\" \/><\/a><\/p>\n<p>&nbsp;<\/p>\n<p>&nbsp;<\/p>\n<p>&nbsp;<\/p>\n<p>&nbsp;<\/p>\n<h2 class=\"entry_title\">2.-<a title=\"Enlace Permanente a VIDEOCOLUMNA: Oaxaca y las empresas e\u00f3licas, por Rodolfo Moreno\" href=\"http:\/\/www.eloriente.net\/home\/2016\/04\/04\/videocolumna-oaxaca-y-las-empresas-eolicas-por-rodolfo-moreno\/\" rel=\"bookmark\">VIDEOCOLUMNA: Oaxaca y las empresas e\u00f3licas, por Rodolfo Moreno<\/a><\/h2>\n<p><a href=\"http:\/\/www.eloriente.net\/home\/2016\/04\/04\/videocolumna-oaxaca-y-las-empresas-eolicas-por-rodolfo-moreno\/\" rel=\"bookmark\"><img decoding=\"async\" class=\"alignleft\" title=\"VIDEOCOLUMNA: Oaxaca y las empresas e\u00f3licas, por Rodolfo Moreno\" src=\"http:\/\/www.eloriente.net\/home\/wp-content\/themes\/city-desk\/timthumb.php?src=http%3A%2F%2Fwww.eloriente.net%2Fhome%2Fwp-content%2Fuploads%2F2016%2F04%2FSecuencia-01.Imagen-fija001-1-e1459874158427.jpg&amp;q=90&amp;w=160&amp;h=106&amp;zc=1\" alt=\"VIDEOCOLUMNA: Oaxaca y las empresas e\u00f3licas, por Rodolfo Moreno\" \/><\/a><\/p>\n<h2 class=\"entry_title\"><\/h2>\n<h2 class=\"entry_title\"><\/h2>\n<h2 class=\"entry_title\"><\/h2>\n<p>&nbsp;<\/p>\n<h2 class=\"entry_title\">3.-<a title=\"Enlace Permanente a VIDEOCOLUMNA: Estereotipos en la publicidad electoral en Oaxaca, por Rodolfo Moreno\" href=\"http:\/\/www.eloriente.net\/home\/2016\/04\/08\/videocolumna-estereotipos-en-la-publicidad-electoral-en-oaxaca-por-rodolfo-moreno\/\" rel=\"bookmark\">VIDEOCOLUMNA: Estereotipos en la publicidad electoral en Oaxaca, por Rodolfo Moreno<\/a><\/h2>\n<p><a href=\"http:\/\/www.eloriente.net\/home\/2016\/04\/08\/videocolumna-estereotipos-en-la-publicidad-electoral-en-oaxaca-por-rodolfo-moreno\/\" rel=\"bookmark\"><img decoding=\"async\" class=\"alignleft\" title=\"VIDEOCOLUMNA: Estereotipos en la publicidad electoral en Oaxaca, por Rodolfo Moreno\" src=\"http:\/\/www.eloriente.net\/home\/wp-content\/themes\/city-desk\/timthumb.php?src=http%3A%2F%2Fwww.eloriente.net%2Fhome%2Fwp-content%2Fuploads%2F2016%2F04%2FSecuencia-01.Imagen7-de-abril-1-e1460137368256.jpg&amp;q=90&amp;w=160&amp;h=106&amp;zc=1\" alt=\"VIDEOCOLUMNA: Estereotipos en la publicidad electoral en Oaxaca, por Rodolfo Moreno\" \/><\/a><\/p>\n<p>&nbsp;<\/p>\n<p>&nbsp;<\/p>\n<p>&nbsp;<\/p>\n<p>&nbsp;<\/p>\n<h2 class=\"entry_title\">4.-\u00a0<a title=\"Enlace Permanente a VIDEOCOLUMNA: La legalidad de las radios comunitarias. Por Rodolfo Moreno\" href=\"http:\/\/www.eloriente.net\/home\/2016\/04\/15\/videocolumna-la-legalidad-de-las-radios-comunitarias-por-rodolfo-moreno\/\" rel=\"bookmark\">VIDEOCOLUMNA: La legalidad de las radios comunitarias. Por Rodolfo Moreno<\/a><\/h2>\n<p><a href=\"http:\/\/www.eloriente.net\/home\/2016\/04\/15\/videocolumna-la-legalidad-de-las-radios-comunitarias-por-rodolfo-moreno\/\" rel=\"bookmark\"><img decoding=\"async\" class=\"alignleft\" title=\"VIDEOCOLUMNA: La legalidad de las radios comunitarias. Por Rodolfo Moreno\" src=\"http:\/\/www.eloriente.net\/home\/wp-content\/themes\/city-desk\/timthumb.php?src=http%3A%2F%2Fwww.eloriente.net%2Fhome%2Fwp-content%2Fuploads%2F2016%2F04%2Frodolfo-moreno-14-de-abril-1-e1460740631791.jpg&amp;q=90&amp;w=160&amp;h=106&amp;zc=1\" alt=\"VIDEOCOLUMNA: La legalidad de las radios comunitarias. Por Rodolfo Moreno\" \/><\/a><\/p>\n<p>&nbsp;<\/p>\n<p>&nbsp;<\/p>\n<p>&nbsp;<\/p>\n<p>&nbsp;<\/p>\n<h2 class=\"entry_title\">5.-\u00a0<a title=\"Enlace Permanente a VIDEOCOLUMNA: La educaci\u00f3n gratuita en M\u00e9xico. Por Rodolfo Moreno\" href=\"http:\/\/www.eloriente.net\/home\/2016\/04\/21\/videocolumna-la-educacion-gratuita-en-mexico-por-rodolfo-moreno\/\" rel=\"bookmark\">VIDEOCOLUMNA: La educaci\u00f3n gratuita en M\u00e9xico. Por Rodolfo Moreno<\/a><\/h2>\n<p><a href=\"http:\/\/www.eloriente.net\/home\/2016\/04\/21\/videocolumna-la-educacion-gratuita-en-mexico-por-rodolfo-moreno\/\" rel=\"bookmark\"><img decoding=\"async\" class=\"alignleft\" title=\"VIDEOCOLUMNA: La educaci\u00f3n gratuita en M\u00e9xico. Por Rodolfo Moreno\" src=\"http:\/\/www.eloriente.net\/home\/wp-content\/themes\/city-desk\/timthumb.php?src=http%3A%2F%2Fwww.eloriente.net%2Fhome%2Fwp-content%2Fuploads%2F2016%2F04%2Frodolfo-moreno-21-de-abril-1-e1461272090904.jpg&amp;q=90&amp;w=160&amp;h=106&amp;zc=1\" alt=\"VIDEOCOLUMNA: La educaci\u00f3n gratuita en M\u00e9xico. Por Rodolfo Moreno\" \/><\/a><\/p>\n<p>&nbsp;<\/p>\n<p>&nbsp;<\/p>\n<p>&nbsp;<\/p>\n<p>&nbsp;<\/p>\n<h2 class=\"entry_title\">6.-\u00a0<a title=\"Enlace Permanente a VIDEOCOLUMNA: Los derechos pol\u00edticos de las mujeres en Oaxaca. Por Rodolfo Moreno\" href=\"http:\/\/www.eloriente.net\/home\/2016\/04\/28\/videocolumna-en-oaxaca-ya-se-defienden-los-derechos-politicos-de-las-mujeres-por-rodolfo-moreno\/\" rel=\"bookmark\">VIDEOCOLUMNA: Los derechos pol\u00edticos de las mujeres en Oaxaca. Por Rodolfo Moreno<\/a><\/h2>\n<p><a href=\"http:\/\/www.eloriente.net\/home\/2016\/04\/28\/videocolumna-en-oaxaca-ya-se-defienden-los-derechos-politicos-de-las-mujeres-por-rodolfo-moreno\/\" rel=\"bookmark\"><img decoding=\"async\" class=\"alignleft\" title=\"VIDEOCOLUMNA: Los derechos pol\u00edticos de las mujeres en Oaxaca. Por Rodolfo Moreno\" src=\"http:\/\/www.eloriente.net\/home\/wp-content\/themes\/city-desk\/timthumb.php?src=http%3A%2F%2Fwww.eloriente.net%2Fhome%2Fwp-content%2Fuploads%2F2016%2F04%2Frodolfo-moreno-28-de-abril-1-e1461887525275.jpg&amp;q=90&amp;w=160&amp;h=106&amp;zc=1\" alt=\"VIDEOCOLUMNA: Los derechos pol\u00edticos de las mujeres en Oaxaca. Por Rodolfo Moreno\" \/><\/a><\/p>\n<p>&nbsp;<\/p>\n<p>&nbsp;<\/p>\n<p>&nbsp;<\/p>\n<p>&nbsp;<\/p>\n<h2 class=\"entry_title\">7.-<a title=\"Enlace Permanente a VIDEOCOLUMNA: Derechos humanos y la protecci\u00f3n al entorno ecol\u00f3gico. Por Rodolfo Moreno\" href=\"http:\/\/www.eloriente.net\/home\/2016\/05\/12\/videocolumna-derechos-humanos-y-la-proteccion-al-entorno-ecologico-por-rodolfo-moreno\/\" rel=\"bookmark\">VIDEOCOLUMNA: Derechos humanos y la protecci\u00f3n al entorno ecol\u00f3gico. Por Rodolfo Moreno<\/a><\/h2>\n<p><a href=\"http:\/\/www.eloriente.net\/home\/2016\/05\/12\/videocolumna-derechos-humanos-y-la-proteccion-al-entorno-ecologico-por-rodolfo-moreno\/\" rel=\"bookmark\"><img decoding=\"async\" class=\"alignleft\" title=\"VIDEOCOLUMNA: Derechos humanos y la protecci\u00f3n al entorno ecol\u00f3gico. Por Rodolfo Moreno\" src=\"http:\/\/www.eloriente.net\/home\/wp-content\/themes\/city-desk\/timthumb.php?src=http%3A%2F%2Fwww.eloriente.net%2Fhome%2Fwp-content%2Fuploads%2F2016%2F05%2Frodolfo-moreno-12-de-mayo-1-e1463095495719.jpg&amp;q=90&amp;w=160&amp;h=106&amp;zc=1\" alt=\"VIDEOCOLUMNA: Derechos humanos y la protecci\u00f3n al entorno ecol\u00f3gico. Por Rodolfo Moreno\" \/><\/a><\/p>\n<p>&nbsp;<\/p>\n<p>&nbsp;<\/p>\n<p>&nbsp;<\/p>\n<h2 class=\"entry_title\">8.-\u00a0<a title=\"Enlace Permanente a VIDEOCOLUMNA: El voto como herramienta para la pluralidad en el Gobierno. Por Rodolfo Moreno\" href=\"http:\/\/www.eloriente.net\/home\/2016\/05\/23\/videocolumna-el-voto-como-herramienta-para-la-pluralidad-en-el-gobierno-por-rodolfo-moreno\/\" rel=\"bookmark\">VIDEOCOLUMNA: El voto como herramienta para la pluralidad en el Gobierno. Por Rodolfo Moreno<\/a><\/h2>\n<p><a href=\"http:\/\/www.eloriente.net\/home\/2016\/05\/23\/videocolumna-el-voto-como-herramienta-para-la-pluralidad-en-el-gobierno-por-rodolfo-moreno\/\" rel=\"bookmark\"><img decoding=\"async\" class=\"alignleft\" title=\"VIDEOCOLUMNA: El voto como herramienta para la pluralidad en el Gobierno. Por Rodolfo Moreno\" src=\"http:\/\/www.eloriente.net\/home\/wp-content\/themes\/city-desk\/timthumb.php?src=http%3A%2F%2Fwww.eloriente.net%2Fhome%2Fwp-content%2Fuploads%2F2016%2F05%2Frodolfo-moreno-23-de-mayo-1-e1464021614331.jpg&amp;q=90&amp;w=160&amp;h=106&amp;zc=1\" alt=\"VIDEOCOLUMNA: El voto como herramienta para la pluralidad en el Gobierno. Por Rodolfo Moreno\" \/><\/a><\/p>\n<p>&nbsp;<\/p>\n<p>&nbsp;<\/p>\n<p>&nbsp;<\/p>\n<p>&nbsp;<\/p>\n<h2 class=\"entry_title\">9.-\u00a0<a title=\"Enlace Permanente a VIDEOCOLUMNA: Debate por la colegiaci\u00f3n y certificaci\u00f3n obligatoria de abogados. Por Rodolfo Moreno\" href=\"http:\/\/www.eloriente.net\/home\/2016\/06\/01\/videocolumna-debate-por-la-colegiacion-y-certificacion-obligatoria-de-abogados-por-rodolfo-moreno\/\" rel=\"bookmark\">VIDEOCOLUMNA: Debate por la colegiaci\u00f3n y certificaci\u00f3n obligatoria de abogados. Por Rodolfo Moreno<\/a><\/h2>\n<p><a href=\"http:\/\/www.eloriente.net\/home\/2016\/06\/01\/videocolumna-debate-por-la-colegiacion-y-certificacion-obligatoria-de-abogados-por-rodolfo-moreno\/\" rel=\"bookmark\"><img decoding=\"async\" class=\"alignleft\" title=\"VIDEOCOLUMNA: Debate por la colegiaci\u00f3n y certificaci\u00f3n obligatoria de abogados. Por Rodolfo Moreno\" src=\"http:\/\/www.eloriente.net\/home\/wp-content\/themes\/city-desk\/timthumb.php?src=http%3A%2F%2Fwww.eloriente.net%2Fhome%2Fwp-content%2Fuploads%2F2016%2F06%2FRODOLFO-OTRA-e1464910969289.jpg&amp;q=90&amp;w=160&amp;h=106&amp;zc=1\" alt=\"VIDEOCOLUMNA: Debate por la colegiaci\u00f3n y certificaci\u00f3n obligatoria de abogados. Por Rodolfo Moreno\" \/><\/a><\/p>\n<p>&nbsp;<\/p>\n<p>&nbsp;<\/p>\n<p>&nbsp;<\/p>\n<p>&nbsp;<\/p>\n<h2 class=\"entry_title\">10.-\u00a0<a title=\"Enlace Permanente a VIDEOCOLUMNA: \u00bfQu\u00e9 derechos tienen las ni\u00f1as y ni\u00f1os con padres en reclusorios? Por Rodolfo Moreno\" href=\"http:\/\/www.eloriente.net\/home\/2016\/06\/10\/videocolumna-que-derechos-tienen-las-ninas-y-ninos-con-padres-en-reclusorios-por-rodolfo-moreno\/\" rel=\"bookmark\">VIDEOCOLUMNA: \u00bfQu\u00e9 derechos tienen las ni\u00f1as y ni\u00f1os con padres en reclusorios? Por Rodolfo Moreno<\/a><\/h2>\n<p><a href=\"http:\/\/www.eloriente.net\/home\/2016\/06\/10\/videocolumna-que-derechos-tienen-las-ninas-y-ninos-con-padres-en-reclusorios-por-rodolfo-moreno\/\" rel=\"bookmark\"><img decoding=\"async\" class=\"alignleft\" title=\"VIDEOCOLUMNA: \u00bfQu\u00e9 derechos tienen las ni\u00f1as y ni\u00f1os con padres en reclusorios? Por Rodolfo Moreno\" src=\"http:\/\/www.eloriente.net\/home\/wp-content\/themes\/city-desk\/timthumb.php?src=http%3A%2F%2Fwww.eloriente.net%2Fhome%2Fwp-content%2Fuploads%2F2016%2F06%2FRODOLFO-MORENO-9-DE-JUNIO-2-e1465582483961.jpg&amp;q=90&amp;w=160&amp;h=106&amp;zc=1\" alt=\"VIDEOCOLUMNA: \u00bfQu\u00e9 derechos tienen las ni\u00f1as y ni\u00f1os con padres en reclusorios? Por Rodolfo Moreno\" \/><\/a><\/p>\n<p>&nbsp;<\/p>\n<p><script src=\"\/\/pagead2.googlesyndication.com\/pagead\/js\/adsbygoogle.js\" async=\"\"><\/script><!-- BANNER PEQUE\u00d1O PARA ENTRENOTAS EL ORIENTE --> <ins class=\"adsbygoogle\" style=\"display: inline-block; width: 468px; height: 60px;\" data-ad-client=\"ca-pub-1136171134853753\" data-ad-slot=\"4953536424\"><\/ins><script>\/\/ <![CDATA[\n(adsbygoogle = window.adsbygoogle || []).push({});\n\/\/ ]]><\/script><\/p>\n<p>&nbsp;<\/p>\n<p>&nbsp;<\/p>\n<h2 class=\"entry_title\">11.-\u00a0<a title=\"Enlace Permanente a VIDEOCOLUMNA: Justicia pronta y expedita. Por Rodolfo Moreno\" href=\"http:\/\/www.eloriente.net\/home\/2016\/07\/08\/videocolumna-justicia-pronta-y-expedita-por-rodolfo-moreno\/\" rel=\"bookmark\">VIDEOCOLUMNA: Justicia pronta y expedita. Por Rodolfo Moreno<\/a><\/h2>\n<p><a href=\"http:\/\/www.eloriente.net\/home\/2016\/07\/08\/videocolumna-justicia-pronta-y-expedita-por-rodolfo-moreno\/\" rel=\"bookmark\"><img decoding=\"async\" class=\"alignleft\" title=\"VIDEOCOLUMNA: Justicia pronta y expedita. Por Rodolfo Moreno\" src=\"http:\/\/www.eloriente.net\/home\/wp-content\/themes\/city-desk\/timthumb.php?src=http%3A%2F%2Fwww.eloriente.net%2Fhome%2Fwp-content%2Fuploads%2F2016%2F07%2FRODOLFO-MORENO-7-DE-JULIO-2.jpg&amp;q=90&amp;w=160&amp;h=106&amp;zc=1\" alt=\"VIDEOCOLUMNA: Justicia pronta y expedita. Por Rodolfo Moreno\" \/><\/a><\/p>\n<p>&nbsp;<\/p>\n<p>&nbsp;<\/p>\n<p>&nbsp;<\/p>\n<p>&nbsp;<\/p>\n<h2 class=\"entry_title\"><\/h2>\n<h2 class=\"entry_title\">12.-\u00a0<a title=\"Enlace Permanente a VIDEOCOLUMNA: Gobierno y Justicia Social. Por Rodolfo Moreno\" href=\"http:\/\/www.eloriente.net\/home\/2016\/07\/21\/videocolumna-gobierno-y-justicia-social-por-rodolfo-moreno\/\" rel=\"bookmark\">VIDEOCOLUMNA: Gobierno y Justicia Social. Por Rodolfo Moreno<\/a><\/h2>\n<p><a href=\"http:\/\/www.eloriente.net\/home\/2016\/07\/21\/videocolumna-gobierno-y-justicia-social-por-rodolfo-moreno\/\" rel=\"bookmark\"><img decoding=\"async\" class=\"alignleft\" title=\"VIDEOCOLUMNA: Gobierno y Justicia Social. Por Rodolfo Moreno\" src=\"http:\/\/www.eloriente.net\/home\/wp-content\/themes\/city-desk\/timthumb.php?src=http%3A%2F%2Fwww.eloriente.net%2Fhome%2Fwp-content%2Fuploads%2F2016%2F07%2FRODOLFO-MORENO-20-DE-JULIO-1-e1469120499578.jpg&amp;q=90&amp;w=160&amp;h=106&amp;zc=1\" alt=\"VIDEOCOLUMNA: Gobierno y Justicia Social. Por Rodolfo Moreno\" \/><\/a><\/p>\n<p>&nbsp;<\/p>\n<p>&nbsp;<\/p>\n<p>&nbsp;<\/p>\n<p>&nbsp;<\/p>\n<h2 class=\"entry_title\">13.-\u00a0<a title=\"Enlace Permanente a VIDEOCOLUMNA: La razonabilidad en las instituciones jur\u00eddicas. Por Rodolfo Moreno\" href=\"http:\/\/www.eloriente.net\/home\/2016\/07\/28\/videocolumna-la-razonabilidad-en-las-instituciones-juridicas-por-rodolfo-moreno\/\" rel=\"bookmark\">VIDEOCOLUMNA: La razonabilidad en las instituciones jur\u00eddicas. Por Rodolfo Moreno<\/a><\/h2>\n<p><a href=\"http:\/\/www.eloriente.net\/home\/2016\/07\/28\/videocolumna-la-razonabilidad-en-las-instituciones-juridicas-por-rodolfo-moreno\/\" rel=\"bookmark\"><img decoding=\"async\" class=\"alignleft\" title=\"VIDEOCOLUMNA: La razonabilidad en las instituciones jur\u00eddicas. Por Rodolfo Moreno\" src=\"http:\/\/www.eloriente.net\/home\/wp-content\/themes\/city-desk\/timthumb.php?src=http%3A%2F%2Fwww.eloriente.net%2Fhome%2Fwp-content%2Fuploads%2F2016%2F07%2FRODOLFO-MORENO-28-DE-JULIO-1-e1469748080699.jpg&amp;q=90&amp;w=160&amp;h=106&amp;zc=1\" alt=\"VIDEOCOLUMNA: La razonabilidad en las instituciones jur\u00eddicas. Por Rodolfo Moreno\" \/><\/a><\/p>\n<p>&nbsp;<\/p>\n<p>&nbsp;<\/p>\n<p>&nbsp;<\/p>\n<p>&nbsp;<\/p>\n<h2 class=\"entry_title\">14.-\u00a0<a title=\"Enlace Permanente a VIDEOCOLUMNA: \u00bfLa renta b\u00e1sica funcionar\u00eda en Oaxaca? Por Rodolfo Moreno\" href=\"http:\/\/www.eloriente.net\/home\/2016\/08\/04\/videocolumna-la-renta-basica-funcionaria-en-oaxaca-por-rodolfo-moreno\/\" rel=\"bookmark\">VIDEOCOLUMNA: \u00bfLa renta b\u00e1sica funcionar\u00eda en Oaxaca? Por Rodolfo Moreno<\/a><\/h2>\n<p><a href=\"http:\/\/www.eloriente.net\/home\/2016\/08\/04\/videocolumna-la-renta-basica-funcionaria-en-oaxaca-por-rodolfo-moreno\/\" rel=\"bookmark\"><img decoding=\"async\" class=\"alignleft\" title=\"VIDEOCOLUMNA: \u00bfLa renta b\u00e1sica funcionar\u00eda en Oaxaca? Por Rodolfo Moreno\" src=\"http:\/\/www.eloriente.net\/home\/wp-content\/themes\/city-desk\/timthumb.php?src=http%3A%2F%2Fwww.eloriente.net%2Fhome%2Fwp-content%2Fuploads%2F2016%2F08%2FRODOLFO-MORENO-4-DE-AGOSTO-BIEN-e1470354412420.jpg&amp;q=90&amp;w=160&amp;h=106&amp;zc=1\" alt=\"VIDEOCOLUMNA: \u00bfLa renta b\u00e1sica funcionar\u00eda en Oaxaca? Por Rodolfo Moreno\" \/><\/a><\/p>\n<p>&nbsp;<\/p>\n<p>&nbsp;<\/p>\n<p>&nbsp;<\/p>\n<p>&nbsp;<\/p>\n<h2 class=\"entry_title\">15.-\u00a0<a title=\"Enlace Permanente a VIDEOCOLUMNA: La democracia deliberativa y la ciudadan\u00eda multicultural. Por Rodolfo Moreno\" href=\"http:\/\/www.eloriente.net\/home\/2016\/08\/18\/videocolumna-la-democracia-deliberativa-y-la-ciudadania-multicultural-por-rodolfo-moreno\/\" rel=\"bookmark\">VIDEOCOLUMNA: La democracia deliberativa y la ciudadan\u00eda multicultural. Por Rodolfo Moreno<\/a><\/h2>\n<p><a href=\"http:\/\/www.eloriente.net\/home\/2016\/08\/18\/videocolumna-la-democracia-deliberativa-y-la-ciudadania-multicultural-por-rodolfo-moreno\/\" rel=\"bookmark\"><img decoding=\"async\" class=\"alignleft\" title=\"VIDEOCOLUMNA: La democracia deliberativa y la ciudadan\u00eda multicultural. Por Rodolfo Moreno\" src=\"http:\/\/www.eloriente.net\/home\/wp-content\/themes\/city-desk\/timthumb.php?src=http%3A%2F%2Fwww.eloriente.net%2Fhome%2Fwp-content%2Fuploads%2F2016%2F08%2FRODOLFO-MORENO-18-DE-AGOSTO-e1471547610741.jpg&amp;q=90&amp;w=160&amp;h=106&amp;zc=1\" alt=\"VIDEOCOLUMNA: La democracia deliberativa y la ciudadan\u00eda multicultural. Por Rodolfo Moreno\" \/><\/a><\/p>\n<p>&nbsp;<\/p>\n<p>&nbsp;<\/p>\n<p>&nbsp;<\/p>\n<p>&nbsp;<\/p>\n<h2 class=\"entry_title\">16.-\u00a0<a title=\"Enlace Permanente a VIDEOCOLUMNA: Las desapariciones forzadas en M\u00e9xico. Por Rodolfo Moreno\" href=\"http:\/\/www.eloriente.net\/home\/2016\/09\/01\/videocolumna-las-desapariciones-forzadas-en-mexico-por-rodolfo-moreno\/\" rel=\"bookmark\">VIDEOCOLUMNA: Las desapariciones forzadas en M\u00e9xico. Por Rodolfo Moreno<\/a><\/h2>\n<p><a href=\"http:\/\/www.eloriente.net\/home\/2016\/09\/01\/videocolumna-las-desapariciones-forzadas-en-mexico-por-rodolfo-moreno\/\" rel=\"bookmark\"><img decoding=\"async\" class=\"alignleft\" title=\"VIDEOCOLUMNA: Las desapariciones forzadas en M\u00e9xico. Por Rodolfo Moreno\" src=\"http:\/\/www.eloriente.net\/home\/wp-content\/themes\/city-desk\/timthumb.php?src=http%3A%2F%2Fwww.eloriente.net%2Fhome%2Fwp-content%2Fuploads%2F2016%2F09%2FRODOLFO-MORENO-31-DE-AGOSTO-1-e1472765577706.jpg&amp;q=90&amp;w=160&amp;h=106&amp;zc=1\" alt=\"VIDEOCOLUMNA: Las desapariciones forzadas en M\u00e9xico. Por Rodolfo Moreno\" \/><\/a><\/p>\n<p>&nbsp;<\/p>\n<p>&nbsp;<\/p>\n<p>&nbsp;<\/p>\n<p>&nbsp;<\/p>\n<h2 class=\"entry_title\">17.-<a title=\"Enlace Permanente a VIDEOCOLUMNA: \u00bfEs necesaria una nueva constituci\u00f3n para Oaxaca? Por Rodolfo Moreno\" href=\"http:\/\/www.eloriente.net\/home\/2016\/09\/20\/videocolumna-es-necesaria-una-nueva-constitucion-para-oaxaca-por-rodolfo-moreno\/\" rel=\"bookmark\">VIDEOCOLUMNA: \u00bfEs necesaria una nueva constituci\u00f3n para Oaxaca? Por Rodolfo Moreno<\/a><\/h2>\n<p><a href=\"http:\/\/www.eloriente.net\/home\/2016\/09\/20\/videocolumna-es-necesaria-una-nueva-constitucion-para-oaxaca-por-rodolfo-moreno\/\" rel=\"bookmark\"><img decoding=\"async\" class=\"alignleft\" title=\"VIDEOCOLUMNA: \u00bfEs necesaria una nueva constituci\u00f3n para Oaxaca? Por Rodolfo Moreno\" src=\"http:\/\/www.eloriente.net\/home\/wp-content\/themes\/city-desk\/timthumb.php?src=http%3A%2F%2Fwww.eloriente.net%2Fhome%2Fwp-content%2Fuploads%2F2016%2F09%2FRODOLFO-MORENO-14-DE-SEPTIEMBRE-1.jpg&amp;q=90&amp;w=160&amp;h=106&amp;zc=1\" alt=\"VIDEOCOLUMNA: \u00bfEs necesaria una nueva constituci\u00f3n para Oaxaca? Por Rodolfo Moreno\" \/><\/a><\/p>\n<p>&nbsp;<\/p>\n<p>&nbsp;<\/p>\n<p>&nbsp;<\/p>\n<p>&nbsp;<\/p>\n<h2 class=\"entry_title\">18.-\u00a0<a title=\"Enlace Permanente a VIDEOCOLUMNAS: Oaxaca, un estado pobre pero con buena producci\u00f3n minera. Por Rodolfo Moreno\" href=\"http:\/\/www.eloriente.net\/home\/2016\/09\/30\/videocolumnas-oaxaca-un-estado-pobre-pero-con-buena-produccion-minera-por-rodolfo-moreno\/\" rel=\"bookmark\">VIDEOCOLUMNAS: Oaxaca, un estado pobre pero con buena producci\u00f3n minera. Por Rodolfo Moreno<\/a><\/h2>\n<p><a href=\"http:\/\/www.eloriente.net\/home\/2016\/09\/30\/videocolumnas-oaxaca-un-estado-pobre-pero-con-buena-produccion-minera-por-rodolfo-moreno\/\" rel=\"bookmark\"><img decoding=\"async\" class=\"alignleft\" title=\"VIDEOCOLUMNAS: Oaxaca, un estado pobre pero con buena producci\u00f3n minera. Por Rodolfo Moreno\" src=\"http:\/\/www.eloriente.net\/home\/wp-content\/themes\/city-desk\/timthumb.php?src=http%3A%2F%2Fwww.eloriente.net%2Fhome%2Fwp-content%2Fuploads%2F2016%2F09%2FRODOLFO-MORENO-29-de-SEPTIEMBRE-1-e1475256323729.jpg&amp;q=90&amp;w=160&amp;h=106&amp;zc=1\" alt=\"VIDEOCOLUMNAS: Oaxaca, un estado pobre pero con buena producci\u00f3n minera. Por Rodolfo Moreno\" \/><\/a><\/p>\n<p>&nbsp;<\/p>\n<p>&nbsp;<\/p>\n<p>&nbsp;<\/p>\n<p>&nbsp;<\/p>\n<h2 class=\"entry_title\">19.-\u00a0<a title=\"Enlace Permanente a VIDEOCOLUMNA: Es necesario que revaloren la posibilidad de una nueva ley monetaria en M\u00e9xico. Por Rodolfo Moreno\" href=\"http:\/\/www.eloriente.net\/home\/2016\/10\/06\/videocolumna-es-necesario-que-revaloren-la-posibilidad-de-una-nueva-ley-monetaria-en-mexico-por-rodolfo-moreno\/\" rel=\"bookmark\">VIDEOCOLUMNA: Es necesario que revaloren la posibilidad de una nueva ley monetaria en M\u00e9xico. Por Rodolfo Moreno<\/a><\/h2>\n<p><a href=\"http:\/\/www.eloriente.net\/home\/2016\/10\/06\/videocolumna-es-necesario-que-revaloren-la-posibilidad-de-una-nueva-ley-monetaria-en-mexico-por-rodolfo-moreno\/\" rel=\"bookmark\"><img decoding=\"async\" class=\"alignleft\" title=\"VIDEOCOLUMNA: Es necesario que revaloren la posibilidad de una nueva ley monetaria en M\u00e9xico. Por Rodolfo Moreno\" src=\"http:\/\/www.eloriente.net\/home\/wp-content\/themes\/city-desk\/timthumb.php?src=http%3A%2F%2Fwww.eloriente.net%2Fhome%2Fwp-content%2Fuploads%2F2016%2F10%2FRODOLFO-MORENO-6-de-OCTUBRE-1-e1475858406362.jpg&amp;q=90&amp;w=160&amp;h=106&amp;zc=1\" alt=\"VIDEOCOLUMNA: Es necesario que revaloren la posibilidad de una nueva ley monetaria en M\u00e9xico. Por Rodolfo Moreno\" \/><\/a><\/p>\n<p>&nbsp;<\/p>\n<p>&nbsp;<\/p>\n<p>&nbsp;<\/p>\n<p>&nbsp;<\/p>\n<h2 class=\"entry_title\">20.-\u00a0<a title=\"Enlace Permanente a VIDEOCOLUMNA: Defendamos a las personas que ejercen el periodismo. Por Rodolfo Moreno\" href=\"http:\/\/www.eloriente.net\/home\/2016\/11\/02\/videocolumna-defendamos-a-las-personas-que-ejercen-el-periodismo-por-rodolfo-moreno\/\" rel=\"bookmark\">VIDEOCOLUMNA: Defendamos a las personas que ejercen el periodismo. Por Rodolfo Moreno<\/a><\/h2>\n<p><a href=\"http:\/\/www.eloriente.net\/home\/2016\/11\/02\/videocolumna-defendamos-a-las-personas-que-ejercen-el-periodismo-por-rodolfo-moreno\/\" rel=\"bookmark\"><img decoding=\"async\" class=\"alignleft\" title=\"VIDEOCOLUMNA: Defendamos a las personas que ejercen el periodismo. Por Rodolfo Moreno\" src=\"http:\/\/www.eloriente.net\/home\/wp-content\/themes\/city-desk\/timthumb.php?src=http%3A%2F%2Fwww.eloriente.net%2Fhome%2Fwp-content%2Fuploads%2F2016%2F11%2FRODOLFO-MORENO-27-de-octubre-1-e1478109382874.jpg&amp;q=90&amp;w=160&amp;h=106&amp;zc=1\" alt=\"VIDEOCOLUMNA: Defendamos a las personas que ejercen el periodismo. Por Rodolfo Moreno\" \/><\/a><\/p>\n<p>&nbsp;<\/p>\n<p>&nbsp;<\/p>\n<p>&nbsp;<\/p>\n<p>&nbsp;<\/p>\n<h2 class=\"entry_title\">21.-\u00a0<a title=\"Enlace Permanente a VIDECOLUMNA: \u00bfAhora s\u00ed se atender\u00e1n los problemas de Oaxaca? Por Rodolfo Moreno\" href=\"http:\/\/www.eloriente.net\/home\/2016\/11\/17\/videcolumna-ahora-si-se-atenderan-los-problemas-de-oaxaca-por-rodolfo-moreno\/\" rel=\"bookmark\">VIDECOLUMNA: \u00bfAhora s\u00ed se atender\u00e1n los problemas de Oaxaca? Por Rodolfo Moreno<\/a><\/h2>\n<p><a href=\"http:\/\/www.eloriente.net\/home\/2016\/11\/17\/videcolumna-ahora-si-se-atenderan-los-problemas-de-oaxaca-por-rodolfo-moreno\/\" rel=\"bookmark\"><img decoding=\"async\" class=\"alignleft\" title=\"VIDECOLUMNA: \u00bfAhora s\u00ed se atender\u00e1n los problemas de Oaxaca? Por Rodolfo Moreno\" src=\"http:\/\/www.eloriente.net\/home\/wp-content\/themes\/city-desk\/timthumb.php?src=http%3A%2F%2Fwww.eloriente.net%2Fhome%2Fwp-content%2Fuploads%2F2016%2F11%2FRODOLFO-MORENO-17-DE-NOVIEMBRE-1-e1479420247120.jpg&amp;q=90&amp;w=160&amp;h=106&amp;zc=1\" alt=\"VIDECOLUMNA: \u00bfAhora s\u00ed se atender\u00e1n los problemas de Oaxaca? Por Rodolfo Moreno\" \/><\/a><\/p>\n<p>&nbsp;<\/p>\n<p>&nbsp;<\/p>\n<p>&nbsp;<\/p>\n<p>&nbsp;<\/p>\n<p><strong>OTRAS VIDEOCOLUMNAS<\/strong><\/p>\n<div id=\"post-46628\" class=\"entry loop-default border_bottom_30 post-46628 post type-post status-publish format-standard has-post-thumbnail hentry category-alejandro-cruz-pimentel category-alejandro-cruz-pimentel-videoblogs category-colaboradores category-entradas category-estados category-municipios category-oaxaca-estados category-politica-y-gobierno category-videoblogs tag-alejandro-cruz-pimentel tag-ayuntamientos tag-ley-general-de-instituciones-y-procedimientos-electorales tag-municipios-2 tag-sindicos\">\n<h2 class=\"entry_title\"><a title=\"Enlace Permanente a VIDEOCOLUMNA: Nos han enga\u00f1ado. Por Alejandro Cruz Pimentel\" href=\"http:\/\/www.eloriente.net\/home\/2017\/01\/06\/videocolumna-nos-enganado-alejandro-cruz-pimentel\/\" rel=\"bookmark\">VIDEOCOLUMNA: Nos han enga\u00f1ado. Por Alejandro Cruz Pimentel<\/a><\/h2>\n<p><a href=\"http:\/\/www.eloriente.net\/home\/2017\/01\/06\/videocolumna-nos-enganado-alejandro-cruz-pimentel\/\" rel=\"bookmark\"><img decoding=\"async\" class=\"alignleft\" title=\"VIDEOCOLUMNA: Nos han enga\u00f1ado. Por Alejandro Cruz Pimentel\" src=\"http:\/\/www.eloriente.net\/home\/wp-content\/themes\/city-desk\/timthumb.php?src=http%3A%2F%2Fwww.eloriente.net%2Fhome%2Fwp-content%2Fuploads%2F2017%2F01%2FALEJANDRO-CRUZ-6-DE-ENERO-2017.jpg&amp;q=90&amp;w=160&amp;h=106&amp;zc=1\" alt=\"VIDEOCOLUMNA: Nos han enga\u00f1ado. Por Alejandro Cruz Pimentel\" \/><\/a>\u00a0 eloriente.net 6 de enero de 2017 \u201cDe acuerdo a la Carta Magna y a la Ley General de Instituciones y Procedimientos Electorales, cada Municipio ser\u00e1 gobernado por un Ayuntamiento de elecci\u00f3n popular directa, integrado por un presidente municipal y el n\u00famero de regidores y s\u00edndicos que la ley determine. Nos queda claro que deber\u00edamos [\u2026]<\/p>\n<div class=\"toolbar-social\"><\/div>\n<p class=\"postmeta\"><span class=\"meta_date\">enero 6, 2017<\/span><\/p>\n<\/div>\n<div id=\"post-46616\" class=\"entry loop-default border_bottom_30 post-46616 post type-post status-publish format-standard has-post-thumbnail hentry category-viernesdefelicidad category-entradas category-salud-y-estilo-de-vida category-lo-mas-reciente category-principal category-salud category-ursula-woolrich category-videoblogs tag-grandiosidad tag-trampa-vital-de-la-grandiosidad tag-trampas-vitales tag-ursula-woolrich tag-videocolumna\">\n<h2 class=\"entry_title\"><a title=\"Enlace Permanente a VIDEOCOLUMNA: La trampa vital de la grandiosidad parte 1). Por \u00darsula Woolrich\" href=\"http:\/\/www.eloriente.net\/home\/2017\/01\/05\/videocolumna-la-trampa-vital-la-grandiosidad-parte-1-ursula-woolrich\/\" rel=\"bookmark\">VIDEOCOLUMNA: La trampa vital de la grandiosidad parte 1). Por \u00darsula Woolrich<\/a><\/h2>\n<p><a href=\"http:\/\/www.eloriente.net\/home\/2017\/01\/05\/videocolumna-la-trampa-vital-la-grandiosidad-parte-1-ursula-woolrich\/\" rel=\"bookmark\"><img decoding=\"async\" class=\"alignleft\" title=\"VIDEOCOLUMNA: La trampa vital de la grandiosidad parte 1). Por \u00darsula Woolrich\" src=\"http:\/\/www.eloriente.net\/home\/wp-content\/themes\/city-desk\/timthumb.php?src=http%3A%2F%2Fwww.eloriente.net%2Fhome%2Fwp-content%2Fuploads%2F2017%2F01%2FU%CC%81RSULA-WOOLRICH-5-DE-ENERO-2017-1-e1483662895998.jpg&amp;q=90&amp;w=160&amp;h=106&amp;zc=1\" alt=\"VIDEOCOLUMNA: La trampa vital de la grandiosidad parte 1). Por \u00darsula Woolrich\" \/><\/a>\u00a0 eloriente.net 5 de enero de 2017 \u00bfTienes problemas para aceptar \u201cno\u201d como respuesta? \u00bfTe sientes especial y crees que no deber\u00eda tener que aceptar las mismas reglas y situaciones que las personas \u201cnormales\u201d? \u00bfInsistes en que las personas hagan las cosas a tu manera? Llegamos a la trampa vital n\u00famero 11: la trampa de [\u2026]<\/p>\n<div class=\"toolbar-social\"><\/div>\n<p class=\"postmeta\"><span class=\"meta_date\">enero 5, 2017<\/span><\/p>\n<\/div>\n<div id=\"post-46600\" class=\"entry loop-default border_bottom_30 post-46600 post type-post status-publish format-standard has-post-thumbnail hentry category-derechos-humanos category-entradas category-lo-mas-reciente category-rebeca-garza category-videoblogs tag-identidad-de-genero tag-protocolo tag-rebeca-garza tag-scjn tag-suprema-corte-de-justicia-de-la-nacion tag-videocolumna\">\n<h2 class=\"entry_title\"><a title=\"Enlace Permanente a VIDEOCOLUMNA: Protocolo para quienes imparten justicia en casos que involucren la orientaci\u00f3n sexual o la identidad de g\u00e9nero. Por Rebeca Garza\" href=\"http:\/\/www.eloriente.net\/home\/2017\/01\/04\/videocolumna-protocolo-quienes-imparten-justicia-casos-involucren-la-orientacion-sexual-la-identidad-genero-rebeca-garza\/\" rel=\"bookmark\">VIDEOCOLUMNA: Protocolo para quienes imparten justicia en casos que involucren la orientaci\u00f3n sexual o la identidad de g\u00e9nero. Por Rebeca Garza<\/a><\/h2>\n<p><a href=\"http:\/\/www.eloriente.net\/home\/2017\/01\/04\/videocolumna-protocolo-quienes-imparten-justicia-casos-involucren-la-orientacion-sexual-la-identidad-genero-rebeca-garza\/\" rel=\"bookmark\"><img decoding=\"async\" class=\"alignleft\" title=\"VIDEOCOLUMNA: Protocolo para quienes imparten justicia en casos que involucren la orientaci\u00f3n sexual o la identidad de g\u00e9nero. Por Rebeca Garza\" src=\"http:\/\/www.eloriente.net\/home\/wp-content\/themes\/city-desk\/timthumb.php?src=http%3A%2F%2Fwww.eloriente.net%2Fhome%2Fwp-content%2Fuploads%2F2017%2F01%2FREBECA-GARZA-4-DE-ENERO.jpg&amp;q=90&amp;w=160&amp;h=106&amp;zc=1\" alt=\"VIDEOCOLUMNA: Protocolo para quienes imparten justicia en casos que involucren la orientaci\u00f3n sexual o la identidad de g\u00e9nero. Por Rebeca Garza\" \/><\/a>\u00a0 eloriente.net 4 de enero de 2016 La Suprema Corte de Justicia de la Naci\u00f3n ha elaborado diferentes protocolos de actuaci\u00f3n para quienes imparten justicia que es importante que se conozcan. Rebeca Garza nos explica en esta videocolumna los casos aplicables donde se aplican dichos protocolos, as\u00ed como diversos estereotipos que las personas juzgadoras deben [\u2026]<\/p>\n<\/div>\n\n\t\t\t  <div \n\t\t\t  \tclass = \"fb-comments\" \n\t\t\t  \tdata-href = \"https:\/\/www.eloriente.net\/home\/2017\/01\/07\/las-videocolumnas-doctor-rodolfo-moreno\/\"\n\t\t\t  \tdata-numposts = \"10\"\n\t\t\t\tdata-colorscheme = \"dark\"\n\t\t\t\tdata-order-by = \"social\"\n\t\t\t\tdata-mobile=true>\n\t\t\t  <\/div>\n\t\t  <style>\n\t\t\t.fb_iframe_widget_fluid_desktop iframe {\n\t\t\t    width: 100% !important;\n\t\t\t}\n\t\t  <\/style>\n\t\t  ","protected":false},"excerpt":{"rendered":"<p>&nbsp; eloriente.net 7 de enero de 2017 Este a\u00f1o en EL ORIENTE inauguramos un espacio para la reflexi\u00f3n con nuestra secci\u00f3n de videocolumnas. A lo largo de estos casi 10 meses han pasaron por nuestras filas importantes personalidades que nos enriquecieron con sus conocimientos y con su interesante opini\u00f3n. A manera de agradecimiento, y con [&hellip;]<\/p>\n","protected":false},"author":44,"featured_media":45300,"comment_status":"open","ping_status":"open","sticky":false,"template":"","format":"standard","meta":{"_jetpack_memberships_contains_paid_content":false,"footnotes":""},"categories":[22,32,10,6256,98],"tags":[4321,217,477,6380,6189],"class_list":["post-46633","post","type-post","status-publish","format-standard","has-post-thumbnail","hentry","category-derechos-humanos","category-entradas","category-lo-mas-reciente","category-rodolfo-moreno","category-videoblogs","tag-4321","tag-derechos-humanos-2","tag-el-oriente","tag-rodolfo-moreno","tag-videocolumnas"],"jetpack_featured_media_url":"https:\/\/www.eloriente.net\/home\/wp-content\/uploads\/2016\/10\/RODOLFO-MORENO-6-de-OCTUBRE-1-e1475858406362.jpg","jetpack_sharing_enabled":true,"_links":{"self":[{"href":"https:\/\/www.eloriente.net\/home\/wp-json\/wp\/v2\/posts\/46633"}],"collection":[{"href":"https:\/\/www.eloriente.net\/home\/wp-json\/wp\/v2\/posts"}],"about":[{"href":"https:\/\/www.eloriente.net\/home\/wp-json\/wp\/v2\/types\/post"}],"author":[{"embeddable":true,"href":"https:\/\/www.eloriente.net\/home\/wp-json\/wp\/v2\/users\/44"}],"replies":[{"embeddable":true,"href":"https:\/\/www.eloriente.net\/home\/wp-json\/wp\/v2\/comments?post=46633"}],"version-history":[{"count":1,"href":"https:\/\/www.eloriente.net\/home\/wp-json\/wp\/v2\/posts\/46633\/revisions"}],"predecessor-version":[{"id":46634,"href":"https:\/\/www.eloriente.net\/home\/wp-json\/wp\/v2\/posts\/46633\/revisions\/46634"}],"wp:featuredmedia":[{"embeddable":true,"href":"https:\/\/www.eloriente.net\/home\/wp-json\/wp\/v2\/media\/45300"}],"wp:attachment":[{"href":"https:\/\/www.eloriente.net\/home\/wp-json\/wp\/v2\/media?parent=46633"}],"wp:term":[{"taxonomy":"category","embeddable":true,"href":"https:\/\/www.eloriente.net\/home\/wp-json\/wp\/v2\/categories?post=46633"},{"taxonomy":"post_tag","embeddable":true,"href":"https:\/\/www.eloriente.net\/home\/wp-json\/wp\/v2\/tags?post=46633"}],"curies":[{"name":"wp","href":"https:\/\/api.w.org\/{rel}","templated":true}]}}