{"id":46956,"date":"2017-02-03T19:14:52","date_gmt":"2017-02-04T01:14:52","guid":{"rendered":"http:\/\/www.eloriente.net\/home\/?p=46956"},"modified":"2017-02-06T19:50:16","modified_gmt":"2017-02-07T01:50:16","slug":"videocolumna-seamos-ejemplo-gerardo-castellanos","status":"publish","type":"post","link":"https:\/\/www.eloriente.net\/home\/2017\/02\/03\/videocolumna-seamos-ejemplo-gerardo-castellanos\/","title":{"rendered":"VIDEOCOLUMNA: Seamos un ejemplo. Por Gerardo Castellanos"},"content":{"rendered":"<p><script src=\"\/\/pagead2.googlesyndication.com\/pagead\/js\/adsbygoogle.js\" async=\"\"><\/script><!-- BANNER ELORIENTE INCRUSTADO NOTAS --> <ins class=\"adsbygoogle\" style=\"display: inline-block; width: 300px; height: 250px;\" data-ad-client=\"ca-pub-1136171134853753\" data-ad-slot=\"7974633627\"><\/ins><script>\/\/ <![CDATA[\n(adsbygoogle = window.adsbygoogle || []).push({});\n\/\/ ]]><\/script><\/p>\n<p>&nbsp;<\/p>\n<p>eloriente.net<\/p>\n<p>3 de febrero de 2017<\/p>\n<p>\u00abLa calidad profesional no s\u00f3lo se debe tener, se debe demostrar; el principal enemigo del hombre es \u00e9l mismo; seamos leales con nosotros, con nuestra familia y con nuestro trabajo; el ejercicio profesional implica el compromiso de ser integro, capaz, propositivo.\u00bb<\/p>\n<p>Mira la nueva videocolumna del maestro <a class=\"profileLink\" href=\"https:\/\/www.facebook.com\/www.huaxyacalli.mx\" data-hovercard=\"\/ajax\/hovercard\/user.php?id=1444662055\" data-hovercard-prefer-more-content-show=\"1\">Gerardo Castellanos Bola\u00f1os<\/a> donde nos muestra diversos aspectos que deben ser prioritarios para todo profesional.<\/p>\n<p><iframe loading=\"lazy\" style=\"border: none; overflow: hidden;\" src=\"https:\/\/www.facebook.com\/plugins\/video.php?href=https%3A%2F%2Fwww.facebook.com%2F443535572345554%2Fvideos%2F1439085882790513%2F&amp;show_text=0&amp;width=560\" width=\"560\" height=\"315\" frameborder=\"0\" scrolling=\"no\" allowfullscreen=\"allowfullscreen\"><\/iframe><\/p>\n<p><script src=\"\/\/pagead2.googlesyndication.com\/pagead\/js\/adsbygoogle.js\" async=\"\"><\/script><!-- BANNER PEQUE\u00d1O PARA ENTRENOTAS EL ORIENTE --> <ins class=\"adsbygoogle\" style=\"display: inline-block; width: 468px; height: 60px;\" data-ad-client=\"ca-pub-1136171134853753\" data-ad-slot=\"4953536424\"><\/ins><script>\/\/ <![CDATA[\n(adsbygoogle = window.adsbygoogle || []).push({});\n\/\/ ]]><\/script><\/p>\n<p>Gerardo Castellanos es ensayista y estudioso de la historia de la Villa de Santa Mar\u00eda Oaxaca. Particip\u00f3 en el programa de la Historia Secreta de Oaxaca para\u00a0el History Chanel en 2007.<\/p>\n<p>Tiene publicados tres libros, dos de cr\u00f3nica hist\u00f3rica dedicados al Marquesado del Valle de Oaxaca titulados: Villa de Santa Mar\u00eda Oaxaca y Tierra de sol, suspiro por verte\u2026<\/p>\n<p>El tercero es el libro de Cuentos y Poemas de la Luna Nueva.<\/p>\n<p><a href=\"http:\/\/www.eloriente.net\/home\/wp-content\/uploads\/2017\/02\/GERARDO-CASTELLANOS-3-DE-FEBRERO-2017.jpg\" rel=\"attachment wp-att-46960\"><img loading=\"lazy\" decoding=\"async\" class=\"alignnone  wp-image-46960\" src=\"http:\/\/www.eloriente.net\/home\/wp-content\/uploads\/2017\/02\/GERARDO-CASTELLANOS-3-DE-FEBRERO-2017.jpg\" alt=\"GERARDO CASTELLANOS 3 DE FEBRERO 2017\" width=\"601\" height=\"338\" srcset=\"https:\/\/www.eloriente.net\/home\/wp-content\/uploads\/2017\/02\/GERARDO-CASTELLANOS-3-DE-FEBRERO-2017.jpg 1920w, https:\/\/www.eloriente.net\/home\/wp-content\/uploads\/2017\/02\/GERARDO-CASTELLANOS-3-DE-FEBRERO-2017-300x169.jpg 300w, https:\/\/www.eloriente.net\/home\/wp-content\/uploads\/2017\/02\/GERARDO-CASTELLANOS-3-DE-FEBRERO-2017-768x432.jpg 768w, https:\/\/www.eloriente.net\/home\/wp-content\/uploads\/2017\/02\/GERARDO-CASTELLANOS-3-DE-FEBRERO-2017-1024x576.jpg 1024w\" sizes=\"(max-width: 601px) 100vw, 601px\" \/><\/a><\/p>\n<p><strong>OTRAS VIDEOCOLUMNAS<\/strong><\/p>\n<div id=\"post-46945\" class=\"entry loop-default border_bottom_30 post-46945 post type-post status-publish format-standard has-post-thumbnail hentry category-entradas category-salud-y-estilo-de-vida category-lo-mas-reciente category-ursula-woolrich category-videoblogs tag-bienestar tag-psicologia tag-sinsentido tag-ursula-woolrich tag-videocolumna\">\n<h2 class=\"entry_title\"><a title=\"Enlace Permanente a VIDEOCOLUMNA: El sinsentido: Cuando no te calienta ni el sol. Por \u00darsula Woolrich\" href=\"http:\/\/www.eloriente.net\/home\/2017\/02\/02\/videocolumna-sinsentido-cuando-no-te-calienta-sol-ursula-woolrich\/\" rel=\"bookmark\">VIDEOCOLUMNA: El sinsentido: Cuando no te calienta ni el sol. Por \u00darsula Woolrich<\/a><\/h2>\n<p><a href=\"http:\/\/www.eloriente.net\/home\/2017\/02\/02\/videocolumna-sinsentido-cuando-no-te-calienta-sol-ursula-woolrich\/\" rel=\"bookmark\"><img decoding=\"async\" class=\"alignleft\" title=\"VIDEOCOLUMNA: El sinsentido: Cuando no te calienta ni el sol. Por \u00darsula Woolrich\" src=\"http:\/\/www.eloriente.net\/home\/wp-content\/themes\/city-desk\/timthumb.php?src=http%3A%2F%2Fwww.eloriente.net%2Fhome%2Fwp-content%2Fuploads%2F2017%2F02%2FU%CC%81RSULA-WOOLRICH-2-DE-FEBRERO.jpg&amp;q=90&amp;w=160&amp;h=106&amp;zc=1\" alt=\"VIDEOCOLUMNA: El sinsentido: Cuando no te calienta ni el sol. Por \u00darsula Woolrich\" \/><\/a>\u00a0 eloriente.net 2 de febrero de 2017 Esta semana la Psic\u00f3loga Ursula Woolrich nos explica que es lo que nos sucede en esos d\u00edas cuando parecemos estar deprimidos y no encontramos el sentido de las cosas. Mira esta nueva videocolumnas donde Ursula Woolrich nos ofrece varios consejos para superar dicha situaci\u00f3n. \u00darsula Woolrich es Psic\u00f3loga [\u2026]<\/p>\n<div class=\"toolbar-social\">\n<div class=\"social-widget\">\n<div id=\"sharing-widget\"><\/div>\n<\/div>\n<\/div>\n<p class=\"postmeta\"><span class=\"meta_date\">febrero 2, 2017<\/span><\/p>\n<\/div>\n<div id=\"post-46928\" class=\"entry loop-default border_bottom_30 post-46928 post type-post status-publish format-standard has-post-thumbnail hentry category-derechos-humanos category-entradas category-salud-y-estilo-de-vida category-lo-mas-reciente category-rebeca-garza category-videoblogs tag-buzzfed tag-derechos-humanos-2 tag-encuesta tag-rebeca-garza tag-trans tag-videocolumna\">\n<h2 class=\"entry_title\"><a title=\"Enlace Permanente a VIDEOCOLUMNA: Pa\u00edses m\u00e1s seguros para las personas Trans. Por Rebeca Garza\" href=\"http:\/\/www.eloriente.net\/home\/2017\/02\/01\/videocolumna-paises-mas-seguros-las-personas-trans-rebeca-garza\/\" rel=\"bookmark\">VIDEOCOLUMNA: Pa\u00edses m\u00e1s seguros para las personas Trans. Por Rebeca Garza<\/a><\/h2>\n<p><a href=\"http:\/\/www.eloriente.net\/home\/2017\/02\/01\/videocolumna-paises-mas-seguros-las-personas-trans-rebeca-garza\/\" rel=\"bookmark\"><img decoding=\"async\" class=\"alignleft\" title=\"VIDEOCOLUMNA: Pa\u00edses m\u00e1s seguros para las personas Trans. Por Rebeca Garza\" src=\"http:\/\/www.eloriente.net\/home\/wp-content\/themes\/city-desk\/timthumb.php?src=http%3A%2F%2Fwww.eloriente.net%2Fhome%2Fwp-content%2Fuploads%2F2017%2F02%2FREBECA-GARZA-1-DE-FEBRERO-2017.jpg&amp;q=90&amp;w=160&amp;h=106&amp;zc=1\" alt=\"VIDEOCOLUMNA: Pa\u00edses m\u00e1s seguros para las personas Trans. Por Rebeca Garza\" \/><\/a>\u00a0 eloriente.net 1 de febrero de 2017 En esta ocasi\u00f3n Rebeca Garza nos habla sobre una encuesta en internet realizada por Buzzfeed en conjunto con el Instituto Williams de la Escuela de Derecho de la Universidad de California en Los \u00c1ngeles, el objetivo de la misma fue identificar en d\u00f3nde existe pol\u00edticas p\u00fablicas que reconozcan [\u2026]<\/p>\n<div class=\"toolbar-social\">\n<div class=\"social-widget\">\n<div id=\"sharing-widget\"><\/div>\n<\/div>\n<\/div>\n<p class=\"postmeta\"><span class=\"meta_date\">febrero 1, 2017<\/span><\/p>\n<\/div>\n<div id=\"post-46906\" class=\"entry loop-default border_bottom_30 post-46906 post type-post status-publish format-standard has-post-thumbnail hentry category-educacion-y-cultura category-entradas category-estados category-oaxaca-estados category-raul-cruz-maldonado category-videoblogs tag-aulas tag-humanizar tag-jose-marti tag-monterrey tag-natacion tag-raul-maldonado-mendoza tag-tiroteo\">\n<h2 class=\"entry_title\"><a title=\"Enlace Permanente a VIDEOCOLUMNA: Las aulas son para que en dulce lenguaje se forme al buen ciudadano. Por Ra\u00fal Maldonado\" href=\"http:\/\/www.eloriente.net\/home\/2017\/01\/31\/videocolumna-las-aulas-dulce-lenguaje-se-forme-al-buen-ciudadano-raul-maldonado\/\" rel=\"bookmark\">VIDEOCOLUMNA: Las aulas son para que en dulce lenguaje se forme al buen ciudadano. Por Ra\u00fal Maldonado<\/a><\/h2>\n<p><a href=\"http:\/\/www.eloriente.net\/home\/2017\/01\/31\/videocolumna-las-aulas-dulce-lenguaje-se-forme-al-buen-ciudadano-raul-maldonado\/\" rel=\"bookmark\"><img decoding=\"async\" class=\"alignleft\" title=\"VIDEOCOLUMNA: Las aulas son para que en dulce lenguaje se forme al buen ciudadano. Por Ra\u00fal Maldonado\" src=\"http:\/\/www.eloriente.net\/home\/wp-content\/themes\/city-desk\/timthumb.php?src=http%3A%2F%2Fwww.eloriente.net%2Fhome%2Fwp-content%2Fuploads%2F2017%2F01%2FRAU%CC%81L-MALDONADO-31-DE-ENERO-2017.jpg&amp;q=90&amp;w=160&amp;h=106&amp;zc=1\" alt=\"VIDEOCOLUMNA: Las aulas son para que en dulce lenguaje se forme al buen ciudadano. Por Ra\u00fal Maldonado\" \/><\/a>\u00a0 eloriente.net 31 de enero de 2017 Esta semana Ra\u00fal Maldonado Mendoza reflexiona sobre los lamentables hechos ocurridos en una escuela de Monterrey hace algunos d\u00edas. Tambi\u00e9n recuerda a Jos\u00e9 Mart\u00ed y le rinde homenaje. Por \u00faltimo nos platica sobre la liga interclubes de nataci\u00f3n. Ra\u00fal Maldonado Mendoza es\u00a0Licenciado en Derecho por la UABJO,\u00a0Campe\u00f3n Nacional [\u2026]<\/p>\n<\/div>\n<p>&nbsp;<\/p>\n\n\t\t\t  <div \n\t\t\t  \tclass = \"fb-comments\" \n\t\t\t  \tdata-href = \"https:\/\/www.eloriente.net\/home\/2017\/02\/03\/videocolumna-seamos-ejemplo-gerardo-castellanos\/\"\n\t\t\t  \tdata-numposts = \"10\"\n\t\t\t\tdata-colorscheme = \"dark\"\n\t\t\t\tdata-order-by = \"social\"\n\t\t\t\tdata-mobile=true>\n\t\t\t  <\/div>\n\t\t  <style>\n\t\t\t.fb_iframe_widget_fluid_desktop iframe {\n\t\t\t    width: 100% !important;\n\t\t\t}\n\t\t  <\/style>\n\t\t  ","protected":false},"excerpt":{"rendered":"<p>&nbsp; eloriente.net 3 de febrero de 2017 \u00abLa calidad profesional no s\u00f3lo se debe tener, se debe demostrar; el principal enemigo del hombre es \u00e9l mismo; seamos leales con nosotros, con nuestra familia y con nuestro trabajo; el ejercicio profesional implica el compromiso de ser integro, capaz, propositivo.\u00bb Mira la nueva videocolumna del maestro Gerardo [&hellip;]<\/p>\n","protected":false},"author":44,"featured_media":46960,"comment_status":"open","ping_status":"open","sticky":false,"template":"","format":"standard","meta":{"_jetpack_memberships_contains_paid_content":false,"footnotes":""},"categories":[32,63,7203,464,19,98],"tags":[7442,7441,582,2172,6224],"class_list":["post-46956","post","type-post","status-publish","format-standard","has-post-thumbnail","hentry","category-entradas","category-estados","category-gerardo-castellanos","category-oaxaca-estados","category-turismo-y-negocios","category-videoblogs","tag-ejemplo","tag-gerardo-castellanis","tag-profesionales","tag-profesionistas","tag-videocolumna"],"jetpack_featured_media_url":"https:\/\/www.eloriente.net\/home\/wp-content\/uploads\/2017\/02\/GERARDO-CASTELLANOS-3-DE-FEBRERO-2017.jpg","jetpack_sharing_enabled":true,"_links":{"self":[{"href":"https:\/\/www.eloriente.net\/home\/wp-json\/wp\/v2\/posts\/46956"}],"collection":[{"href":"https:\/\/www.eloriente.net\/home\/wp-json\/wp\/v2\/posts"}],"about":[{"href":"https:\/\/www.eloriente.net\/home\/wp-json\/wp\/v2\/types\/post"}],"author":[{"embeddable":true,"href":"https:\/\/www.eloriente.net\/home\/wp-json\/wp\/v2\/users\/44"}],"replies":[{"embeddable":true,"href":"https:\/\/www.eloriente.net\/home\/wp-json\/wp\/v2\/comments?post=46956"}],"version-history":[{"count":2,"href":"https:\/\/www.eloriente.net\/home\/wp-json\/wp\/v2\/posts\/46956\/revisions"}],"predecessor-version":[{"id":46966,"href":"https:\/\/www.eloriente.net\/home\/wp-json\/wp\/v2\/posts\/46956\/revisions\/46966"}],"wp:featuredmedia":[{"embeddable":true,"href":"https:\/\/www.eloriente.net\/home\/wp-json\/wp\/v2\/media\/46960"}],"wp:attachment":[{"href":"https:\/\/www.eloriente.net\/home\/wp-json\/wp\/v2\/media?parent=46956"}],"wp:term":[{"taxonomy":"category","embeddable":true,"href":"https:\/\/www.eloriente.net\/home\/wp-json\/wp\/v2\/categories?post=46956"},{"taxonomy":"post_tag","embeddable":true,"href":"https:\/\/www.eloriente.net\/home\/wp-json\/wp\/v2\/tags?post=46956"}],"curies":[{"name":"wp","href":"https:\/\/api.w.org\/{rel}","templated":true}]}}