{"id":47124,"date":"2017-02-15T18:57:13","date_gmt":"2017-02-16T00:57:13","guid":{"rendered":"http:\/\/www.eloriente.net\/home\/?p=47124"},"modified":"2017-02-15T18:57:13","modified_gmt":"2017-02-16T00:57:13","slug":"videocolumna-hacia-una-interpretacion-mas-incluyente-la-constitucion-mexicana-rebeca-garza","status":"publish","type":"post","link":"https:\/\/www.eloriente.net\/home\/2017\/02\/15\/videocolumna-hacia-una-interpretacion-mas-incluyente-la-constitucion-mexicana-rebeca-garza\/","title":{"rendered":"VIDEOCOLUMNA: Hacia una interpretaci\u00f3n m\u00e1s incluyente de la Constituci\u00f3n Mexicana. Por Rebeca Garza"},"content":{"rendered":"<p><script src=\"\/\/pagead2.googlesyndication.com\/pagead\/js\/adsbygoogle.js\" async=\"\"><\/script><!-- BANNER ELORIENTE INCRUSTADO NOTAS --> <ins class=\"adsbygoogle\" style=\"display: inline-block; width: 300px; height: 250px;\" data-ad-client=\"ca-pub-1136171134853753\" data-ad-slot=\"7974633627\"><\/ins><script>\/\/ <![CDATA[\n(adsbygoogle = window.adsbygoogle || []).push({});\n\/\/ ]]><\/script><\/p>\n<p>&nbsp;<\/p>\n<p>eloriente.net<\/p>\n<p>15 de febrero de 2017<\/p>\n<p>\u00abConsidero que una forma de honrar el centenario de la Constituci\u00f3n Mexicana es, claro est\u00e1, que las personas que formamos parte de las Instituciones que integran el Estado Mexicano las hagamos cumplir pero con una visi\u00f3n incluyente, que ampl\u00ede el reconocimiento de derechos y carente de prejuicios sociales.\u00bb<\/p>\n<p><a class=\"profileLink\" href=\"https:\/\/www.facebook.com\/rebeca.garza\" data-hovercard=\"\/ajax\/hovercard\/user.php?id=587832367\" data-hovercard-prefer-more-content-show=\"1\">Rebeca Garza<\/a> nos explica sobre las modificaciones que ja tenido que la Constituci\u00f3n de M\u00e9xico, para erradicar la exclusi\u00f3n de las mujeres de ciertos derechos.<\/p>\n<p><iframe loading=\"lazy\" style=\"border: none; overflow: hidden;\" src=\"https:\/\/www.facebook.com\/plugins\/video.php?href=https%3A%2F%2Fwww.facebook.com%2F443535572345554%2Fvideos%2F1451544004878034%2F&amp;show_text=0&amp;width=560\" width=\"560\" height=\"315\" frameborder=\"0\" scrolling=\"no\" allowfullscreen=\"allowfullscreen\"><\/iframe><\/p>\n<p><script src=\"\/\/pagead2.googlesyndication.com\/pagead\/js\/adsbygoogle.js\" async=\"\"><\/script><!-- BANNER PEQUE\u00d1O PARA ENTRENOTAS EL ORIENTE --> <ins class=\"adsbygoogle\" style=\"display: inline-block; width: 468px; height: 60px;\" data-ad-client=\"ca-pub-1136171134853753\" data-ad-slot=\"4953536424\"><\/ins><script>\/\/ <![CDATA[\n(adsbygoogle = window.adsbygoogle || []).push({});\n\/\/ ]]><\/script><\/p>\n<p>Rebeca Garza, mujer trans y funcionaria electoral con 15 a\u00f1os de trayectoria dentro del Servicio Profesional Electoral. Licenciada en Administraci\u00f3n por la UANL y pasante de la maestr\u00eda en Instituciones y Procedimientos Electorales del INE. Cuenta con cursos \u00a0y diplomados en derechos humanos, \u00a0violencias de g\u00e9nero, derechos pol\u00edticos de las mujeres, entre otros. \u00a0Actualmente cursa el certificado en \u201cG\u00e9nero, sexualidad y cuerpo: debates contempor\u00e1neos\u201d \u00a0en l\u00ednea por 17, Instituto de Estudios Cr\u00edticos.<\/p>\n<p><a href=\"http:\/\/www.eloriente.net\/home\/wp-content\/uploads\/2017\/02\/REBECA-GARZA-15-DE-FEBRERO-2017.jpg\" rel=\"attachment wp-att-47125\"><img loading=\"lazy\" decoding=\"async\" class=\"alignnone  wp-image-47125\" src=\"http:\/\/www.eloriente.net\/home\/wp-content\/uploads\/2017\/02\/REBECA-GARZA-15-DE-FEBRERO-2017.jpg\" alt=\"REBECA GARZA 15 DE FEBRERO 2017\" width=\"601\" height=\"338\" srcset=\"https:\/\/www.eloriente.net\/home\/wp-content\/uploads\/2017\/02\/REBECA-GARZA-15-DE-FEBRERO-2017.jpg 1920w, https:\/\/www.eloriente.net\/home\/wp-content\/uploads\/2017\/02\/REBECA-GARZA-15-DE-FEBRERO-2017-300x169.jpg 300w, https:\/\/www.eloriente.net\/home\/wp-content\/uploads\/2017\/02\/REBECA-GARZA-15-DE-FEBRERO-2017-768x432.jpg 768w, https:\/\/www.eloriente.net\/home\/wp-content\/uploads\/2017\/02\/REBECA-GARZA-15-DE-FEBRERO-2017-1024x576.jpg 1024w\" sizes=\"(max-width: 601px) 100vw, 601px\" \/><\/a><\/p>\n<p><strong>OTRAS VIDEOCOLUMNAS<\/strong><\/p>\n<div id=\"post-47106\" class=\"entry loop-default border_bottom_30 post-47106 post type-post status-publish format-standard has-post-thumbnail hentry category-educacion-y-cultura category-entradas category-estados category-letras-educacion-y-cultura category-oaxaca-estados category-raul-cruz-maldonado category-videoblogs tag-encuentro-de-oradores-y-delcamadores tag-lenguas-indigenas tag-lenguas-maternas tag-raul-maldonado tag-raul-maldonado-mendoza\">\n<h2 class=\"entry_title\"><a title=\"Enlace Permanente a VIDEOCOLUMNA: El Encuentro de Oradores y Declamadores en Lenguas Ind\u00edgenas. Por Ra\u00fal Maldonado\" href=\"http:\/\/www.eloriente.net\/home\/2017\/02\/14\/videocolumna-encuentro-oradores-declamadores-lenguas-indigenas-raul-maldonado\/\" rel=\"bookmark\">VIDEOCOLUMNA: El Encuentro de Oradores y Declamadores en Lenguas Ind\u00edgenas. Por Ra\u00fal Maldonado<\/a><\/h2>\n<p><a href=\"http:\/\/www.eloriente.net\/home\/2017\/02\/14\/videocolumna-encuentro-oradores-declamadores-lenguas-indigenas-raul-maldonado\/\" rel=\"bookmark\"><img decoding=\"async\" class=\"alignleft\" title=\"VIDEOCOLUMNA: El Encuentro de Oradores y Declamadores en Lenguas Ind\u00edgenas. Por Ra\u00fal Maldonado\" src=\"http:\/\/www.eloriente.net\/home\/wp-content\/themes\/city-desk\/timthumb.php?src=http%3A%2F%2Fwww.eloriente.net%2Fhome%2Fwp-content%2Fuploads%2F2017%2F02%2FRAU%CC%81L-MALDONADO-14-DE-FEBRERO-2017.jpg&amp;q=90&amp;w=160&amp;h=106&amp;zc=1\" alt=\"VIDEOCOLUMNA: El Encuentro de Oradores y Declamadores en Lenguas Ind\u00edgenas. Por Ra\u00fal Maldonado\" \/><\/a>\u00a0 eloriente.net 14 de febrero de 2017 En v\u00edsperas del D\u00eda Internacional de la Lengua Materna, Ra\u00fal Maldonado Mendoza nos platica sobre un esfuerzo que se hace para mantener vivas las lenguas maternas de Oaxaca como lo es el Encuentro de Oradores y Declamadores en lenguas ind\u00edgenas. Ra\u00fal Maldonado Mendoza es\u00a0Licenciado en Derecho por la [\u2026]<\/p>\n<div class=\"toolbar-social\">\n<div class=\"social-widget\">\n<div id=\"sharing-widget\"><\/div>\n<\/div>\n<\/div>\n<p class=\"postmeta\"><span class=\"meta_date\">febrero 14, 2017<\/span><\/p>\n<\/div>\n<div id=\"post-47067\" class=\"entry loop-default border_bottom_30 post-47067 post type-post status-publish format-standard has-post-thumbnail hentry category-congreso-y-justicia category-derechos-humanos category-entradas category-karina-baron category-lo-mas-reciente category-politica-y-gobierno category-videoblogs tag-camara-de-diputados tag-campo tag-congreso tag-diputados tag-karina-baron tag-unidad\">\n<h2 class=\"entry_title\"><a title=\"Enlace Permanente a VIDEOCOLUMNA: S\u00ed al orden, no a la intervenci\u00f3n. Por Karina Bar\u00f3n\" href=\"http:\/\/www.eloriente.net\/home\/2017\/02\/13\/videocolumna-al-orden-no-la-intervencion-karina-baron\/\" rel=\"bookmark\">VIDEOCOLUMNA: S\u00ed al orden, no a la intervenci\u00f3n. Por Karina Bar\u00f3n<\/a><\/h2>\n<p><a href=\"http:\/\/www.eloriente.net\/home\/2017\/02\/13\/videocolumna-al-orden-no-la-intervencion-karina-baron\/\" rel=\"bookmark\"><img decoding=\"async\" class=\"alignleft\" title=\"VIDEOCOLUMNA: S\u00ed al orden, no a la intervenci\u00f3n. Por Karina Bar\u00f3n\" src=\"http:\/\/www.eloriente.net\/home\/wp-content\/themes\/city-desk\/timthumb.php?src=http%3A%2F%2Fwww.eloriente.net%2Fhome%2Fwp-content%2Fuploads%2F2017%2F02%2FKARINA-BARO%CC%81N-13-DE-FEBRERO-2017.jpg&amp;q=90&amp;w=160&amp;h=106&amp;zc=1\" alt=\"VIDEOCOLUMNA: S\u00ed al orden, no a la intervenci\u00f3n. Por Karina Bar\u00f3n\" \/><\/a>\u00a0 eloriente.net 13 de febrero de 2017 \u201cQue el gobierno tenga cuidado con tratar de limitar la libertad que tenemos todas y todos los mexicanos de asociarnos, de pelear bien amalgamados por las causas que pensamos justas y que creemos necesarias.\u201d Karina Bar\u00f3n nos da su opini\u00f3n sobre la iniciativa de reforma y adici\u00f3n de [\u2026]<\/p>\n<div class=\"toolbar-social\">\n<div class=\"social-widget\">\n<div id=\"sharing-widget\"><\/div>\n<\/div>\n<\/div>\n<p class=\"postmeta\"><span class=\"meta_date\">febrero 13, 2017<\/span><\/p>\n<\/div>\n<div id=\"post-47064\" class=\"entry loop-default border_bottom_30 post-47064 post type-post status-publish format-standard has-post-thumbnail hentry category-educacion-y-cultura category-entradas category-estados category-municipios category-oaxaca-estados category-salvador-siguenza-orozco category-videoblogs tag-benito-juarez tag-historia tag-oaxaca tag-presa tag-salvador-siguenza\">\n<h2 class=\"entry_title\"><a title=\"Enlace Permanente a VIDEOCOLUMNA: Sistemas de riego en el Istmo de Tehuantepec. Por Salvador Sig\u00fcenza\" href=\"http:\/\/www.eloriente.net\/home\/2017\/02\/11\/videocolumna-sistemas-riego-istmo-tehuantepec-salvador-siguenza\/\" rel=\"bookmark\">VIDEOCOLUMNA: Sistemas de riego en el Istmo de Tehuantepec. Por Salvador Sig\u00fcenza<\/a><\/h2>\n<p><a href=\"http:\/\/www.eloriente.net\/home\/2017\/02\/11\/videocolumna-sistemas-riego-istmo-tehuantepec-salvador-siguenza\/\" rel=\"bookmark\"><img decoding=\"async\" class=\"alignleft\" title=\"VIDEOCOLUMNA: Sistemas de riego en el Istmo de Tehuantepec. Por Salvador Sig\u00fcenza\" src=\"http:\/\/www.eloriente.net\/home\/wp-content\/themes\/city-desk\/timthumb.php?src=http%3A%2F%2Fwww.eloriente.net%2Fhome%2Fwp-content%2Fuploads%2F2017%2F02%2Fimage_7.jpg&amp;q=90&amp;w=160&amp;h=106&amp;zc=1\" alt=\"VIDEOCOLUMNA: Sistemas de riego en el Istmo de Tehuantepec. Por Salvador Sig\u00fcenza\" \/><\/a>\u00a0 eloriente.net 11 de febrero de 2017 \u201cLa construcci\u00f3n gener\u00f3 una derrama econ\u00f3mica pero no logr\u00f3 sus objetivos, sobre todo por la superficie de riego incorporada. Se careci\u00f3 de asistencia t\u00e9cnica adecuada, el equipo y la maquinaria fueron insuficientes, el aparato administrativo era poco flexible y no previ\u00f3 aspectos pol\u00edticos y culturales.\u201d Salvador Sig\u00fcenza nos [\u2026]<\/p>\n<\/div>\n\n\t\t\t  <div \n\t\t\t  \tclass = \"fb-comments\" \n\t\t\t  \tdata-href = \"https:\/\/www.eloriente.net\/home\/2017\/02\/15\/videocolumna-hacia-una-interpretacion-mas-incluyente-la-constitucion-mexicana-rebeca-garza\/\"\n\t\t\t  \tdata-numposts = \"10\"\n\t\t\t\tdata-colorscheme = \"dark\"\n\t\t\t\tdata-order-by = \"social\"\n\t\t\t\tdata-mobile=true>\n\t\t\t  <\/div>\n\t\t  <style>\n\t\t\t.fb_iframe_widget_fluid_desktop iframe {\n\t\t\t    width: 100% !important;\n\t\t\t}\n\t\t  <\/style>\n\t\t  ","protected":false},"excerpt":{"rendered":"<p>&nbsp; eloriente.net 15 de febrero de 2017 \u00abConsidero que una forma de honrar el centenario de la Constituci\u00f3n Mexicana es, claro est\u00e1, que las personas que formamos parte de las Instituciones que integran el Estado Mexicano las hagamos cumplir pero con una visi\u00f3n incluyente, que ampl\u00ede el reconocimiento de derechos y carente de prejuicios sociales.\u00bb [&hellip;]<\/p>\n","protected":false},"author":44,"featured_media":47125,"comment_status":"open","ping_status":"open","sticky":false,"template":"","format":"standard","meta":{"_jetpack_memberships_contains_paid_content":false,"footnotes":""},"categories":[22,32,16,10,6683,98],"tags":[1101,583,141,189,6662,6783,6224],"class_list":["post-47124","post","type-post","status-publish","format-standard","has-post-thumbnail","hentry","category-derechos-humanos","category-entradas","category-salud-y-estilo-de-vida","category-lo-mas-reciente","category-rebeca-garza","category-videoblogs","tag-constitucion","tag-inclusion","tag-mexico","tag-mujeres","tag-rebeca-garza","tag-trans","tag-videocolumna"],"jetpack_featured_media_url":"https:\/\/www.eloriente.net\/home\/wp-content\/uploads\/2017\/02\/REBECA-GARZA-15-DE-FEBRERO-2017.jpg","jetpack_sharing_enabled":true,"_links":{"self":[{"href":"https:\/\/www.eloriente.net\/home\/wp-json\/wp\/v2\/posts\/47124"}],"collection":[{"href":"https:\/\/www.eloriente.net\/home\/wp-json\/wp\/v2\/posts"}],"about":[{"href":"https:\/\/www.eloriente.net\/home\/wp-json\/wp\/v2\/types\/post"}],"author":[{"embeddable":true,"href":"https:\/\/www.eloriente.net\/home\/wp-json\/wp\/v2\/users\/44"}],"replies":[{"embeddable":true,"href":"https:\/\/www.eloriente.net\/home\/wp-json\/wp\/v2\/comments?post=47124"}],"version-history":[{"count":1,"href":"https:\/\/www.eloriente.net\/home\/wp-json\/wp\/v2\/posts\/47124\/revisions"}],"predecessor-version":[{"id":47126,"href":"https:\/\/www.eloriente.net\/home\/wp-json\/wp\/v2\/posts\/47124\/revisions\/47126"}],"wp:featuredmedia":[{"embeddable":true,"href":"https:\/\/www.eloriente.net\/home\/wp-json\/wp\/v2\/media\/47125"}],"wp:attachment":[{"href":"https:\/\/www.eloriente.net\/home\/wp-json\/wp\/v2\/media?parent=47124"}],"wp:term":[{"taxonomy":"category","embeddable":true,"href":"https:\/\/www.eloriente.net\/home\/wp-json\/wp\/v2\/categories?post=47124"},{"taxonomy":"post_tag","embeddable":true,"href":"https:\/\/www.eloriente.net\/home\/wp-json\/wp\/v2\/tags?post=47124"}],"curies":[{"name":"wp","href":"https:\/\/api.w.org\/{rel}","templated":true}]}}