{"id":47188,"date":"2017-02-22T10:34:41","date_gmt":"2017-02-22T16:34:41","guid":{"rendered":"http:\/\/www.eloriente.net\/home\/?p=47188"},"modified":"2017-02-21T08:21:50","modified_gmt":"2017-02-21T14:21:50","slug":"unorienteverde-3","status":"publish","type":"post","link":"https:\/\/www.eloriente.net\/home\/2017\/02\/22\/unorienteverde-3\/","title":{"rendered":"#UnOrienteVerde  Trolebici una realidad en M\u00e9xico"},"content":{"rendered":"<p><!-- BANNER ELORIENTE INCRUSTADO NOTAS --> <ins class=\"adsbygoogle\" style=\"width: 300px;height: 250px\"><\/ins>\/\/<\/p>\n<p>(www.eloriente.net; M\u00e9xico a 22 de febrero e 2017).- Por Jessica Lamadrid<\/p>\n<p>Contar con un carril compartido entre bicicletas y troleb\u00fas en Eje Central est\u00e1 cerca de ser una realidad, ya que hace unos d\u00edas, la Direcci\u00f3n del Servicio de Transportes El\u00e9ctricos (STE) de la Ciudad de M\u00e9xico anunci\u00f3 que en 15 d\u00edas se tendr\u00e1 listo el proyecto t\u00e9cnico de la obra, que ha sido una demanda de organizaciones como Greenpeace y Bicitekas.<\/p>\n<p>Esta noticia fue recibida con gran entusiasmo por ambas organizaciones, dado que por fin existe un plazo para concretar el plan de convertir el Corredor Cero emisiones en un espacio donde puedan convivir distintos modos de transporte de bajo impacto ambiental, como el Troleb\u00fas y la bicicleta (trolebici) a casi un a\u00f1o de que se anunciara este proyecto.<\/p>\n<p><!-- BANNER PEQUE\u00d1O PARA ENTRENOTAS EL ORIENTE --> <ins class=\"adsbygoogle\" style=\"width: 468px;height: 60px\"><\/ins>\/\/<\/p>\n<p>Una ciudad m\u00e1s sustentable requiere de planes de movilidad como estos, que sean respaldados por la ciudadan\u00eda y organizaciones civiles, para lograr la integraci\u00f3n del uso de la bicicleta como medio de transporte en carriles confinados y seguros, que estimulen a m\u00e1s personas a usar la bicicleta como un medio de transporte efectivo en la ciudad.<\/p>\n<p>Dicha noticia, es una muestra que de verdad se busca construir una ciudad m\u00e1s amigable con el ambiente, todo gracias al apoyo de miles de personas que se sumaron a esta exigencia consiguiendo que se destinaran recursos a este proyecto \u00a0del presupuesto de 2016 y 2017. Siendo una muestra de que la suma de voluntades s\u00ed puede generar cambios positivos.<\/p>\n<p>&nbsp;<\/p>\n<p><a href=\"http:\/\/picasion.com\/\"><img loading=\"lazy\" decoding=\"async\" class=\"aligncenter\" src=\"http:\/\/i.picasion.com\/pic85\/bfd596d4fd7c5a2663444f861a266a32.gif\" alt=\"http:\/\/picasion.com\/\" width=\"400\" height=\"312\" border=\"0\" \/><\/a><\/p>\n<p>&nbsp;<\/p>\n<h2>ENTRADAS<\/h2>\n<div class=\"featuredpost\">\n<div class=\"flow_hide\">\n<h2 class=\"posttitle bigposttitle\"><a title=\"Enlace Permanente a OAXACA: Ferias de Seguridad por la Familia buscan reducir \u00edndices delictivos\" href=\"http:\/\/www.eloriente.net\/home\/2017\/02\/20\/oaxaca-ferias-seguridad-la-familia-buscan-reducir-indices-delictivos\/\" rel=\"bookmark\">OAXACA: Ferias de Seguridad por la Familia buscan reducir \u00edndices delictivos<\/a><\/h2>\n<\/div>\n<p>eloriente.net 20 de febrero de 2017 El Municipio de Oaxaca de Ju\u00e1rez a trav\u00e9s de la Comisi\u00f3n de Seguridad P\u00fablica y Vialidad en colaboraci\u00f3n con la Coordinaci\u00f3n\u2026<\/p>\n<p class=\"postmeta\"><span class=\"meta_date\">febrero 20, 2017<\/span><\/p>\n<p class=\"postmeta\">\n<\/div>\n<div class=\"featuredpost\">\n<div class=\"flow_hide\">\n<p><a href=\"http:\/\/www.eloriente.net\/home\/2017\/02\/20\/la-cultura-no-siento-lo-juan-pablo-vasconcelos\/\" rel=\"bookmark\"><img decoding=\"async\" class=\"alignleft\" title=\"ES LA CULTURA: No siento lo mismo que t\u00fa. Por Juan Pablo Vasconcelos\" src=\"http:\/\/www.eloriente.net\/home\/wp-content\/themes\/city-desk\/timthumb.php?src=http%3A%2F%2Fwww.eloriente.net%2Fhome%2Fwp-content%2Fuploads%2F2017%2F02%2F6772205491_3944af5dcb_b.jpg&amp;q=90&amp;w=70&amp;h=45&amp;zc=1\" alt=\"ES LA CULTURA: No siento lo mismo que t\u00fa. Por Juan Pablo Vasconcelos\" \/><\/a><\/p>\n<h2 class=\"posttitle \"><a title=\"Enlace Permanente a ES LA CULTURA: No siento lo mismo que t\u00fa. Por Juan Pablo Vasconcelos\" href=\"http:\/\/www.eloriente.net\/home\/2017\/02\/20\/la-cultura-no-siento-lo-juan-pablo-vasconcelos\/\" rel=\"bookmark\">ES LA CULTURA: No siento lo mismo que t\u00fa. Por Juan Pablo Vasconcelos<\/a><\/h2>\n<\/div>\n<p>eloriente.net 20 de febrero\u00a0de 2017 Por Juan Pablo Vasconcelos @JPVmx \u201cLos 500 a\u00f1os de la ciudad, que celebraremos en el 2032, es un punto de la historia\u2026<\/p>\n<p class=\"postmeta\"><span class=\"meta_date\">febrero 20, 2017<\/span><\/p>\n<p class=\"postmeta\">\n<\/div>\n<div class=\"featuredpost\">\n<div class=\"flow_hide\">\n<p><a href=\"http:\/\/www.eloriente.net\/home\/2017\/02\/18\/videocolumna-breve-descripcion-la-sierra-sur-salvador-siguenza\/\" rel=\"bookmark\"><img decoding=\"async\" class=\"alignleft\" title=\"VIDEOCOLUMNA: Breve descripci\u00f3n de la Sierra Sur. Por Salvador Sig\u00fcenza\" src=\"http:\/\/www.eloriente.net\/home\/wp-content\/themes\/city-desk\/timthumb.php?src=http%3A%2F%2Fwww.eloriente.net%2Fhome%2Fwp-content%2Fuploads%2F2017%2F02%2FSALVADOR-SIGU%CC%88ENZA-18-DE-FEBRERO-2017.jpg&amp;q=90&amp;w=70&amp;h=45&amp;zc=1\" alt=\"VIDEOCOLUMNA: Breve descripci\u00f3n de la Sierra Sur. Por Salvador Sig\u00fcenza\" \/><\/a><\/p>\n<h2 class=\"posttitle \"><a title=\"Enlace Permanente a VIDEOCOLUMNA: Breve descripci\u00f3n de la Sierra Sur. Por Salvador Sig\u00fcenza\" href=\"http:\/\/www.eloriente.net\/home\/2017\/02\/18\/videocolumna-breve-descripcion-la-sierra-sur-salvador-siguenza\/\" rel=\"bookmark\">VIDEOCOLUMNA: Breve descripci\u00f3n de la Sierra Sur. Por Salvador Sig\u00fcenza<\/a><\/h2>\n<\/div>\n<p>eloriente.net 18 de febrero de 2017 De la mano del doctor Salvador Sig\u00fcenza continuamos conociendo las diferentes regiones del estado de Oaxaca. En esta ocasi\u00f3n nos presenta\u2026<\/p>\n<p class=\"postmeta\"><span class=\"meta_date\">febrero 18, 2017<\/span><\/p>\n<\/div>\n\n\t\t\t  <div \n\t\t\t  \tclass = \"fb-comments\" \n\t\t\t  \tdata-href = \"https:\/\/www.eloriente.net\/home\/2017\/02\/22\/unorienteverde-3\/\"\n\t\t\t  \tdata-numposts = \"10\"\n\t\t\t\tdata-colorscheme = \"dark\"\n\t\t\t\tdata-order-by = \"social\"\n\t\t\t\tdata-mobile=true>\n\t\t\t  <\/div>\n\t\t  <style>\n\t\t\t.fb_iframe_widget_fluid_desktop iframe {\n\t\t\t    width: 100% !important;\n\t\t\t}\n\t\t  <\/style>\n\t\t  ","protected":false},"excerpt":{"rendered":"<p>\/\/ (www.eloriente.net; M\u00e9xico a 22 de febrero e 2017).- Por Jessica Lamadrid Contar con un carril compartido entre bicicletas y troleb\u00fas en Eje Central est\u00e1 cerca de ser una realidad, ya que hace unos d\u00edas, la Direcci\u00f3n del Servicio de Transportes El\u00e9ctricos (STE) de la Ciudad de M\u00e9xico anunci\u00f3 que en 15 d\u00edas se tendr\u00e1 [&hellip;]<\/p>\n","protected":false},"author":45,"featured_media":47190,"comment_status":"open","ping_status":"open","sticky":false,"template":"","format":"standard","meta":{"_jetpack_memberships_contains_paid_content":false,"footnotes":""},"categories":[18,32,10,20],"tags":[7493,956,7494,141,7492],"class_list":["post-47188","post","type-post","status-publish","format-standard","has-post-thumbnail","hentry","category-educacion-y-cultura","category-entradas","category-lo-mas-reciente","category-medio-ambiente","tag-bicicletas","tag-medio-ambiente-2","tag-medios-de-transporte","tag-mexico","tag-trolebus"],"jetpack_featured_media_url":"https:\/\/www.eloriente.net\/home\/wp-content\/uploads\/2017\/02\/tram-1547079_1920.jpg","jetpack_sharing_enabled":true,"_links":{"self":[{"href":"https:\/\/www.eloriente.net\/home\/wp-json\/wp\/v2\/posts\/47188"}],"collection":[{"href":"https:\/\/www.eloriente.net\/home\/wp-json\/wp\/v2\/posts"}],"about":[{"href":"https:\/\/www.eloriente.net\/home\/wp-json\/wp\/v2\/types\/post"}],"author":[{"embeddable":true,"href":"https:\/\/www.eloriente.net\/home\/wp-json\/wp\/v2\/users\/45"}],"replies":[{"embeddable":true,"href":"https:\/\/www.eloriente.net\/home\/wp-json\/wp\/v2\/comments?post=47188"}],"version-history":[{"count":3,"href":"https:\/\/www.eloriente.net\/home\/wp-json\/wp\/v2\/posts\/47188\/revisions"}],"predecessor-version":[{"id":47193,"href":"https:\/\/www.eloriente.net\/home\/wp-json\/wp\/v2\/posts\/47188\/revisions\/47193"}],"wp:featuredmedia":[{"embeddable":true,"href":"https:\/\/www.eloriente.net\/home\/wp-json\/wp\/v2\/media\/47190"}],"wp:attachment":[{"href":"https:\/\/www.eloriente.net\/home\/wp-json\/wp\/v2\/media?parent=47188"}],"wp:term":[{"taxonomy":"category","embeddable":true,"href":"https:\/\/www.eloriente.net\/home\/wp-json\/wp\/v2\/categories?post=47188"},{"taxonomy":"post_tag","embeddable":true,"href":"https:\/\/www.eloriente.net\/home\/wp-json\/wp\/v2\/tags?post=47188"}],"curies":[{"name":"wp","href":"https:\/\/api.w.org\/{rel}","templated":true}]}}