{"id":47197,"date":"2017-02-21T13:54:36","date_gmt":"2017-02-21T19:54:36","guid":{"rendered":"http:\/\/www.eloriente.net\/home\/?p=47197"},"modified":"2017-02-21T13:54:36","modified_gmt":"2017-02-21T19:54:36","slug":"5-vacantes-medicina-martesdevacantes","status":"publish","type":"post","link":"https:\/\/www.eloriente.net\/home\/2017\/02\/21\/5-vacantes-medicina-martesdevacantes\/","title":{"rendered":"5 vacantes en Medicina #MartesDeVacantes"},"content":{"rendered":"<p><script src=\"\/\/pagead2.googlesyndication.com\/pagead\/js\/adsbygoogle.js\" async=\"\"><\/script><!-- BANNER ELORIENTE INCRUSTADO NOTAS --> <ins class=\"adsbygoogle\" style=\"display: inline-block; width: 300px; height: 250px;\" data-ad-client=\"ca-pub-1136171134853753\" data-ad-slot=\"7974633627\"><\/ins><script>\/\/ <![CDATA[\n(adsbygoogle = window.adsbygoogle || []).push({});\n\/\/ ]]><\/script><\/p>\n<p>&nbsp;<\/p>\n<p>(www.eloriente.net, M\u00e9xico, a 21 de febrero de 2017).- Conscientes de la importancia para la ciudadan\u00eda en general de la b\u00fasqueda de nuevas oportunidades de crecimiento profesional, ponemos a tu disposici\u00f3n semanalmente ofertas de empleo disponibles por profesi\u00f3n en cualquier parte de M\u00e9xico y del mundo o, cuando as\u00ed lo amerita, exclusivamente en Oaxaca.<\/p>\n<p>En esta ocasi\u00f3n, ELORIENTE.NET comparte cinco vacantes en Medicina.<\/p>\n<p>Si deseas aplicar para alguna de las vacantes, deber\u00e1s darle clic al t\u00edtulo de esta y te llevar\u00e1 al sitio que te pondr\u00e1 en contacto con los empleadores. No olvides comentar que la oportunidad la has encontrado con nosotros en el Martes de Vacantes de ELORIENTE.NET. \u00a1\u00c9xito!<\/p>\n<p><a href=\"https:\/\/www.computrabajo.com.mx\/ofertas-de-trabajo\/oferta-de-trabajo-de-medico-en-heroica-ciudad-de-juchitan-de-zaragoza-2DF902934D081D66\" target=\"_blank\"><strong>1.- M\u00c9DICO<\/strong><\/a><\/p>\n<p><strong>Escolaridad<\/strong>: Licenciatura en Medicina General, especialidad o postgrado en Medicina del Trabajo.<\/p>\n<p><strong>G\u00e9nero:<\/strong> Indistinto<\/p>\n<p><strong>Requisitos:<\/strong> Edad de 25 a 39 a\u00f1os. Experiencia m\u00ednima de 2 a\u00f1os. Licencia de conducir tipo C. Disponibilidad de viajar y para cambiar de residencia.<\/p>\n<p><strong>Funciones:<\/strong> Evaluar costos de accidentes, enfermedades y consecuencias. Realizar investigaci\u00f3n de accidentes e incidencias operacionales. Actualizar y cumplir las disposiciones reglamentarias y normativas en materia de seguridad y salud en el trabajo. Realizar y actualizar an\u00e1lisis de riesgos para los trabajadores por puesto de trabajo. Coordinar el \u00e1rea de servicios m\u00e9dicos para dar cumplimiento de la legislaci\u00f3n en materia de salud e higiene ocupacional aplicable a la organizaci\u00f3n as\u00ed como los procesos relacionados en seguridad y salud de trabajo.<\/p>\n<p><strong>Salario:<\/strong> A convenir<\/p>\n<p><strong>Horario:<\/strong> Tiempo completo (no especificado)<\/p>\n<p><a href=\"https:\/\/www.indeed.com.mx\/cmp\/Bacher-Zoppi\/jobs\/Representante-medico-sin-experiencia-oaxaca-30c737a2ba5bb0f0?q=m%C3%A9dico\"><strong>2.- REPRESENTANTE MEDICO<\/strong><\/a><\/p>\n<p><strong>Escolaridad:<\/strong> Licenciatura en medicina general.<\/p>\n<p><strong>G\u00e9nero:<\/strong> Indistinto<\/p>\n<p><strong>Requisitos:<\/strong> Experiencia: 6 meses en ventas deseable en cualquier sector (telecomunicaciones, turismo, financiera, hoteleria, farmac\u00e9utica, etc.) acostumbrado a trabajar en campo. Contar con autom\u00f3vil propio. Disponibilidad para viajar.<\/p>\n<p><strong>Funciones:<\/strong> No especificado<\/p>\n<p><strong>Salario:<\/strong> A convenir.<\/p>\n<p><strong>Horario:<\/strong> Tiempo completo (no especificado)<\/p>\n<p><strong><a href=\"http:\/\/www.bumeran.com.mx\/empleos\/medico-general-oaxaca-vespertino-previta-1111456473.html?utm_source=Opcionempleo&amp;utm_medium=cpc\">3.- M\u00c9DICO GENERAL<\/a><\/strong><\/p>\n<p><strong>Escolaridad:<\/strong> Licenciatura en Medicina General (T\u00edtulo y C\u00e9dula)<\/p>\n<p><strong>G\u00e9nero:<\/strong> Indistinto<\/p>\n<p><strong>Requisitos:<\/strong> Edad de 25 a 45 a\u00f1os, contar con t\u00edtulo y c\u00e9dula profesional<\/p>\n<p><strong>Funciones<\/strong>: Brindar consulta general en consultorio anexo al \u00e1rea de farmacia dentro de tienda de Autoservicio. Actividades administrativas propias al funcionamiento del consultorio. Procesar toma de muestra para env\u00edo a laboratorio. Elaboraci\u00f3n de expediente cl\u00ednico-electr\u00f3nico. Elaboraci\u00f3n de Certificados M\u00e9dicos. Seguimiento a pacientes cr\u00f3nico-degenerativos.<\/p>\n<p><strong>Salario:<\/strong> $9000 mensuales<\/p>\n<p><strong>Horario:<\/strong> Lunes a S\u00e1bado de 14:30hrs a 21:00hrs<\/p>\n<p><script src=\"\/\/pagead2.googlesyndication.com\/pagead\/js\/adsbygoogle.js\" async=\"\"><\/script><!-- BANNER PEQUE\u00d1O PARA ENTRENOTAS EL ORIENTE --> <ins class=\"adsbygoogle\" style=\"display: inline-block; width: 468px; height: 60px;\" data-ad-client=\"ca-pub-1136171134853753\" data-ad-slot=\"4953536424\"><\/ins><script>\/\/ <![CDATA[\n(adsbygoogle = window.adsbygoogle || []).push({});\n\/\/ ]]><\/script><\/p>\n<p><a href=\"https:\/\/www.computrabajo.com.mx\/ofertas-de-trabajo\/oferta-de-trabajo-de-medico-ultrasonografista-en-heroica-ciudad-de-huajuapan-de-leon-CB936B088BCE593E\"><strong>4.- M\u00c9DICO ULTRASONAGROFISTA<\/strong><\/a><\/p>\n<p><strong>Escolaridad:<\/strong> Licenciatura en Medicina<\/p>\n<p><strong>G\u00e9nero:<\/strong> Indistinto<\/p>\n<p><strong>Requisitos:<\/strong> Conocimientos de medicina en general con conocimientos en rayos X. Facilidad de palabra, din\u00e1mico, proactivo, trabajo bajo presi\u00f3n, responsable, anal\u00edtico, ordenado, gusto por las ventas, r\u00e1pido aprendizaje. Experiencia de 6 meses a 1 a\u00f1o (radiolog\u00eda y ultrasonido).<\/p>\n<p><strong>Funciones:<\/strong> Procedimiento de ultrasonidos, interpretaci\u00f3n de estudios Ecogr\u00e1ficos y realizaci\u00f3n de los mismos.<\/p>\n<p><strong>Salario:<\/strong> A convenir<\/p>\n<p><strong>Horario:<\/strong> Tiempo completo (no especificado)<br \/>\n<a href=\"https:\/\/www.empleo.gob.mx\/2852657-oferta-de-empleo-de-medico-general-consorcio-estival\"><strong>5.- M\u00c9DICO GENERAL<\/strong><\/a><\/p>\n<p><strong>Escolaridad:<\/strong> Licenciatura en Medicina General<\/p>\n<p><strong>G\u00e9nero:<\/strong> Indistinto<\/p>\n<p><strong>Requisitos:<\/strong> Trabajo en equipo, Orientaci\u00f3n al cliente, Compromiso, Calidad en el trabajo, Comunicaci\u00f3n.<\/p>\n<p><strong>Funciones:<\/strong> Consulta m\u00e9dica general, certificado m\u00e9dico, control del ni\u00f1o sano, toma de presi\u00f3n arterial, lavado \u00f3tico (de o\u00eddo) control de embarazo, planificaci\u00f3n familiar, aplicaci\u00f3n de inyecciones, curaci\u00f3n menor, curaci\u00f3n mayor, prueba para detectar niveles de az\u00facar, retiro de puntos retiro de sondas extracci\u00f3n de u\u00f1a enterrada (onicocriptosis), nebulizaciones (adulto\/ni\u00f1o).<\/p>\n<p><strong>Salario<\/strong>: $5000 mensuales<\/p>\n<p><strong>Horario:<\/strong> Lunes a s\u00e1bado de 9:00 a 15:00 horas<\/p>\n<p><a href=\"http:\/\/www.eloriente.net\/home\/wp-content\/uploads\/2014\/05\/martes-de-vacantes.jpg\" rel=\"attachment wp-att-25869\"><img loading=\"lazy\" decoding=\"async\" class=\"alignnone  wp-image-25869\" src=\"http:\/\/www.eloriente.net\/home\/wp-content\/uploads\/2014\/05\/martes-de-vacantes.jpg\" alt=\"martes de vacantes\" width=\"601\" height=\"399\" srcset=\"https:\/\/www.eloriente.net\/home\/wp-content\/uploads\/2014\/05\/martes-de-vacantes.jpg 1024w, https:\/\/www.eloriente.net\/home\/wp-content\/uploads\/2014\/05\/martes-de-vacantes-300x199.jpg 300w\" sizes=\"(max-width: 601px) 100vw, 601px\" \/><\/a><\/p>\n<p><strong>OTRAS ENTRADAS<\/strong><\/p>\n<div class=\"featuredpost\">\n<div class=\"flow_hide\">\n<h2 class=\"posttitle bigposttitle\"><a title=\"Enlace Permanente a OAXACA: Ferias de Seguridad por la Familia buscan reducir \u00edndices delictivos\" href=\"http:\/\/www.eloriente.net\/home\/2017\/02\/20\/oaxaca-ferias-seguridad-la-familia-buscan-reducir-indices-delictivos\/\" rel=\"bookmark\">OAXACA: Ferias de Seguridad por la Familia buscan reducir \u00edndices delictivos<\/a><\/h2>\n<\/div>\n<p>eloriente.net 20 de febrero de 2017 El Municipio de Oaxaca de Ju\u00e1rez a trav\u00e9s de la Comisi\u00f3n de Seguridad P\u00fablica y Vialidad en colaboraci\u00f3n con la Coordinaci\u00f3n\u2026<\/p>\n<p class=\"postmeta\"><span class=\"meta_date\">febrero 20, 2017<\/span><\/p>\n<div class=\"toolbar-social\"><\/div>\n<\/div>\n<div class=\"featuredpost\">\n<div class=\"flow_hide\"><a href=\"http:\/\/www.eloriente.net\/home\/2017\/02\/20\/la-cultura-no-siento-lo-juan-pablo-vasconcelos\/\" rel=\"bookmark\"><img decoding=\"async\" class=\"alignleft\" title=\"ES LA CULTURA: No siento lo mismo que t\u00fa. Por Juan Pablo Vasconcelos\" src=\"http:\/\/www.eloriente.net\/home\/wp-content\/themes\/city-desk\/timthumb.php?src=http%3A%2F%2Fwww.eloriente.net%2Fhome%2Fwp-content%2Fuploads%2F2017%2F02%2F6772205491_3944af5dcb_b.jpg&amp;q=90&amp;w=70&amp;h=45&amp;zc=1\" alt=\"ES LA CULTURA: No siento lo mismo que t\u00fa. Por Juan Pablo Vasconcelos\" \/><\/a><\/p>\n<h2 class=\"posttitle \"><a title=\"Enlace Permanente a ES LA CULTURA: No siento lo mismo que t\u00fa. Por Juan Pablo Vasconcelos\" href=\"http:\/\/www.eloriente.net\/home\/2017\/02\/20\/la-cultura-no-siento-lo-juan-pablo-vasconcelos\/\" rel=\"bookmark\">ES LA CULTURA: No siento lo mismo que t\u00fa. Por Juan Pablo Vasconcelos<\/a><\/h2>\n<\/div>\n<p>eloriente.net 20 de febrero\u00a0de 2017 Por Juan Pablo Vasconcelos @JPVmx \u201cLos 500 a\u00f1os de la ciudad, que celebraremos en el 2032, es un punto de la historia\u2026<\/p>\n<p class=\"postmeta\"><span class=\"meta_date\">febrero 20, 2017<\/span><\/p>\n<div class=\"toolbar-social\"><\/div>\n<\/div>\n<div class=\"featuredpost\">\n<div class=\"flow_hide\"><a href=\"http:\/\/www.eloriente.net\/home\/2017\/02\/18\/videocolumna-breve-descripcion-la-sierra-sur-salvador-siguenza\/\" rel=\"bookmark\"><img decoding=\"async\" class=\"alignleft\" title=\"VIDEOCOLUMNA: Breve descripci\u00f3n de la Sierra Sur. Por Salvador Sig\u00fcenza\" src=\"http:\/\/www.eloriente.net\/home\/wp-content\/themes\/city-desk\/timthumb.php?src=http%3A%2F%2Fwww.eloriente.net%2Fhome%2Fwp-content%2Fuploads%2F2017%2F02%2FSALVADOR-SIGU%CC%88ENZA-18-DE-FEBRERO-2017.jpg&amp;q=90&amp;w=70&amp;h=45&amp;zc=1\" alt=\"VIDEOCOLUMNA: Breve descripci\u00f3n de la Sierra Sur. Por Salvador Sig\u00fcenza\" \/><\/a><\/p>\n<h2 class=\"posttitle \"><a title=\"Enlace Permanente a VIDEOCOLUMNA: Breve descripci\u00f3n de la Sierra Sur. Por Salvador Sig\u00fcenza\" href=\"http:\/\/www.eloriente.net\/home\/2017\/02\/18\/videocolumna-breve-descripcion-la-sierra-sur-salvador-siguenza\/\" rel=\"bookmark\">VIDEOCOLUMNA: Breve descripci\u00f3n de la Sierra Sur. Por Salvador Sig\u00fcenza<\/a><\/h2>\n<\/div>\n<p>eloriente.net 18 de febrero de 2017 De la mano del doctor Salvador Sig\u00fcenza continuamos conociendo las diferentes regiones del estado de Oaxaca. En esta ocasi\u00f3n nos presenta\u2026<\/p>\n<p class=\"postmeta\"><span class=\"meta_date\">febrero 18, 2017<\/span><\/p>\n<\/div>\n\n\t\t\t  <div \n\t\t\t  \tclass = \"fb-comments\" \n\t\t\t  \tdata-href = \"https:\/\/www.eloriente.net\/home\/2017\/02\/21\/5-vacantes-medicina-martesdevacantes\/\"\n\t\t\t  \tdata-numposts = \"10\"\n\t\t\t\tdata-colorscheme = \"dark\"\n\t\t\t\tdata-order-by = \"social\"\n\t\t\t\tdata-mobile=true>\n\t\t\t  <\/div>\n\t\t  <style>\n\t\t\t.fb_iframe_widget_fluid_desktop iframe {\n\t\t\t    width: 100% !important;\n\t\t\t}\n\t\t  <\/style>\n\t\t  ","protected":false},"excerpt":{"rendered":"<p>&nbsp; (www.eloriente.net, M\u00e9xico, a 21 de febrero de 2017).- Conscientes de la importancia para la ciudadan\u00eda en general de la b\u00fasqueda de nuevas oportunidades de crecimiento profesional, ponemos a tu disposici\u00f3n semanalmente ofertas de empleo disponibles por profesi\u00f3n en cualquier parte de M\u00e9xico y del mundo o, cuando as\u00ed lo amerita, exclusivamente en Oaxaca. En [&hellip;]<\/p>\n","protected":false},"author":44,"featured_media":25869,"comment_status":"open","ping_status":"open","sticky":false,"template":"","format":"standard","meta":{"_jetpack_memberships_contains_paid_content":false,"footnotes":""},"categories":[942,32,63,464,31,19],"tags":[4080,2420,519,7497,73,211,889],"class_list":["post-47197","post","type-post","status-publish","format-standard","has-post-thumbnail","hentry","category-martesdevacantes","category-entradas","category-estados","category-oaxaca-estados","category-principal","category-turismo-y-negocios","tag-martesdevacantes","tag-martes-de-vacantes","tag-medicina","tag-medico","tag-oaxaca","tag-trabajo","tag-vacantes"],"jetpack_featured_media_url":"https:\/\/www.eloriente.net\/home\/wp-content\/uploads\/2014\/05\/martes-de-vacantes.jpg","jetpack_sharing_enabled":true,"_links":{"self":[{"href":"https:\/\/www.eloriente.net\/home\/wp-json\/wp\/v2\/posts\/47197"}],"collection":[{"href":"https:\/\/www.eloriente.net\/home\/wp-json\/wp\/v2\/posts"}],"about":[{"href":"https:\/\/www.eloriente.net\/home\/wp-json\/wp\/v2\/types\/post"}],"author":[{"embeddable":true,"href":"https:\/\/www.eloriente.net\/home\/wp-json\/wp\/v2\/users\/44"}],"replies":[{"embeddable":true,"href":"https:\/\/www.eloriente.net\/home\/wp-json\/wp\/v2\/comments?post=47197"}],"version-history":[{"count":1,"href":"https:\/\/www.eloriente.net\/home\/wp-json\/wp\/v2\/posts\/47197\/revisions"}],"predecessor-version":[{"id":47200,"href":"https:\/\/www.eloriente.net\/home\/wp-json\/wp\/v2\/posts\/47197\/revisions\/47200"}],"wp:featuredmedia":[{"embeddable":true,"href":"https:\/\/www.eloriente.net\/home\/wp-json\/wp\/v2\/media\/25869"}],"wp:attachment":[{"href":"https:\/\/www.eloriente.net\/home\/wp-json\/wp\/v2\/media?parent=47197"}],"wp:term":[{"taxonomy":"category","embeddable":true,"href":"https:\/\/www.eloriente.net\/home\/wp-json\/wp\/v2\/categories?post=47197"},{"taxonomy":"post_tag","embeddable":true,"href":"https:\/\/www.eloriente.net\/home\/wp-json\/wp\/v2\/tags?post=47197"}],"curies":[{"name":"wp","href":"https:\/\/api.w.org\/{rel}","templated":true}]}}