{"id":47570,"date":"2017-03-18T22:48:31","date_gmt":"2017-03-19T04:48:31","guid":{"rendered":"http:\/\/www.eloriente.net\/home\/?p=47570"},"modified":"2017-03-18T22:48:31","modified_gmt":"2017-03-19T04:48:31","slug":"tuaula-manicure-tecnologico","status":"publish","type":"post","link":"https:\/\/www.eloriente.net\/home\/2017\/03\/18\/tuaula-manicure-tecnologico\/","title":{"rendered":"#TuAula  Manicure T\u00e9cnologico"},"content":{"rendered":"<p><!-- BANNER ELORIENTE INCRUSTADO NOTAS --> <ins class=\"adsbygoogle\" style=\"width: 300px;height: 250px\"><\/ins><\/p>\n<p>(www.eloriente.net; M\u00e9xico a 18 de marzo de 2017).-Por Jessica Lamadrid<\/p>\n<p>Muchos de los avances tecnol\u00f3gicos que se han hecho\u00a0se lograron gracias a que con ellos se buscaba mejorar la calidad de vida de las personas, un ejemplo de este tipo de progreso es la nueva aplicaci\u00f3n de los c\u00f3digos QR en Jap\u00f3n para ayudar a personas que sufran demencia.<\/p>\n<p>Debido a que en este pa\u00eds oriental hay un gran n\u00famero de personas mayores que sufren demencia (enfermedad mental que provoca alteraciones a la memoria y a la raz\u00f3n), exist\u00eda la problem\u00e1tica de que varios pacientes diagnosticados con dicho padecimiento fueron encontrados en la calle deambulando sin saber d\u00f3nde estaban, a d\u00f3nde iban o qui\u00e9nes eran.<\/p>\n<p>A partir de esta situaci\u00f3n el gobierno de la ciudad de Iruma comenz\u00f3 planear una estrategia que buscar\u00e1 regresar a estos individuos sanos y salvos a sus hogares, por lo que la empresa Orange Links decidi\u00f3 ayudar creando una estampa con c\u00f3digo QR que identifique a cada paciente perdido.<\/p>\n<p><!-- BANNER PEQUE\u00d1O PARA ENTRENOTAS EL ORIENTE --> <ins class=\"adsbygoogle\" style=\"width: 468px;height: 60px\"><\/ins><\/p>\n<p>Dichas estampas tienen medidas de 1 cent\u00edmetro por 1 cent\u00edmetro para que sean pegadas en las u\u00f1as de la mano, de esta manera al ser le\u00eddo el c\u00f3digo ( a trav\u00e9s de una aplicaci\u00f3n telef\u00f3nica) se pueda conocer la identidad de la persona y as\u00ed comunicarse con su familia para que puedan auxiliarlos.<\/p>\n<p>Esta estrategia ya fue aplicada como una soluci\u00f3n a una gran problema en noviembre de 2016, cuando diversas familias recibieron de manera gratuita 16 estampas para cada paciente (ya que el pegamento de estas dura solo dos semanas). Con el objetivo de que en el mes de diciembre de ese a\u00f1o al manos 35 personas comenzar\u00e1n a salir a las calles con ellas, mejorando su estilo de vida.<\/p>\n<p>&nbsp;<\/p>\n<p><a href=\"http:\/\/www.eloriente.net\/home\/wp-content\/uploads\/2017\/03\/qr-code-156717_1280.png\" rel=\"attachment wp-att-47573\"><img loading=\"lazy\" decoding=\"async\" class=\" wp-image-47573 aligncenter\" src=\"http:\/\/www.eloriente.net\/home\/wp-content\/uploads\/2017\/03\/qr-code-156717_1280-1024x894.png\" alt=\"qr-code-156717_1280\" width=\"342\" height=\"298\" srcset=\"https:\/\/www.eloriente.net\/home\/wp-content\/uploads\/2017\/03\/qr-code-156717_1280-1024x894.png 1024w, https:\/\/www.eloriente.net\/home\/wp-content\/uploads\/2017\/03\/qr-code-156717_1280-300x262.png 300w, https:\/\/www.eloriente.net\/home\/wp-content\/uploads\/2017\/03\/qr-code-156717_1280-768x670.png 768w, https:\/\/www.eloriente.net\/home\/wp-content\/uploads\/2017\/03\/qr-code-156717_1280.png 1280w\" sizes=\"(max-width: 342px) 100vw, 342px\" \/><\/a><\/p>\n<p>&nbsp;<\/p>\n<p>&nbsp;<\/p>\n<h2>OTRAS ENTRADAS<\/h2>\n<div class=\"featuredpost\">\n<div class=\"flow_hide\">\n<h2 class=\"posttitle bigposttitle\"><a title=\"Enlace Permanente a Actividades culturales en Oaxaca que no te puedes perder (del 16 al 22 de marzo)\" href=\"http:\/\/www.eloriente.net\/home\/2017\/03\/16\/actividades-culturales-oaxaca-no-te-puedes-perder-del-16-al-22-febrero-2\/\" rel=\"bookmark\">Actividades culturales en Oaxaca que no te puedes perder (del 16 al 22 de marzo)<\/a><\/h2>\n<\/div>\n<p>(www.eloriente.net; M\u00e9xico 16 de marzo de 2017).-Por Jessica Lamadrid En la agenda cultural de este jueves El Oriente te comparte variadas actividades como mesas de di\u00e1logo, exposiciones, talleres\u2026<\/p>\n<p class=\"postmeta\"><span class=\"meta_date\">marzo 16, 2017<\/span><\/p>\n<p class=\"postmeta\">\n<\/div>\n<div class=\"featuredpost\">\n<div class=\"flow_hide\">\n<p><a href=\"http:\/\/www.eloriente.net\/home\/2017\/03\/15\/oaxaca-voz-educacion-comunidad-programa-2-dia-nacional-la-oratoria\/\" rel=\"bookmark\"><img decoding=\"async\" class=\"alignleft\" title=\"Oaxaca: Voz, educaci\u00f3n y comunidad. Programa 2: D\u00eda Nacional de la Oratoria\" src=\"http:\/\/www.eloriente.net\/home\/wp-content\/themes\/city-desk\/timthumb.php?src=http%3A%2F%2Fwww.eloriente.net%2Fhome%2Fwp-content%2Fuploads%2F2017%2F03%2FVoz-educacio%CC%81n-y-comunidad-15-de-marzo.jpg&amp;q=90&amp;w=70&amp;h=45&amp;zc=1\" alt=\"Oaxaca: Voz, educaci\u00f3n y comunidad. Programa 2: D\u00eda Nacional de la Oratoria\" \/><\/a><\/p>\n<h2 class=\"posttitle \"><a title=\"Enlace Permanente a Oaxaca: Voz, educaci\u00f3n y comunidad. Programa 2: D\u00eda Nacional de la Oratoria\" href=\"http:\/\/www.eloriente.net\/home\/2017\/03\/15\/oaxaca-voz-educacion-comunidad-programa-2-dia-nacional-la-oratoria\/\" rel=\"bookmark\">Oaxaca: Voz, educaci\u00f3n y comunidad. Programa 2: D\u00eda Nacional de la Oratoria<\/a><\/h2>\n<\/div>\n<p>eloriente.net 15 de marzo de 2017 Un esfuerzo conjunto entre El Oriente y nuestro columnista Ra\u00fal Maldonado Mendoza ha dado vida a un nuevo proyecto que lleva\u2026<\/p>\n<p class=\"postmeta\"><span class=\"meta_date\">marzo 15, 2017<\/span><\/p>\n<p class=\"postmeta\">\n<\/div>\n<div class=\"featuredpost\">\n<div class=\"flow_hide\">\n<p><a href=\"http:\/\/www.eloriente.net\/home\/2017\/03\/15\/maestria-linea-sistema-penal-acusatorio-adversarial-la-uabjo\/\" rel=\"bookmark\"><img decoding=\"async\" class=\"alignleft\" title=\"Maestr\u00eda en L\u00ednea en Sistema Penal Acusatorio Adversarial por la UABJO\" src=\"http:\/\/www.eloriente.net\/home\/wp-content\/themes\/city-desk\/timthumb.php?src=http%3A%2F%2Fwww.eloriente.net%2Fhome%2Fwp-content%2Fuploads%2F2017%2F03%2FDerechos-humanos.png&amp;q=90&amp;w=70&amp;h=45&amp;zc=1\" alt=\"Maestr\u00eda en L\u00ednea en Sistema Penal Acusatorio Adversarial por la UABJO\" \/><\/a><\/p>\n<h2 class=\"posttitle \"><a title=\"Enlace Permanente a Maestr\u00eda en L\u00ednea en Sistema Penal Acusatorio Adversarial por la UABJO\" href=\"http:\/\/www.eloriente.net\/home\/2017\/03\/15\/maestria-linea-sistema-penal-acusatorio-adversarial-la-uabjo\/\" rel=\"bookmark\">Maestr\u00eda en L\u00ednea en Sistema Penal Acusatorio Adversarial por la UABJO<\/a><\/h2>\n<\/div>\n<p>(15 de marzo de 2017\/\/ www.eloriente.net) La Maestr\u00eda en Sistema Penal Acusatorio Adversarial cuenta con la asesor\u00eda acad\u00e9mica de expertos del \u00e1rea legal de diversos estados Oaxaca, Oax.\u2026<\/p>\n<p class=\"postmeta\"><span class=\"meta_date\">marzo 15, 2017<\/span><\/p>\n<\/div>\n\n\t\t\t  <div \n\t\t\t  \tclass = \"fb-comments\" \n\t\t\t  \tdata-href = \"https:\/\/www.eloriente.net\/home\/2017\/03\/18\/tuaula-manicure-tecnologico\/\"\n\t\t\t  \tdata-numposts = \"10\"\n\t\t\t\tdata-colorscheme = \"dark\"\n\t\t\t\tdata-order-by = \"social\"\n\t\t\t\tdata-mobile=true>\n\t\t\t  <\/div>\n\t\t  <style>\n\t\t\t.fb_iframe_widget_fluid_desktop iframe {\n\t\t\t    width: 100% !important;\n\t\t\t}\n\t\t  <\/style>\n\t\t  ","protected":false},"excerpt":{"rendered":"<p>(www.eloriente.net; M\u00e9xico a 18 de marzo de 2017).-Por Jessica Lamadrid Muchos de los avances tecnol\u00f3gicos que se han hecho\u00a0se lograron gracias a que con ellos se buscaba mejorar la calidad de vida de las personas, un ejemplo de este tipo de progreso es la nueva aplicaci\u00f3n de los c\u00f3digos QR en Jap\u00f3n para ayudar a [&hellip;]<\/p>\n","protected":false},"author":45,"featured_media":47572,"comment_status":"open","ping_status":"open","sticky":false,"template":"","format":"standard","meta":{"_jetpack_memberships_contains_paid_content":false,"footnotes":""},"categories":[3,18,32,10,17],"tags":[5099,7600,354,7599,113],"class_list":["post-47570","post","type-post","status-publish","format-standard","has-post-thumbnail","hentry","category-canal-1-tu-aula","category-educacion-y-cultura","category-entradas","category-lo-mas-reciente","category-tecnologia","tag-avances","tag-codigo-qr","tag-japon","tag-manicure","tag-tecnologia-2"],"jetpack_featured_media_url":"https:\/\/www.eloriente.net\/home\/wp-content\/uploads\/2017\/03\/expocosmetica-1312208_1920.jpg","jetpack_sharing_enabled":true,"_links":{"self":[{"href":"https:\/\/www.eloriente.net\/home\/wp-json\/wp\/v2\/posts\/47570"}],"collection":[{"href":"https:\/\/www.eloriente.net\/home\/wp-json\/wp\/v2\/posts"}],"about":[{"href":"https:\/\/www.eloriente.net\/home\/wp-json\/wp\/v2\/types\/post"}],"author":[{"embeddable":true,"href":"https:\/\/www.eloriente.net\/home\/wp-json\/wp\/v2\/users\/45"}],"replies":[{"embeddable":true,"href":"https:\/\/www.eloriente.net\/home\/wp-json\/wp\/v2\/comments?post=47570"}],"version-history":[{"count":2,"href":"https:\/\/www.eloriente.net\/home\/wp-json\/wp\/v2\/posts\/47570\/revisions"}],"predecessor-version":[{"id":47575,"href":"https:\/\/www.eloriente.net\/home\/wp-json\/wp\/v2\/posts\/47570\/revisions\/47575"}],"wp:featuredmedia":[{"embeddable":true,"href":"https:\/\/www.eloriente.net\/home\/wp-json\/wp\/v2\/media\/47572"}],"wp:attachment":[{"href":"https:\/\/www.eloriente.net\/home\/wp-json\/wp\/v2\/media?parent=47570"}],"wp:term":[{"taxonomy":"category","embeddable":true,"href":"https:\/\/www.eloriente.net\/home\/wp-json\/wp\/v2\/categories?post=47570"},{"taxonomy":"post_tag","embeddable":true,"href":"https:\/\/www.eloriente.net\/home\/wp-json\/wp\/v2\/tags?post=47570"}],"curies":[{"name":"wp","href":"https:\/\/api.w.org\/{rel}","templated":true}]}}