{"id":47822,"date":"2017-04-10T18:58:16","date_gmt":"2017-04-11T00:58:16","guid":{"rendered":"http:\/\/www.eloriente.net\/home\/?p=47822"},"modified":"2017-04-10T17:41:49","modified_gmt":"2017-04-10T23:41:49","slug":"videocolumna-necesitamos-las-mujeres-pasen-las-prioridades-publicas-karina-baron","status":"publish","type":"post","link":"https:\/\/www.eloriente.net\/home\/2017\/04\/10\/videocolumna-necesitamos-las-mujeres-pasen-las-prioridades-publicas-karina-baron\/","title":{"rendered":"VIDEOCOLUMNA: Necesitamos que las mujeres pasen a las prioridades p\u00fablicas. Por Karina Bar\u00f3n"},"content":{"rendered":"<p><script src=\"\/\/pagead2.googlesyndication.com\/pagead\/js\/adsbygoogle.js\" async=\"\"><\/script><!-- BANNER ELORIENTE INCRUSTADO NOTAS --> <ins class=\"adsbygoogle\" style=\"display: inline-block; width: 300px; height: 250px;\" data-ad-client=\"ca-pub-1136171134853753\" data-ad-slot=\"7974633627\"><\/ins><script>\/\/ <![CDATA[\n(adsbygoogle = window.adsbygoogle || []).push({});\n\/\/ ]]><\/script><\/p>\n<p>&nbsp;<\/p>\n<p>eloriente.net<\/p>\n<p>10 de abril de 2017<\/p>\n<p>\u00abSi las candidatas y candidatos a gobernador del Estado de M\u00e9xico, no ubican al delito de feminicidio a la cabeza de sus propuestas, entonces ninguno ha de merecer ocupar ese cargo.<\/p>\n<p>Necesitamos soluciones de fondo, educativas, culturales, sociales, preventivas. Necesitamos que este asunto pase a las prioridades p\u00fablicas.\u00bb<\/p>\n<p>Mira la nueva videocolumna de <a class=\"profileLink\" href=\"https:\/\/www.facebook.com\/KarinaBaronO\/\" data-hovercard=\"\/ajax\/hovercard\/page.php?id=1608616546024857\" data-hovercard-prefer-more-content-show=\"1\">Karina Bar\u00f3n<\/a> donde toca el delicado pero importante tema del feminicidio.<\/p>\n<p><iframe loading=\"lazy\" style=\"border: none; overflow: hidden;\" src=\"https:\/\/www.facebook.com\/plugins\/video.php?href=https%3A%2F%2Fwww.facebook.com%2F443535572345554%2Fvideos%2F1511920218840412%2F&amp;show_text=0&amp;width=560\" width=\"560\" height=\"315\" frameborder=\"0\" scrolling=\"no\" allowfullscreen=\"allowfullscreen\"><\/iframe><\/p>\n<p><script src=\"\/\/pagead2.googlesyndication.com\/pagead\/js\/adsbygoogle.js\" async=\"\"><\/script><!-- BANNER PEQUE\u00d1O PARA ENTRENOTAS EL ORIENTE --> <ins class=\"adsbygoogle\" style=\"display: inline-block; width: 468px; height: 60px;\" data-ad-client=\"ca-pub-1136171134853753\" data-ad-slot=\"4953536424\"><\/ins><script>\/\/ <![CDATA[\n(adsbygoogle = window.adsbygoogle || []).push({});\n\/\/ ]]><\/script><\/p>\n<p>Karina Bar\u00f3n es Licenciada en Derecho por la Universidad Aut\u00f3noma Benito Ju\u00e1rez de Oaxaca, fue dirigente nacional de la Uni\u00f3n General Obrero, Campesina y Popular A.C. (UGOCP), integrante de la Coordinaci\u00f3n Estatal de Nueva Izquierda en Oaxaca.<\/p>\n<p>Actualmente es integrante de la Comisi\u00f3n de Agricultura y Sistemas de Riego, Secretaria de las comisiones de Desarrollo Social y Asuntos Frontera Sur-Sureste, y Presidenta de la Comisi\u00f3n de seguimiento al Programa Especial Concurrente Anexo 11.1\u00a0en la C\u00e1mara de Diputados.<\/p>\n<p><a href=\"http:\/\/www.eloriente.net\/home\/wp-content\/uploads\/2017\/04\/KARINA-BARO\u0301N-10-DE-ABRIL-2017.jpg\" rel=\"attachment wp-att-47823\"><img loading=\"lazy\" decoding=\"async\" class=\"alignnone  wp-image-47823\" src=\"http:\/\/www.eloriente.net\/home\/wp-content\/uploads\/2017\/04\/KARINA-BARO\u0301N-10-DE-ABRIL-2017.jpg\" alt=\"KARINA BARO\u0301N 10 DE ABRIL 2017\" width=\"601\" height=\"338\" srcset=\"https:\/\/www.eloriente.net\/home\/wp-content\/uploads\/2017\/04\/KARINA-BARO\u0301N-10-DE-ABRIL-2017.jpg 1920w, https:\/\/www.eloriente.net\/home\/wp-content\/uploads\/2017\/04\/KARINA-BARO\u0301N-10-DE-ABRIL-2017-300x169.jpg 300w, https:\/\/www.eloriente.net\/home\/wp-content\/uploads\/2017\/04\/KARINA-BARO\u0301N-10-DE-ABRIL-2017-768x432.jpg 768w, https:\/\/www.eloriente.net\/home\/wp-content\/uploads\/2017\/04\/KARINA-BARO\u0301N-10-DE-ABRIL-2017-1024x576.jpg 1024w\" sizes=\"(max-width: 601px) 100vw, 601px\" \/><\/a><\/p>\n<p><strong>OTRAS VIDEOCOLUMNAS<\/strong><\/p>\n<div id=\"post-47784\" class=\"entry loop-default border_bottom_30 post-47784 post type-post status-publish format-standard has-post-thumbnail hentry category-viernesdefelicidad category-educacion-y-cultura category-entradas category-salud-y-estilo-de-vida category-lo-mas-reciente category-ursula-woolrich category-videoblogs tag-amor-inteligente tag-battista-borsato tag-bienestar tag-sexualidad tag-ursula-woolrich tag-vida-de-pareja tag-videocolumna\">\n<h2 class=\"entry_title\"><a title=\"Enlace Permanente a VIDEOCOLUMNA: Vivir la sexualidad como un don (parte4). Por \u00darsula Woolrich\" href=\"http:\/\/www.eloriente.net\/home\/2017\/04\/06\/videocolumna-vivir-la-sexualidad-don-parte4-ursula-woolrich\/\" rel=\"bookmark\">VIDEOCOLUMNA: Vivir la sexualidad como un don (parte4). Por \u00darsula Woolrich<\/a><\/h2>\n<p><a href=\"http:\/\/www.eloriente.net\/home\/2017\/04\/06\/videocolumna-vivir-la-sexualidad-don-parte4-ursula-woolrich\/\" rel=\"bookmark\"><img decoding=\"async\" class=\"alignleft\" title=\"VIDEOCOLUMNA: Vivir la sexualidad como un don (parte4). Por \u00darsula Woolrich\" src=\"http:\/\/www.eloriente.net\/home\/wp-content\/themes\/city-desk\/timthumb.php?src=http%3A%2F%2Fwww.eloriente.net%2Fhome%2Fwp-content%2Fuploads%2F2017%2F04%2FU%CC%81RSULA-WOOLRICH-6-DE-ABRIL-2017.jpg&amp;q=90&amp;w=160&amp;h=106&amp;zc=1\" alt=\"VIDEOCOLUMNA: Vivir la sexualidad como un don (parte4). Por \u00darsula Woolrich\" \/><\/a>\u00a0 eloriente.net 6 de abril de 2017 En la cuarta videocolumna del cap\u00edtulo \u201cVivir la sexualidad como un don\u201d del libro \u201cEl amor inteligente en la vida de pareja\u201d de Battista Borsato, Ursula Woolrich nos habla sobre el concepto de canibalismo ps\u00edquico. De igual forma nos sigue explicando los consejos que Borsato nos brinda en [\u2026]<\/p>\n<div class=\"toolbar-social\">\n<div class=\"social-widget\">\n<div id=\"sharing-widget\"><\/div>\n<\/div>\n<\/div>\n<p class=\"postmeta\"><span class=\"meta_date\">abril 6, 2017<\/span><\/p>\n<\/div>\n<div id=\"post-47772\" class=\"entry loop-default border_bottom_30 post-47772 post type-post status-publish format-standard has-post-thumbnail hentry category-derechos-humanos category-entradas category-lo-mas-reciente category-politica-y-gobierno category-rebeca-garza category-videoblogs tag-candidata tag-diana-marroquin tag-diputacion-federal tag-hidalgo tag-politica tag-precandidata tag-rebeca-garza tag-trans tag-videocolumna\">\n<h2 class=\"entry_title\"><a title=\"Enlace Permanente a VIDEOCOLUMNA: Diana Marroqu\u00edn Bayardo, primera candidata en Hidalgo a a presidencia municipal y diputaci\u00f3n federal\" href=\"http:\/\/www.eloriente.net\/home\/2017\/04\/05\/videocolumna-diana-marroquin-bayardo-primera-candidata-hidalgo-presidencia-municipal-diputacion-federal\/\" rel=\"bookmark\">VIDEOCOLUMNA: Diana Marroqu\u00edn Bayardo, primera candidata en Hidalgo a a presidencia municipal y diputaci\u00f3n federal<\/a><\/h2>\n<p><a href=\"http:\/\/www.eloriente.net\/home\/2017\/04\/05\/videocolumna-diana-marroquin-bayardo-primera-candidata-hidalgo-presidencia-municipal-diputacion-federal\/\" rel=\"bookmark\"><img decoding=\"async\" class=\"alignleft\" title=\"VIDEOCOLUMNA: Diana Marroqu\u00edn Bayardo, primera candidata en Hidalgo a a presidencia municipal y diputaci\u00f3n federal\" src=\"http:\/\/www.eloriente.net\/home\/wp-content\/themes\/city-desk\/timthumb.php?src=http%3A%2F%2Fwww.eloriente.net%2Fhome%2Fwp-content%2Fuploads%2F2017%2F04%2FREBECA-GARZA-5-DE-ABRIL-2017.jpg&amp;q=90&amp;w=160&amp;h=106&amp;zc=1\" alt=\"VIDEOCOLUMNA: Diana Marroqu\u00edn Bayardo, primera candidata en Hidalgo a a presidencia municipal y diputaci\u00f3n federal\" \/><\/a>\u00a0 eloriente.net 5 de abril de 2017 En la vieocolumna de esta semana Rebeca Garza nos platica de Diana Marroqu\u00edn Bayardo, quien es la primera persona trans, cuyo nombre y sexo femenino, aparece en el registro de una candidatura en el pa\u00eds. Ha sido tambi\u00e9n la primera persona trans en ser candidata en el Estado [\u2026]<\/p>\n<div class=\"toolbar-social\">\n<div class=\"social-widget\">\n<div id=\"sharing-widget\"><\/div>\n<\/div>\n<\/div>\n<p class=\"postmeta\"><span class=\"meta_date\">abril 5, 2017<\/span><\/p>\n<\/div>\n<div id=\"post-47725\" class=\"entry loop-default border_bottom_30 post-47725 post type-post status-publish format-standard has-post-thumbnail hentry category-canal-1-tu-aula category-educacion-y-cultura category-entradas category-estados category-historia category-oaxaca-estados category-salvador-siguenza-orozco category-videoblogs tag-7635 tag-50s tag-anos-cincuenta tag-cerveza tag-historia tag-molino tag-oaxaca tag-salvador-siguenza tag-salvador-siguenza-orozco tag-videocolumna\">\n<h2 class=\"entry_title\"><a title=\"Enlace Permanente a VIDEOCOLUMNA: La venta de cerveza y el trabajo de los molinos a mediados del siglo XX. Por Salvador Sig\u00fcenza\" href=\"http:\/\/www.eloriente.net\/home\/2017\/04\/01\/videocolumna-la-venta-cerveza-trabajo-los-molinos-mediados-del-siglo-xx-salvador-siguenza\/\" rel=\"bookmark\">VIDEOCOLUMNA: La venta de cerveza y el trabajo de los molinos a mediados del siglo XX. Por Salvador Sig\u00fcenza<\/a><\/h2>\n<p><a href=\"http:\/\/www.eloriente.net\/home\/2017\/04\/01\/videocolumna-la-venta-cerveza-trabajo-los-molinos-mediados-del-siglo-xx-salvador-siguenza\/\" rel=\"bookmark\"><img decoding=\"async\" class=\"alignleft\" title=\"VIDEOCOLUMNA: La venta de cerveza y el trabajo de los molinos a mediados del siglo XX. Por Salvador Sig\u00fcenza\" src=\"http:\/\/www.eloriente.net\/home\/wp-content\/themes\/city-desk\/timthumb.php?src=http%3A%2F%2Fwww.eloriente.net%2Fhome%2Fwp-content%2Fuploads%2F2017%2F03%2FSALVADOR-SIGU%CC%88ENZA-OROZCO-31-DE-MARZO-2017.jpg&amp;q=90&amp;w=160&amp;h=106&amp;zc=1\" alt=\"VIDEOCOLUMNA: La venta de cerveza y el trabajo de los molinos a mediados del siglo XX. Por Salvador Sig\u00fcenza\" \/><\/a>\u00a0 eloriente.net 1 de abril de 2017 Hoy te presentamos la nueva videocolumna de @Salvador Sig\u00fcenza la cual, a trav\u00e9s del conocimiento de algunas leyes como la que reg\u00edan la venta de cerveza y el uso de molinos, nos ayuda a comprender c\u00f3mo era la vida de Oaxaca en los a\u00f1os cincuenta. Salvador, entre otras [\u2026]<\/p>\n<\/div>\n\n\t\t\t  <div \n\t\t\t  \tclass = \"fb-comments\" \n\t\t\t  \tdata-href = \"https:\/\/www.eloriente.net\/home\/2017\/04\/10\/videocolumna-necesitamos-las-mujeres-pasen-las-prioridades-publicas-karina-baron\/\"\n\t\t\t  \tdata-numposts = \"10\"\n\t\t\t\tdata-colorscheme = \"dark\"\n\t\t\t\tdata-order-by = \"social\"\n\t\t\t\tdata-mobile=true>\n\t\t\t  <\/div>\n\t\t  <style>\n\t\t\t.fb_iframe_widget_fluid_desktop iframe {\n\t\t\t    width: 100% !important;\n\t\t\t}\n\t\t  <\/style>\n\t\t  ","protected":false},"excerpt":{"rendered":"<p>&nbsp; eloriente.net 10 de abril de 2017 \u00abSi las candidatas y candidatos a gobernador del Estado de M\u00e9xico, no ubican al delito de feminicidio a la cabeza de sus propuestas, entonces ninguno ha de merecer ocupar ese cargo. Necesitamos soluciones de fondo, educativas, culturales, sociales, preventivas. Necesitamos que este asunto pase a las prioridades p\u00fablicas.\u00bb [&hellip;]<\/p>\n","protected":false},"author":44,"featured_media":47823,"comment_status":"open","ping_status":"open","sticky":false,"template":"","format":"standard","meta":{"_jetpack_memberships_contains_paid_content":false,"footnotes":""},"categories":[22,32,6324,10,21,98],"tags":[477,495,4418,189,6224],"class_list":["post-47822","post","type-post","status-publish","format-standard","has-post-thumbnail","hentry","category-derechos-humanos","category-entradas","category-karina-baron","category-lo-mas-reciente","category-politica-y-gobierno","category-videoblogs","tag-el-oriente","tag-feminicidio","tag-karina-baron","tag-mujeres","tag-videocolumna"],"jetpack_featured_media_url":"https:\/\/www.eloriente.net\/home\/wp-content\/uploads\/2017\/04\/KARINA-BARO\u0301N-10-DE-ABRIL-2017.jpg","jetpack_sharing_enabled":true,"_links":{"self":[{"href":"https:\/\/www.eloriente.net\/home\/wp-json\/wp\/v2\/posts\/47822"}],"collection":[{"href":"https:\/\/www.eloriente.net\/home\/wp-json\/wp\/v2\/posts"}],"about":[{"href":"https:\/\/www.eloriente.net\/home\/wp-json\/wp\/v2\/types\/post"}],"author":[{"embeddable":true,"href":"https:\/\/www.eloriente.net\/home\/wp-json\/wp\/v2\/users\/44"}],"replies":[{"embeddable":true,"href":"https:\/\/www.eloriente.net\/home\/wp-json\/wp\/v2\/comments?post=47822"}],"version-history":[{"count":1,"href":"https:\/\/www.eloriente.net\/home\/wp-json\/wp\/v2\/posts\/47822\/revisions"}],"predecessor-version":[{"id":47824,"href":"https:\/\/www.eloriente.net\/home\/wp-json\/wp\/v2\/posts\/47822\/revisions\/47824"}],"wp:featuredmedia":[{"embeddable":true,"href":"https:\/\/www.eloriente.net\/home\/wp-json\/wp\/v2\/media\/47823"}],"wp:attachment":[{"href":"https:\/\/www.eloriente.net\/home\/wp-json\/wp\/v2\/media?parent=47822"}],"wp:term":[{"taxonomy":"category","embeddable":true,"href":"https:\/\/www.eloriente.net\/home\/wp-json\/wp\/v2\/categories?post=47822"},{"taxonomy":"post_tag","embeddable":true,"href":"https:\/\/www.eloriente.net\/home\/wp-json\/wp\/v2\/tags?post=47822"}],"curies":[{"name":"wp","href":"https:\/\/api.w.org\/{rel}","templated":true}]}}