{"id":48120,"date":"2017-04-20T11:05:16","date_gmt":"2017-04-20T17:05:16","guid":{"rendered":"http:\/\/www.eloriente.net\/home\/?p=48120"},"modified":"2017-05-02T11:39:41","modified_gmt":"2017-05-02T17:39:41","slug":"ley-fomento-la-lactancia-materna","status":"publish","type":"post","link":"https:\/\/www.eloriente.net\/home\/2017\/04\/20\/ley-fomento-la-lactancia-materna\/","title":{"rendered":"Ley de Fomento a la Lactancia Materna"},"content":{"rendered":"<p>Aprueba Congreso de Oaxaca Ley de Fomento a la Lactancia Materna<\/p>\n<p>19 de abril de 2017.- Por unanimidad, diputados y diputadas de la LXIII Legislatura del Congreso del Estado, aprobaron la Ley de Fomento a la Lactancia Materna, la cual busca incrementar el apoyo a las madres trabajadoras con la creaci\u00f3n de espacios de lactancia.<\/p>\n<p>Esta propuesta fue presentada el pasado 8 de febrero ante el Pleno cameral por el legislador integrante de la fracci\u00f3n parlamentaria del Partido Morena, Fernando Lorenzo Estrada; la iniciativa fue turnada ante las comisiones Permanentes de Administraci\u00f3n de Justicia y de Igualdad de G\u00e9nero, que determinaron decretar esta ley pues garantiza el desarrollo integral de la primera infancia, comprendida entre los 0 y 6 a\u00f1os.<\/p>\n<p>En M\u00e9xico, seg\u00fan datos de la Encuesta Nacional de la Din\u00e1mica Demogr\u00e1fica del INEGI 2014, nueve de cada 10 ni\u00f1os recibieron leche materna en 23 entidades, lo que significa que solo 14 por ciento de los beb\u00e9s recibe lactancia materna exclusiva.<\/p>\n<p>La Organizaci\u00f3n Mundial de la Salud (OMS) se\u00f1ala que esta es la forma ideal de aportar a la ni\u00f1ez los nutrientes que necesitan para un crecimiento y desarrollo saludables, recomienda amamantar de forma exclusiva durante seis meses, posteriormente proporcionar a los ni\u00f1os y ni\u00f1as alimentos apropiados para la edad y mantener la lactancia hasta los 2 a\u00f1os o m\u00e1s.<\/p>\n<p>\u201cEsta pr\u00e1ctica favorece la salud, protege a la ni\u00f1ez pues transmite las defensas necesarias para el desarrollo intelectual, emocional y f\u00edsico, nuestro inter\u00e9s en Morena es trabajar por la igualdad y los derechos de la poblaci\u00f3n\u201d, manifest\u00f3 el Diputado.<\/p>\n<p>Y agreg\u00f3 que con estas salas, se garantiza a las mujeres alimentar a sus hijos en condiciones \u00f3ptimas en sus centros de trabajo.<\/p>\n<p>Esta Ley adem\u00e1s, busca incidir de manera positiva en la econom\u00eda familiar, ya que evitar\u00e1 gastos por concepto de atenci\u00f3n m\u00e9dica y sus repercusiones en el ausentismo laboral de las madres y padres por el cuidado del hijo o hija enfermo.<\/p>\n<p>Esta iniciativa coincide con el Pacto por la Primera Infancia en Oaxaca, suscrito por el Poder Ejecutivo, sociedad civil, empresas, l\u00edderes pol\u00edticos, asociaciones e instituciones internacionales, con el objetivo de combatir los rezagos y problemas que enfrenta la ni\u00f1ez.<\/p>\n<p>Cabe destacar que esta ley coloca a Oaxaca a la vanguardia a nivel nacional, ya que solo el Estado de M\u00e9xico contaba con dicha normatividad; por ello integrantes de la fracci\u00f3n parlamentaria de Morena reiteran su compromiso en impulsar leyes en favor de la primera infancia.<\/p>\n\n\t\t\t  <div \n\t\t\t  \tclass = \"fb-comments\" \n\t\t\t  \tdata-href = \"https:\/\/www.eloriente.net\/home\/2017\/04\/20\/ley-fomento-la-lactancia-materna\/\"\n\t\t\t  \tdata-numposts = \"10\"\n\t\t\t\tdata-colorscheme = \"dark\"\n\t\t\t\tdata-order-by = \"social\"\n\t\t\t\tdata-mobile=true>\n\t\t\t  <\/div>\n\t\t  <style>\n\t\t\t.fb_iframe_widget_fluid_desktop iframe {\n\t\t\t    width: 100% !important;\n\t\t\t}\n\t\t  <\/style>\n\t\t  ","protected":false},"excerpt":{"rendered":"<p>Aprueba Congreso de Oaxaca Ley de Fomento a la Lactancia Materna 19 de abril de 2017.- Por unanimidad, diputados y diputadas de la LXIII Legislatura del Congreso del Estado, aprobaron la Ley de Fomento a la Lactancia Materna, la cual busca incrementar el apoyo a las madres trabajadoras con la creaci\u00f3n de espacios de lactancia. [&hellip;]<\/p>\n","protected":false},"author":1,"featured_media":48121,"comment_status":"open","ping_status":"open","sticky":false,"template":"","format":"standard","meta":{"_jetpack_memberships_contains_paid_content":false,"footnotes":""},"categories":[91,32,464,21],"tags":[7745,7752,2178,7751],"class_list":["post-48120","post","type-post","status-publish","format-standard","has-post-thumbnail","hentry","category-congreso-y-justicia","category-entradas","category-oaxaca-estados","category-politica-y-gobierno","tag-63-legislatura-del-estado-de-oaxaca","tag-fernando-lorenzo-estrada","tag-lactancia","tag-lactancia-materna-oaxaca"],"jetpack_featured_media_url":"https:\/\/www.eloriente.net\/home\/wp-content\/uploads\/2017\/05\/4276551958_bd1a5622e9_o.jpg","jetpack_sharing_enabled":true,"_links":{"self":[{"href":"https:\/\/www.eloriente.net\/home\/wp-json\/wp\/v2\/posts\/48120"}],"collection":[{"href":"https:\/\/www.eloriente.net\/home\/wp-json\/wp\/v2\/posts"}],"about":[{"href":"https:\/\/www.eloriente.net\/home\/wp-json\/wp\/v2\/types\/post"}],"author":[{"embeddable":true,"href":"https:\/\/www.eloriente.net\/home\/wp-json\/wp\/v2\/users\/1"}],"replies":[{"embeddable":true,"href":"https:\/\/www.eloriente.net\/home\/wp-json\/wp\/v2\/comments?post=48120"}],"version-history":[{"count":2,"href":"https:\/\/www.eloriente.net\/home\/wp-json\/wp\/v2\/posts\/48120\/revisions"}],"predecessor-version":[{"id":48127,"href":"https:\/\/www.eloriente.net\/home\/wp-json\/wp\/v2\/posts\/48120\/revisions\/48127"}],"wp:featuredmedia":[{"embeddable":true,"href":"https:\/\/www.eloriente.net\/home\/wp-json\/wp\/v2\/media\/48121"}],"wp:attachment":[{"href":"https:\/\/www.eloriente.net\/home\/wp-json\/wp\/v2\/media?parent=48120"}],"wp:term":[{"taxonomy":"category","embeddable":true,"href":"https:\/\/www.eloriente.net\/home\/wp-json\/wp\/v2\/categories?post=48120"},{"taxonomy":"post_tag","embeddable":true,"href":"https:\/\/www.eloriente.net\/home\/wp-json\/wp\/v2\/tags?post=48120"}],"curies":[{"name":"wp","href":"https:\/\/api.w.org\/{rel}","templated":true}]}}