{"id":48271,"date":"2017-05-11T17:17:36","date_gmt":"2017-05-11T23:17:36","guid":{"rendered":"http:\/\/www.eloriente.net\/home\/?p=48271"},"modified":"2017-05-11T17:17:36","modified_gmt":"2017-05-11T23:17:36","slug":"videocolumnas-la-indiferencia-silencio-nos-mata-rebeca-garza","status":"publish","type":"post","link":"https:\/\/www.eloriente.net\/home\/2017\/05\/11\/videocolumnas-la-indiferencia-silencio-nos-mata-rebeca-garza\/","title":{"rendered":"VIDEOCOLUMNAS: \u00abLa indiferencia y el silencio que nos mata\u2026\u00bb por Rebeca Garza"},"content":{"rendered":"<p><script src=\"\/\/pagead2.googlesyndication.com\/pagead\/js\/adsbygoogle.js\" async=\"\"><\/script><!-- BANNER ELORIENTE INCRUSTADO NOTAS --> <ins class=\"adsbygoogle\" style=\"display: inline-block; width: 300px; height: 250px;\" data-ad-client=\"ca-pub-1136171134853753\" data-ad-slot=\"7974633627\"><\/ins><script>\/\/ <![CDATA[\n(adsbygoogle = window.adsbygoogle || []).push({});\n\/\/ ]]><\/script><\/p>\n<p>&nbsp;<\/p>\n<p>eloriente.net<\/p>\n<p>11 de mayo de 2017<\/p>\n<p>\u00abEl caso de Lesvy Berl\u00edn Osorio Mart\u00ednez se ha vuelto representativo del terrible y desolador contexto de violencia mis\u00f3gina en que tenemos que sobrevivir todas las mujeres en M\u00e9xico.<br \/>\nRevela lo que muchas feministas y sus estudios han se\u00f1alado reiteradamente: que es un problema de violencia estructural metido en la m\u00e1s profunda de las entra\u00f1as de nuestro sistema social, econ\u00f3mico y pol\u00edtico.\u00bb<\/p>\n<p>Escucha la opini\u00f3n de <a class=\"profileLink\" href=\"https:\/\/www.facebook.com\/rebeca.garza\" data-hovercard=\"\/ajax\/hovercard\/user.php?id=587832367\" data-hovercard-prefer-more-content-show=\"1\">Rebeca Garza<\/a> sobre el caso de Lesvy Berl\u00edn y las reacciones qu<span class=\"text_exposed_show\">e se han desprendido del mismo.<\/span><\/p>\n<p>No olvides visitar el blog de Rebeca, en donde encontrar\u00e1s todos los links y referencias sobre los que habla en su videocolumna. <a href=\"https:\/\/l.facebook.com\/l.php?u=https%3A%2F%2Fgoo.gl%2FeJKhsY&amp;h=ATPyRBmSJnTy7XxK04DzKQn71UBpUxCR42ElTQ5NKCT4njbYdVe76xVS9IIAxO2Z_xR4T1rQH0Dwql2L7PqdG12YjcJZyDKI17_nKwU5ZolBrbWX3-hNm_rT5od5EKXr8aCH_FkZPv7mfHUE7OMwSul8_OKsCQ&amp;enc=AZPikPQNKTngAmNbzawx6mhUpwaC0ZRUPLPbme-yFQvMmvwu_wRzUgWAbidV_3Wj05x0td2lMGoMnSG2gz-cBCuHVewk8SPt0ecZEG-zTGrcODP8TFpFvaL7dZF2qX2F36Vf0iFmoeYEiZo9N5iQ6yM97ECHQ7ECh6q7lxgezUNApv1L2vuL8k94srXQm3A8Bqwklekxtirug7jCIqkNh6FA&amp;s=1\" target=\"_blank\" rel=\"nofollow noopener\">https:\/\/goo.gl\/eJKhsY<\/a><\/p>\n<p><iframe loading=\"lazy\" style=\"border: none; overflow: hidden;\" src=\"https:\/\/www.facebook.com\/plugins\/video.php?href=https%3A%2F%2Fwww.facebook.com%2F443535572345554%2Fvideos%2F1548340741865026%2F&amp;show_text=0&amp;width=560\" width=\"560\" height=\"315\" frameborder=\"0\" scrolling=\"no\" allowfullscreen=\"allowfullscreen\"><\/iframe><\/p>\n<p><script src=\"\/\/pagead2.googlesyndication.com\/pagead\/js\/adsbygoogle.js\" async=\"\"><\/script><!-- BANNER PEQUE\u00d1O PARA ENTRENOTAS EL ORIENTE --> <ins class=\"adsbygoogle\" style=\"display: inline-block; width: 468px; height: 60px;\" data-ad-client=\"ca-pub-1136171134853753\" data-ad-slot=\"4953536424\"><\/ins><script>\/\/ <![CDATA[\n(adsbygoogle = window.adsbygoogle || []).push({});\n\/\/ ]]><\/script><\/p>\n<p>&nbsp;<\/p>\n<p>Rebeca Garza, mujer trans y funcionaria electoral con 15 a\u00f1os de trayectoria dentro del Servicio Profesional Electoral. Licenciada en Administraci\u00f3n por la UANL y pasante de la maestr\u00eda en Instituciones y Procedimientos Electorales del INE. Cuenta con cursos \u00a0y diplomados en derechos humanos, \u00a0violencias de g\u00e9nero, derechos pol\u00edticos de las mujeres, entre otros. \u00a0Actualmente cursa el certificado en \u201cG\u00e9nero, sexualidad y cuerpo: debates contempor\u00e1neos\u201d \u00a0en l\u00ednea por 17, Instituto de Estudios Cr\u00edticos.<\/p>\n<p><a href=\"http:\/\/www.eloriente.net\/home\/wp-content\/uploads\/2017\/05\/REBECA-GARZA-10-DE-MAYO-2017.jpg\" rel=\"attachment wp-att-48272\"><img loading=\"lazy\" decoding=\"async\" class=\"alignnone size-full wp-image-48272\" src=\"http:\/\/www.eloriente.net\/home\/wp-content\/uploads\/2017\/05\/REBECA-GARZA-10-DE-MAYO-2017.jpg\" alt=\"REBECA GARZA 10 DE MAYO 2017\" width=\"640\" height=\"360\" srcset=\"https:\/\/www.eloriente.net\/home\/wp-content\/uploads\/2017\/05\/REBECA-GARZA-10-DE-MAYO-2017.jpg 1920w, https:\/\/www.eloriente.net\/home\/wp-content\/uploads\/2017\/05\/REBECA-GARZA-10-DE-MAYO-2017-300x169.jpg 300w, https:\/\/www.eloriente.net\/home\/wp-content\/uploads\/2017\/05\/REBECA-GARZA-10-DE-MAYO-2017-768x432.jpg 768w, https:\/\/www.eloriente.net\/home\/wp-content\/uploads\/2017\/05\/REBECA-GARZA-10-DE-MAYO-2017-1024x576.jpg 1024w\" sizes=\"(max-width: 640px) 100vw, 640px\" \/><\/a><\/p>\n<p><strong>OTRAS VIDEOCOLUMNAS<\/strong><\/p>\n<div id=\"post-48221\" class=\"entry loop-default border_bottom_30 post-48221 post type-post status-publish format-standard has-post-thumbnail hentry category-educacion-y-cultura category-entradas category-secciones-oriente category-gerardo-castellanos category-lo-mas-reciente category-videoblogs tag-espana tag-espanoles tag-genocidio tag-gerardo-castellanos tag-historia tag-limpia-cultural tag-tenochtitlan tag-videocolumna\">\n<h2 class=\"entry_title\"><a title=\"Enlace Permanente a VIDEOCOLUMNA: No tenemos nada que celebrar y no debemos. Por Gerardo Castellanos\" href=\"http:\/\/www.eloriente.net\/home\/2017\/05\/08\/videocolumna-no-tenemos-nada-celebrar-no-debemos-gerardo-castellanos\/\" rel=\"bookmark\">VIDEOCOLUMNA: No tenemos nada que celebrar y no debemos. Por Gerardo Castellanos<\/a><\/h2>\n<p><a href=\"http:\/\/www.eloriente.net\/home\/2017\/05\/08\/videocolumna-no-tenemos-nada-celebrar-no-debemos-gerardo-castellanos\/\" rel=\"bookmark\"><img decoding=\"async\" class=\"alignleft\" title=\"VIDEOCOLUMNA: No tenemos nada que celebrar y no debemos. Por Gerardo Castellanos\" src=\"http:\/\/www.eloriente.net\/home\/wp-content\/themes\/city-desk\/timthumb.php?src=http%3A%2F%2Fwww.eloriente.net%2Fhome%2Fwp-content%2Fuploads%2F2017%2F05%2FGERARDO-CASTELLANOS-6-DE-MAYO-2017.jpg&amp;q=90&amp;w=160&amp;h=106&amp;zc=1\" alt=\"VIDEOCOLUMNA: No tenemos nada que celebrar y no debemos. Por Gerardo Castellanos\" \/><\/a>\u00a0 eloriente.net 8 de mayo de 2017 \u201cLa destrucci\u00f3n intencionada del patrimonio hist\u00f3rico que est\u00e1n haciendo los fundamentalistas del Estado Isl\u00e1mico (EI) que ha saqueado y demolido la antigua ciudad asiria de Nimroden [\u2026] es lo mismo que los fan\u00e1ticos e ignorantes invasores espa\u00f1oles hicieron en M\u00e9xico con la espada,.\u201d En esta videocolumna, el maestro [\u2026]<\/p>\n<div class=\"toolbar-social\">\n<div class=\"social-widget\">\n<div id=\"sharing-widget\"><\/div>\n<\/div>\n<\/div>\n<p class=\"postmeta\"><span class=\"meta_date\">mayo 8, 2017<\/span><\/p>\n<\/div>\n<div id=\"post-48218\" class=\"entry loop-default border_bottom_30 post-48218 post type-post status-publish format-standard has-post-thumbnail hentry category-viernesdefelicidad category-educacion-y-cultura category-entradas category-salud-y-estilo-de-vida category-lo-mas-reciente category-salud category-ursula-woolrich category-videoblogs tag-battista-borsato tag-bienestar tag-psicologa tag-psicologia tag-salud-2 tag-ursula-woolrich tag-vivir-la-sobriedad\">\n<h2 class=\"entry_title\"><a title=\"Enlace Permanente a VIDEOCOLUMNA: Vivir la sobriedad (parte 4). Por \u00darsula Woolrich\" href=\"http:\/\/www.eloriente.net\/home\/2017\/05\/08\/videocolumna-vivir-la-sobriedad-parte-4-ursula-woolrich\/\" rel=\"bookmark\">VIDEOCOLUMNA: Vivir la sobriedad (parte 4). Por \u00darsula Woolrich<\/a><\/h2>\n<p><a href=\"http:\/\/www.eloriente.net\/home\/2017\/05\/08\/videocolumna-vivir-la-sobriedad-parte-4-ursula-woolrich\/\" rel=\"bookmark\"><img decoding=\"async\" class=\"alignleft\" title=\"VIDEOCOLUMNA: Vivir la sobriedad (parte 4). Por \u00darsula Woolrich\" src=\"http:\/\/www.eloriente.net\/home\/wp-content\/themes\/city-desk\/timthumb.php?src=http%3A%2F%2Fwww.eloriente.net%2Fhome%2Fwp-content%2Fuploads%2F2017%2F05%2FU%CC%81RSULA-WOOLRICH-5-DE-MAYO-2017.jpg&amp;q=90&amp;w=160&amp;h=106&amp;zc=1\" alt=\"VIDEOCOLUMNA: Vivir la sobriedad (parte 4). Por \u00darsula Woolrich\" \/><\/a>\u00a0 eloriente.net 8 de mayo de 2017 Est\u00e1 semana Ursula Woolrich nos presenta en su nueva videocolumna, la cuarta parte del tema \u201cVivir la sobriedad\u201d. Y hoy nos habla de los bienes materiales y el despilfarro. \u00darsula Woolrich es Psic\u00f3loga con estudios de maestr\u00eda en educaci\u00f3n superior. Diplomada en programaci\u00f3n neuroling\u00fc\u00edstica, docente y conferencista. OTRAS [\u2026]<\/p>\n<div class=\"toolbar-social\">\n<div class=\"social-widget\">\n<div id=\"sharing-widget\"><\/div>\n<\/div>\n<\/div>\n<p class=\"postmeta\"><span class=\"meta_date\">mayo 8, 2017<\/span><\/p>\n<\/div>\n<div id=\"post-48215\" class=\"entry loop-default border_bottom_30 post-48215 post type-post status-publish format-standard has-post-thumbnail hentry category-comunicacion category-congreso-y-justicia category-derechos-humanos category-entradas category-karina-baron category-lo-mas-reciente category-politica-y-gobierno category-videoblogs tag-compromiso tag-dia-del-trabajo tag-diputada tag-karina-baron tag-mujeres tag-oportunidades tag-trabajo\">\n<h2 class=\"entry_title\"><a title=\"Enlace Permanente a VIDEOCOLUMNA: \u00bfTe comprometes con nosotras? Por Karina Bar\u00f3n\" href=\"http:\/\/www.eloriente.net\/home\/2017\/05\/08\/videocolumna-te-comprometes-nosotras-karina-baron\/\" rel=\"bookmark\">VIDEOCOLUMNA: \u00bfTe comprometes con nosotras? Por Karina Bar\u00f3n<\/a><\/h2>\n<p><a href=\"http:\/\/www.eloriente.net\/home\/2017\/05\/08\/videocolumna-te-comprometes-nosotras-karina-baron\/\" rel=\"bookmark\"><img decoding=\"async\" class=\"alignleft\" title=\"VIDEOCOLUMNA: \u00bfTe comprometes con nosotras? Por Karina Bar\u00f3n\" src=\"http:\/\/www.eloriente.net\/home\/wp-content\/themes\/city-desk\/timthumb.php?src=http%3A%2F%2Fwww.eloriente.net%2Fhome%2Fwp-content%2Fuploads%2F2017%2F05%2FKARINA-BARO%CC%81N-4-DE-MAYO-2017.jpg&amp;q=90&amp;w=160&amp;h=106&amp;zc=1\" alt=\"VIDEOCOLUMNA: \u00bfTe comprometes con nosotras? Por Karina Bar\u00f3n\" \/><\/a>\u00a0 8 de mayo de 2017 \u201cLas mujeres tienen m\u00e1s probabilidad de estar desempleadas que los hombres. Es m\u00e1s, las tasas mundiales de desempleo son de 5,5 por ciento en el caso de los hombres y 6,2 en el caso de las mujeres. As\u00ed de claras las afirmaciones y los n\u00fameros de la Organizaci\u00f3n Internacional [\u2026]<\/p>\n<\/div>\n\n\t\t\t  <div \n\t\t\t  \tclass = \"fb-comments\" \n\t\t\t  \tdata-href = \"https:\/\/www.eloriente.net\/home\/2017\/05\/11\/videocolumnas-la-indiferencia-silencio-nos-mata-rebeca-garza\/\"\n\t\t\t  \tdata-numposts = \"10\"\n\t\t\t\tdata-colorscheme = \"dark\"\n\t\t\t\tdata-order-by = \"social\"\n\t\t\t\tdata-mobile=true>\n\t\t\t  <\/div>\n\t\t  <style>\n\t\t\t.fb_iframe_widget_fluid_desktop iframe {\n\t\t\t    width: 100% !important;\n\t\t\t}\n\t\t  <\/style>\n\t\t  ","protected":false},"excerpt":{"rendered":"<p>&nbsp; eloriente.net 11 de mayo de 2017 \u00abEl caso de Lesvy Berl\u00edn Osorio Mart\u00ednez se ha vuelto representativo del terrible y desolador contexto de violencia mis\u00f3gina en que tenemos que sobrevivir todas las mujeres en M\u00e9xico. Revela lo que muchas feministas y sus estudios han se\u00f1alado reiteradamente: que es un problema de violencia estructural metido [&hellip;]<\/p>\n","protected":false},"author":44,"featured_media":48273,"comment_status":"open","ping_status":"open","sticky":false,"template":"","format":"standard","meta":{"_jetpack_memberships_contains_paid_content":false,"footnotes":""},"categories":[22,32,10,24,31,6683,98],"tags":[6052,7792,189,197,6662,6224],"class_list":["post-48271","post","type-post","status-publish","format-standard","has-post-thumbnail","hentry","category-derechos-humanos","category-entradas","category-lo-mas-reciente","category-mexico-y-el-mundo","category-principal","category-rebeca-garza","category-videoblogs","tag-feminicidios","tag-lesvy-berlin","tag-mujeres","tag-opinion","tag-rebeca-garza","tag-videocolumna"],"jetpack_featured_media_url":"https:\/\/www.eloriente.net\/home\/wp-content\/uploads\/2017\/05\/REBECA-GARZA-11-DE-MAYO-e1494544592257.jpg","jetpack_sharing_enabled":true,"_links":{"self":[{"href":"https:\/\/www.eloriente.net\/home\/wp-json\/wp\/v2\/posts\/48271"}],"collection":[{"href":"https:\/\/www.eloriente.net\/home\/wp-json\/wp\/v2\/posts"}],"about":[{"href":"https:\/\/www.eloriente.net\/home\/wp-json\/wp\/v2\/types\/post"}],"author":[{"embeddable":true,"href":"https:\/\/www.eloriente.net\/home\/wp-json\/wp\/v2\/users\/44"}],"replies":[{"embeddable":true,"href":"https:\/\/www.eloriente.net\/home\/wp-json\/wp\/v2\/comments?post=48271"}],"version-history":[{"count":1,"href":"https:\/\/www.eloriente.net\/home\/wp-json\/wp\/v2\/posts\/48271\/revisions"}],"predecessor-version":[{"id":48274,"href":"https:\/\/www.eloriente.net\/home\/wp-json\/wp\/v2\/posts\/48271\/revisions\/48274"}],"wp:featuredmedia":[{"embeddable":true,"href":"https:\/\/www.eloriente.net\/home\/wp-json\/wp\/v2\/media\/48273"}],"wp:attachment":[{"href":"https:\/\/www.eloriente.net\/home\/wp-json\/wp\/v2\/media?parent=48271"}],"wp:term":[{"taxonomy":"category","embeddable":true,"href":"https:\/\/www.eloriente.net\/home\/wp-json\/wp\/v2\/categories?post=48271"},{"taxonomy":"post_tag","embeddable":true,"href":"https:\/\/www.eloriente.net\/home\/wp-json\/wp\/v2\/tags?post=48271"}],"curies":[{"name":"wp","href":"https:\/\/api.w.org\/{rel}","templated":true}]}}