{"id":48286,"date":"2017-05-11T19:58:18","date_gmt":"2017-05-12T01:58:18","guid":{"rendered":"http:\/\/www.eloriente.net\/home\/?p=48286"},"modified":"2017-05-12T12:14:25","modified_gmt":"2017-05-12T18:14:25","slug":"fiscal-general-del-estado-oaxaca-sera-nombrado-este-viernes","status":"publish","type":"post","link":"https:\/\/www.eloriente.net\/home\/2017\/05\/11\/fiscal-general-del-estado-oaxaca-sera-nombrado-este-viernes\/","title":{"rendered":"Fiscal General del Estado de Oaxaca ser\u00e1 nombrado este viernes"},"content":{"rendered":"<p><script src=\"\/\/pagead2.googlesyndication.com\/pagead\/js\/adsbygoogle.js\" async=\"\"><\/script><!-- BANNER ELORIENTE INCRUSTADO NOTAS --> <ins class=\"adsbygoogle\" style=\"display: inline-block; width: 300px; height: 250px;\" data-ad-client=\"ca-pub-1136171134853753\" data-ad-slot=\"7974633627\"><\/ins><script>\/\/ <![CDATA[\n(adsbygoogle = window.adsbygoogle || []).push({});\n\/\/ ]]><\/script><br \/>\nCongreso Local, Reanuda Sesi\u00f3n Extraordinaria este viernes para nombrar Fiscal General del Estado de Oaxaca<\/p>\n<p>11 de mayo del 2017.- La 63 Legislatura del Congreso del Estado reanuda este viernes a las 14:00 horas, la Sesi\u00f3n Extraordinaria -en receso- a fin de continuar con el proceso de selecci\u00f3n del Fiscal General del Estado de Oaxaca.<\/p>\n<p>En dicha Sesi\u00f3n, se presentar\u00e1n a comparecer los integrantes de la terna propuesta por el gobernador Constitucional del Estado Libre y Soberano de Oaxaca, Alejandro Ismael Murat Hinojosa.<\/p>\n<p>Mediante oficio dirigido a los 42 diputados integrantes de la LXIII Legislatura, el ejecutivo les hace saber los nombres que integran la terna propuesta para ocupar el cargo de fiscal, de acuerdo a las facultades que le otorgan los Art\u00edculos 79, Fracci\u00f3n XXVII y 114, apartado D, fracci\u00f3n II; de la Constituci\u00f3n Pol\u00edtica del Estado Libre y Soberano de Oaxaca.<\/p>\n<p>En su oficio n\u00famero GEO\/040\/2017, el mandatario precisa que \u201cla terna propuesta, ha sido seleccionada de la lista remitida por esa Honorable Soberan\u00eda y por lo tanto, conforme al requisito Segundo de los Lineamientos para la Integraci\u00f3n de la Lista de al menos Diez Candidatos al Cargo de Fiscal General del Estado de Oaxaca\u201d.<\/p>\n<p>Asimismo, en el escrito se se\u00f1ala que, \u00abse cumple con todos los requisitos que la Constituci\u00f3n Pol\u00edtica del Estado Libre y Soberano de Oaxaca prescribe en los art\u00edculos supracitados; en este sentido son candidatos id\u00f3neos al cargo para el que se postulan.<\/p>\n<p><script src=\"\/\/pagead2.googlesyndication.com\/pagead\/js\/adsbygoogle.js\" async=\"\"><\/script><!-- BANNER PEQUE\u00d1O PARA ENTRENOTAS EL ORIENTE --> <ins class=\"adsbygoogle\" style=\"display: inline-block; width: 468px; height: 60px;\" data-ad-client=\"ca-pub-1136171134853753\" data-ad-slot=\"4953536424\"><\/ins><script>\/\/ <![CDATA[\n(adsbygoogle = window.adsbygoogle || []).push({});\n\/\/ ]]><\/script><\/p>\n<p>De la misma manera, se agrega en el documento que, \u201ca efecto de que el procedimiento de elecci\u00f3n se d\u00e9 dentro de los plazos se\u00f1alados, env\u00edo a ustedes la citada terna y solicito de manera atenta se me tenga cumpliendo en tiempo y forma al mandato Constitucional\u201d, precisa el gobernador en su escrito.<\/p>\n<p>La terna:<br \/>\n1.\tRub\u00e9n Vasconcelos M\u00e9ndez<br \/>\n2.\tJorge Antonio Ben\u00edtez Calva<br \/>\n3.\tRa\u00fal Palomares Palomino <\/p>\n\n\t\t\t  <div \n\t\t\t  \tclass = \"fb-comments\" \n\t\t\t  \tdata-href = \"https:\/\/www.eloriente.net\/home\/2017\/05\/11\/fiscal-general-del-estado-oaxaca-sera-nombrado-este-viernes\/\"\n\t\t\t  \tdata-numposts = \"10\"\n\t\t\t\tdata-colorscheme = \"dark\"\n\t\t\t\tdata-order-by = \"social\"\n\t\t\t\tdata-mobile=true>\n\t\t\t  <\/div>\n\t\t  <style>\n\t\t\t.fb_iframe_widget_fluid_desktop iframe {\n\t\t\t    width: 100% !important;\n\t\t\t}\n\t\t  <\/style>\n\t\t  ","protected":false},"excerpt":{"rendered":"<p>Congreso Local, Reanuda Sesi\u00f3n Extraordinaria este viernes para nombrar Fiscal General del Estado de Oaxaca 11 de mayo del 2017.- La 63 Legislatura del Congreso del Estado reanuda este viernes a las 14:00 horas, la Sesi\u00f3n Extraordinaria -en receso- a fin de continuar con el proceso de selecci\u00f3n del Fiscal General del Estado de Oaxaca. [&hellip;]<\/p>\n","protected":false},"author":1,"featured_media":48288,"comment_status":"open","ping_status":"open","sticky":false,"template":"","format":"standard","meta":{"_jetpack_memberships_contains_paid_content":false,"footnotes":""},"categories":[10,464,21],"tags":[7677,7797,7798,7799,7339],"class_list":["post-48286","post","type-post","status-publish","format-standard","has-post-thumbnail","hentry","category-lo-mas-reciente","category-oaxaca-estados","category-politica-y-gobierno","tag-congreso-63","tag-fiscal-general-del-estado","tag-jorge-antonio-benitez-calva","tag-raul-palomares-palomino","tag-ruben-vasconcelos-mendez"],"jetpack_featured_media_url":"https:\/\/www.eloriente.net\/home\/wp-content\/uploads\/2017\/05\/Designaci\u00f3n-Fiscal-04.jpg","jetpack_sharing_enabled":true,"_links":{"self":[{"href":"https:\/\/www.eloriente.net\/home\/wp-json\/wp\/v2\/posts\/48286"}],"collection":[{"href":"https:\/\/www.eloriente.net\/home\/wp-json\/wp\/v2\/posts"}],"about":[{"href":"https:\/\/www.eloriente.net\/home\/wp-json\/wp\/v2\/types\/post"}],"author":[{"embeddable":true,"href":"https:\/\/www.eloriente.net\/home\/wp-json\/wp\/v2\/users\/1"}],"replies":[{"embeddable":true,"href":"https:\/\/www.eloriente.net\/home\/wp-json\/wp\/v2\/comments?post=48286"}],"version-history":[{"count":1,"href":"https:\/\/www.eloriente.net\/home\/wp-json\/wp\/v2\/posts\/48286\/revisions"}],"predecessor-version":[{"id":48289,"href":"https:\/\/www.eloriente.net\/home\/wp-json\/wp\/v2\/posts\/48286\/revisions\/48289"}],"wp:featuredmedia":[{"embeddable":true,"href":"https:\/\/www.eloriente.net\/home\/wp-json\/wp\/v2\/media\/48288"}],"wp:attachment":[{"href":"https:\/\/www.eloriente.net\/home\/wp-json\/wp\/v2\/media?parent=48286"}],"wp:term":[{"taxonomy":"category","embeddable":true,"href":"https:\/\/www.eloriente.net\/home\/wp-json\/wp\/v2\/categories?post=48286"},{"taxonomy":"post_tag","embeddable":true,"href":"https:\/\/www.eloriente.net\/home\/wp-json\/wp\/v2\/tags?post=48286"}],"curies":[{"name":"wp","href":"https:\/\/api.w.org\/{rel}","templated":true}]}}