{"id":48547,"date":"2017-06-01T15:17:51","date_gmt":"2017-06-01T21:17:51","guid":{"rendered":"http:\/\/www.eloriente.net\/home\/?p=48547"},"modified":"2017-06-01T15:17:51","modified_gmt":"2017-06-01T21:17:51","slug":"videocolumna-etnoturismo-la-otra-realidad-juan-antonio-gomez","status":"publish","type":"post","link":"https:\/\/www.eloriente.net\/home\/2017\/06\/01\/videocolumna-etnoturismo-la-otra-realidad-juan-antonio-gomez\/","title":{"rendered":"VIDEOCOLUMNA: Etnoturismo, la otra realidad\u2026 Por Juan Antonio G\u00f3mez"},"content":{"rendered":"<p><script src=\"\/\/pagead2.googlesyndication.com\/pagead\/js\/adsbygoogle.js\" async=\"\"><\/script><!-- BANNER ELORIENTE INCRUSTADO NOTAS --> <ins class=\"adsbygoogle\" style=\"display: inline-block; width: 300px; height: 250px;\" data-ad-client=\"ca-pub-1136171134853753\" data-ad-slot=\"7974633627\"><\/ins><script>\/\/ <![CDATA[\n(adsbygoogle = window.adsbygoogle || []).push({});\n\/\/ ]]><\/script><\/p>\n<p>&nbsp;<\/p>\n<p>eloriente.net<\/p>\n<p>1 de junio de 2017<\/p>\n<p>Esta semana nos complace presentar al maestro <a class=\"profileLink\" href=\"https:\/\/www.facebook.com\/JuanAntonioGomezCardenas?fref=mentions\" data-hovercard=\"\/ajax\/hovercard\/user.php?id=1178523739&amp;extragetparams=%7B%22fref%22%3A%22mentions%22%7D\" data-hovercard-prefer-more-content-show=\"1\">Juan Antonio G\u00f3mez C\u00e1rdenas<\/a> quien estar\u00e1 con nosotros hablando sobre temas de turismo.<\/p>\n<p>En esta ocasi\u00f3n nos hace reflexionar sobre los ind\u00edgenas, el trato que estos reciben y su importancia y participaci\u00f3n dentro del aparato tur\u00edstico.<\/p>\n<p><iframe loading=\"lazy\" style=\"border: none; overflow: hidden;\" src=\"https:\/\/www.facebook.com\/plugins\/video.php?href=https%3A%2F%2Fwww.facebook.com%2F443535572345554%2Fvideos%2F1566191313413302%2F&amp;show_text=0&amp;width=560\" width=\"560\" height=\"315\" frameborder=\"0\" scrolling=\"no\" allowfullscreen=\"allowfullscreen\"><\/iframe><\/p>\n<p><script src=\"\/\/pagead2.googlesyndication.com\/pagead\/js\/adsbygoogle.js\" async=\"\"><\/script><!-- BANNER PEQUE\u00d1O PARA ENTRENOTAS EL ORIENTE --> <ins class=\"adsbygoogle\" style=\"display: inline-block; width: 468px; height: 60px;\" data-ad-client=\"ca-pub-1136171134853753\" data-ad-slot=\"4953536424\"><\/ins><script>\/\/ <![CDATA[\n(adsbygoogle = window.adsbygoogle || []).push({});\n\/\/ ]]><\/script><\/p>\n<p><a href=\"http:\/\/www.eloriente.net\/home\/wp-content\/uploads\/2017\/06\/JUAN-ANTONIO-GO\u0301MEZ-27-DE-MARZO-2017.jpg\" rel=\"attachment wp-att-48548\"><img loading=\"lazy\" decoding=\"async\" class=\"alignnone size-full wp-image-48548\" src=\"http:\/\/www.eloriente.net\/home\/wp-content\/uploads\/2017\/06\/JUAN-ANTONIO-GO\u0301MEZ-27-DE-MARZO-2017.jpg\" alt=\"JUAN ANTONIO GO\u0301MEZ 27 DE MARZO 2017\" width=\"640\" height=\"360\" srcset=\"https:\/\/www.eloriente.net\/home\/wp-content\/uploads\/2017\/06\/JUAN-ANTONIO-GO\u0301MEZ-27-DE-MARZO-2017.jpg 1920w, https:\/\/www.eloriente.net\/home\/wp-content\/uploads\/2017\/06\/JUAN-ANTONIO-GO\u0301MEZ-27-DE-MARZO-2017-300x169.jpg 300w, https:\/\/www.eloriente.net\/home\/wp-content\/uploads\/2017\/06\/JUAN-ANTONIO-GO\u0301MEZ-27-DE-MARZO-2017-768x432.jpg 768w, https:\/\/www.eloriente.net\/home\/wp-content\/uploads\/2017\/06\/JUAN-ANTONIO-GO\u0301MEZ-27-DE-MARZO-2017-1024x576.jpg 1024w\" sizes=\"(max-width: 640px) 100vw, 640px\" \/><\/a><\/p>\n<p><strong>OTRAS VIDEOCOLUMNAS<\/strong><\/p>\n<div id=\"post-48467\" class=\"entry loop-default border_bottom_30 post-48467 post type-post status-publish format-standard has-post-thumbnail hentry category-educacion-y-cultura category-entradas category-salud-y-estilo-de-vida category-gerardo-castellanos category-lo-mas-reciente category-videoblogs tag-contadores tag-dia-del-contador tag-gerardo-castellanos tag-profesionalismo tag-videocolumna\">\n<h2 class=\"entry_title\"><a title=\"Enlace Permanente a VIDEOCOLUMNA: D\u00eda del Contador. Por Gerardo Castellanos\" href=\"http:\/\/www.eloriente.net\/home\/2017\/05\/26\/videocolumna-dia-del-contador-gerardo-castellanos\/\" rel=\"bookmark\">VIDEOCOLUMNA: D\u00eda del Contador. Por Gerardo Castellanos<\/a><\/h2>\n<p><a href=\"http:\/\/www.eloriente.net\/home\/2017\/05\/26\/videocolumna-dia-del-contador-gerardo-castellanos\/\" rel=\"bookmark\"><img decoding=\"async\" class=\"alignleft\" title=\"VIDEOCOLUMNA: D\u00eda del Contador. Por Gerardo Castellanos\" src=\"http:\/\/www.eloriente.net\/home\/wp-content\/themes\/city-desk\/timthumb.php?src=http%3A%2F%2Fwww.eloriente.net%2Fhome%2Fwp-content%2Fuploads%2F2017%2F05%2FGERARDO-CASTELLANOS-25-DE-MAYO-2017.jpg&amp;q=90&amp;w=160&amp;h=106&amp;zc=1\" alt=\"VIDEOCOLUMNA: D\u00eda del Contador. Por Gerardo Castellanos\" \/><\/a>\u00a0 elorinete.net 26 de mayo 2017 \u201cLa Contadur\u00eda P\u00fablica es una suma de valores. La calidad profesional no solo se debe tener, se debe demostrar; el ejercicio profesional del Contador P\u00fablico implica el compromiso de ser integro, capaz y propositivo.\u201d En este D\u00eda del Contador, el maestro Gerardo Castellanos Bola\u00f1os dedica su videocolumna invitar a [\u2026]<\/p>\n<p class=\"postmeta\"><span class=\"meta_date\">mayo 26, 2017<\/span><\/p>\n<\/div>\n<div id=\"post-48435\" class=\"entry loop-default border_bottom_30 post-48435 post type-post status-publish format-standard has-post-thumbnail hentry category-congreso-y-justicia category-derechos-humanos category-entradas category-estados category-karina-baron category-municipios category-oaxaca-estados category-politica-y-gobierno category-videoblogs tag-karina-baron tag-mujeres tag-oportunidades tag-tlacolula\">\n<h2 class=\"entry_title\"><a title=\"Enlace Permanente a VIDEOCOLUMNA: Oportunidades equitativas para todas las mujeres de este pa\u00eds. Por Karina Bar\u00f3n\" href=\"http:\/\/www.eloriente.net\/home\/2017\/05\/23\/videocolumna-oportunidades-equitativas-todas-las-mujeres-este-pais-karina-baron\/\" rel=\"bookmark\">VIDEOCOLUMNA: Oportunidades equitativas para todas las mujeres de este pa\u00eds. Por Karina Bar\u00f3n<\/a><\/h2>\n<p><a href=\"http:\/\/www.eloriente.net\/home\/2017\/05\/23\/videocolumna-oportunidades-equitativas-todas-las-mujeres-este-pais-karina-baron\/\" rel=\"bookmark\"><img decoding=\"async\" class=\"alignleft\" title=\"VIDEOCOLUMNA: Oportunidades equitativas para todas las mujeres de este pa\u00eds. Por Karina Bar\u00f3n\" src=\"http:\/\/www.eloriente.net\/home\/wp-content\/themes\/city-desk\/timthumb.php?src=http%3A%2F%2Fwww.eloriente.net%2Fhome%2Fwp-content%2Fuploads%2F2017%2F05%2FKARIN-BARON-22-DE-MAYO-2017.jpg&amp;q=90&amp;w=160&amp;h=106&amp;zc=1\" alt=\"VIDEOCOLUMNA: Oportunidades equitativas para todas las mujeres de este pa\u00eds. Por Karina Bar\u00f3n\" \/><\/a>\u00a0 eloriente.net 23 de mayo 2017 \u201cMientras me dirig\u00eda a Tlacolula de Matamoros, supe de una gran noticia para las mujeres de M\u00e9xico: que tres j\u00f3venes de nuestro pa\u00eds hab\u00edan logrado, en Tegucigalpa, Honduras, el primer lugar en un Concurso Latinoamericano de Simulaci\u00f3n en Log\u00edstica.\u201d En esta nueva videocolumna Karina Bar\u00f3n nos habla sobre el [\u2026]<\/p>\n<p class=\"postmeta\"><span class=\"meta_date\">mayo 23, 2017<\/span><\/p>\n<\/div>\n<div id=\"post-48407\" class=\"entry loop-default border_bottom_30 post-48407 post type-post status-publish format-standard has-post-thumbnail hentry category-educacion-y-cultura category-entradas category-historia category-lo-mas-reciente category-salvador-siguenza-orozco category-videoblogs tag-gasolina tag-historia tag-mexico tag-pemex tag-petroleo tag-salvador-siguenza-orozco\">\n<h2 class=\"entry_title\"><a title=\"Enlace Permanente a VIDEOCOLUMNA: Petr\u00f3leo, petr\u00f3leo\u2026 Por Salvador Sig\u00fcenza\" href=\"http:\/\/www.eloriente.net\/home\/2017\/05\/23\/videocolumna-petroleo-petroleo-salvador-siguenza\/\" rel=\"bookmark\">VIDEOCOLUMNA: Petr\u00f3leo, petr\u00f3leo\u2026 Por Salvador Sig\u00fcenza<\/a><\/h2>\n<p><a href=\"http:\/\/www.eloriente.net\/home\/2017\/05\/23\/videocolumna-petroleo-petroleo-salvador-siguenza\/\" rel=\"bookmark\"><img decoding=\"async\" class=\"alignleft\" title=\"VIDEOCOLUMNA: Petr\u00f3leo, petr\u00f3leo\u2026 Por Salvador Sig\u00fcenza\" src=\"http:\/\/www.eloriente.net\/home\/wp-content\/themes\/city-desk\/timthumb.php?src=http%3A%2F%2Fwww.eloriente.net%2Fhome%2Fwp-content%2Fuploads%2F2017%2F05%2FSALVADOR-SIGU%CC%88ENZA-20-DE-MAYO-2017.jpg&amp;q=90&amp;w=160&amp;h=106&amp;zc=1\" alt=\"VIDEOCOLUMNA: Petr\u00f3leo, petr\u00f3leo\u2026 Por Salvador Sig\u00fcenza\" \/><\/a>\u00a0 eloriente.net 23 de mayo 2017 Te invitamos a que veas la nueva videocolumna del doctor Salvador Sig\u00fcenza, que en esta ocasi\u00f3n nos platica sobre la evoluci\u00f3n de la actividad petrolera en el mundo y en M\u00e9xico. Salvador, entre otras cosas, es Profesor-Investigador del CIESAS Pac\u00edfico Sur (Centro de Investigaciones y Estudios Superiores en Antropolog\u00eda [\u2026]<\/p>\n<\/div>\n\n\t\t\t  <div \n\t\t\t  \tclass = \"fb-comments\" \n\t\t\t  \tdata-href = \"https:\/\/www.eloriente.net\/home\/2017\/06\/01\/videocolumna-etnoturismo-la-otra-realidad-juan-antonio-gomez\/\"\n\t\t\t  \tdata-numposts = \"10\"\n\t\t\t\tdata-colorscheme = \"dark\"\n\t\t\t\tdata-order-by = \"social\"\n\t\t\t\tdata-mobile=true>\n\t\t\t  <\/div>\n\t\t  <style>\n\t\t\t.fb_iframe_widget_fluid_desktop iframe {\n\t\t\t    width: 100% !important;\n\t\t\t}\n\t\t  <\/style>\n\t\t  ","protected":false},"excerpt":{"rendered":"<p>&nbsp; eloriente.net 1 de junio de 2017 Esta semana nos complace presentar al maestro Juan Antonio G\u00f3mez C\u00e1rdenas quien estar\u00e1 con nosotros hablando sobre temas de turismo. En esta ocasi\u00f3n nos hace reflexionar sobre los ind\u00edgenas, el trato que estos reciben y su importancia y participaci\u00f3n dentro del aparato tur\u00edstico. OTRAS VIDEOCOLUMNAS VIDEOCOLUMNA: D\u00eda del [&hellip;]<\/p>\n","protected":false},"author":44,"featured_media":48549,"comment_status":"open","ping_status":"open","sticky":false,"template":"","format":"standard","meta":{"_jetpack_memberships_contains_paid_content":false,"footnotes":""},"categories":[32,63,7858,464,31,19,98],"tags":[287,7859,73,109,6224],"class_list":["post-48547","post","type-post","status-publish","format-standard","has-post-thumbnail","hentry","category-entradas","category-estados","category-juan-antonio-gomez","category-oaxaca-estados","category-principal","category-turismo-y-negocios","category-videoblogs","tag-indigenas","tag-juan-antonio-gomez","tag-oaxaca","tag-turismo","tag-videocolumna"],"jetpack_featured_media_url":"https:\/\/www.eloriente.net\/home\/wp-content\/uploads\/2017\/06\/JUAN-ANTONIO-GO\u0301MEZ-27-DE-MARZO-2017-1-e1496351833120.jpg","jetpack_sharing_enabled":true,"_links":{"self":[{"href":"https:\/\/www.eloriente.net\/home\/wp-json\/wp\/v2\/posts\/48547"}],"collection":[{"href":"https:\/\/www.eloriente.net\/home\/wp-json\/wp\/v2\/posts"}],"about":[{"href":"https:\/\/www.eloriente.net\/home\/wp-json\/wp\/v2\/types\/post"}],"author":[{"embeddable":true,"href":"https:\/\/www.eloriente.net\/home\/wp-json\/wp\/v2\/users\/44"}],"replies":[{"embeddable":true,"href":"https:\/\/www.eloriente.net\/home\/wp-json\/wp\/v2\/comments?post=48547"}],"version-history":[{"count":1,"href":"https:\/\/www.eloriente.net\/home\/wp-json\/wp\/v2\/posts\/48547\/revisions"}],"predecessor-version":[{"id":48550,"href":"https:\/\/www.eloriente.net\/home\/wp-json\/wp\/v2\/posts\/48547\/revisions\/48550"}],"wp:featuredmedia":[{"embeddable":true,"href":"https:\/\/www.eloriente.net\/home\/wp-json\/wp\/v2\/media\/48549"}],"wp:attachment":[{"href":"https:\/\/www.eloriente.net\/home\/wp-json\/wp\/v2\/media?parent=48547"}],"wp:term":[{"taxonomy":"category","embeddable":true,"href":"https:\/\/www.eloriente.net\/home\/wp-json\/wp\/v2\/categories?post=48547"},{"taxonomy":"post_tag","embeddable":true,"href":"https:\/\/www.eloriente.net\/home\/wp-json\/wp\/v2\/tags?post=48547"}],"curies":[{"name":"wp","href":"https:\/\/api.w.org\/{rel}","templated":true}]}}