{"id":48787,"date":"2017-06-20T13:22:04","date_gmt":"2017-06-20T19:22:04","guid":{"rendered":"http:\/\/www.eloriente.net\/home\/?p=48787"},"modified":"2017-06-21T14:05:10","modified_gmt":"2017-06-21T20:05:10","slug":"la-cultura-la-ciudad-va-sanar-juan-pablo-vasconcelos","status":"publish","type":"post","link":"https:\/\/www.eloriente.net\/home\/2017\/06\/20\/la-cultura-la-ciudad-va-sanar-juan-pablo-vasconcelos\/","title":{"rendered":"ES LA CULTURA: La ciudad va a sanar, por Juan Pablo Vasconcelos"},"content":{"rendered":"<p><script src=\"\/\/pagead2.googlesyndication.com\/pagead\/js\/adsbygoogle.js\" async=\"\"><\/script><!-- BANNER ELORIENTE INCRUSTADO NOTAS --> <ins class=\"adsbygoogle\" style=\"display: inline-block; width: 300px; height: 250px;\" data-ad-client=\"ca-pub-1136171134853753\" data-ad-slot=\"7974633627\"><\/ins><script>\/\/ <![CDATA[\n(adsbygoogle = window.adsbygoogle || []).push({});\n\/\/ ]]><\/script><\/p>\n<p>&nbsp;<\/p>\n<p>eloriente.net<\/p>\n<p>20 de junio de 2017<\/p>\n<p>Por Juan Pablo Vasconcelos<\/p>\n<p><a href=\"https:\/\/twitter.com\/JPVmx\" target=\"_blank\">@JPVmx<\/a><\/p>\n<p>&nbsp;<\/p>\n<p><i><span style=\"font-weight: 400;\">\u201cA instancias del poeta Efra\u00edn Velasco, se present\u00f3 la primera de una serie de plaquettes de autoras y autores j\u00f3venes de la ciudad.<\/span><\/i><\/p>\n<p><i><span style=\"font-weight: 400;\">Ninguna dicha es mayor que formar parte de este despertar: la literatura es un remedio para tiempos convulsos\u201d. <\/span><\/i><\/p>\n<p>&nbsp;<\/p>\n<p><span style=\"font-weight: 400;\">La sustancia activa de los remedios hasta ahora experimentados, no ha dado los mejores resultados.<\/span><\/p>\n<p><span style=\"font-weight: 400;\">La f\u00f3rmula para hacer gobierno local combina un alto porcentaje de inversi\u00f3n en servicios b\u00e1sicos y su mantenimiento, otro tanto en control de crisis y contenci\u00f3n pol\u00edtica, y luego en peque\u00f1as dosis, la atenci\u00f3n de las tareas financieras y recaudatorias, el orden burocr\u00e1tico, el cumplimiento de solemnidades insalvables como la firma de convenios, las ceremonias inaugurales, los aplausos programados.<\/span><\/p>\n<p><span style=\"font-weight: 400;\">Esta f\u00f3rmula pudo servir para otros tiempos, pero ya no m\u00e1s para el nuestro.<\/span><\/p>\n<p><span style=\"font-weight: 400;\">Porque antes lo importante era el gobierno.<\/span><\/p>\n<p><span style=\"font-weight: 400;\">Una especie de raz\u00f3n superior a la cual hab\u00eda que fortalecer al m\u00e1ximo, brindarle atributos especial\u00edsimos y liderazgos intocables. Quienes ejerc\u00edan estas funciones, de hecho, eran depositarios de tratos preferenciales y hasta reverenciales. Como si se tratara de una religi\u00f3n, siempre hab\u00eda que estar de acuerdo con el gobierno, bajo pena de exilio o desolaci\u00f3n en caso contrario. Las energ\u00edas generales estaban destinadas a cumplir las razones institucionales, aunque fueran faltas de raz\u00f3n y a\u00fan de justicia.<\/span><\/p>\n<p><span style=\"font-weight: 400;\">Las injusticias poco importaron y solo ciertas voces, siempre al margen y en minor\u00eda, se mantuvieron alertas a la verdad, es decir, cr\u00edticas a \u201cla raz\u00f3n de estado\u201d.<\/span><\/p>\n<p><span style=\"font-weight: 400;\">Este modelo ya est\u00e1 superado. No es posible justificar o argumentar a favor de un lugar en el mundo en que el inter\u00e9s supremo sea la estructura gubernamental y sus otrora propietarios.<\/span><\/p>\n<p><span style=\"font-weight: 400;\">Hoy, lo m\u00e1s importante somos las personas y nuestro bienestar.<\/span><\/p>\n<p><span style=\"font-weight: 400;\">Y en esa medida, la organizaci\u00f3n estatal, los representantes p\u00fablicos y a\u00fan el marco jur\u00eddico se moldean, se reforman y se acotan. El gobierno es un instrumento. <\/span><\/p>\n<p><span style=\"font-weight: 400;\">Esto es absolutamente relevante, pues el cambio no solo es trascendente sino capital. Debido a esta transformaci\u00f3n, por ejemplo, hoy resulta impensable aducir la ley, el estado de derecho o la sola existencia de una regla, para justificar atropellos a los derechos humanos o un agravio a la dignidad de cualquiera. Menos a\u00fan l\u00edneas de mando u \u00f3rdenes superiores, incluso presidenciales.<\/span><\/p>\n<p><span style=\"font-weight: 400;\">Es rid\u00edculo (y no lo era) reprimir la libertad de expresi\u00f3n por el solo hecho de ostentar un cargo p\u00fablico, esperando que esa aura otorgada por el poder, protegiera impunemente de cualquier castigo por merecido que fuera.<\/span><\/p>\n<p><span style=\"font-weight: 400;\">Se acab\u00f3 la supremac\u00eda del gobierno, el imperio de las instituciones, la omnipotencia de los funcionarios.<\/span><\/p>\n<p><span style=\"font-weight: 400;\">Por eso, el servidor p\u00fablico tambi\u00e9n necesita adaptarse aut\u00e9nticamente a esta nueva condici\u00f3n, iniciando por asimilar para s\u00ed la naturaleza absolutamente finita, transitoria, circunstancial, de su cargo. La responsabilidad en sus manos no le pertenece, no est\u00e1 en el mercado, no es propiedad privada.<\/span><\/p>\n<p><span style=\"font-weight: 400;\">Esta es la raz\u00f3n por la que, entre otras cosas, hoy resulte tan condenable (y no lo era) que los cargos y los bienes a resguardo de un servidor p\u00fablico se utilicen como si se trataran de inventarios particulares.<\/span><\/p>\n<p><span style=\"font-weight: 400;\">Desde esta perspectiva, no el debilitamiento de la autoridad pero s\u00ed el desvanecimiento de la capa de potestad absoluta del gobierno, le viene bien a esa otra esfera del Estado que debemos impulsar al centro, a la relevancia indiscutible, que somos las personas, los ciudadanos, el pueblo, la poblaci\u00f3n, la gente o como deseemos llamarnos los seres humanos que compartimos esta tierra y este tiempo.<\/span><\/p>\n<p><script src=\"\/\/pagead2.googlesyndication.com\/pagead\/js\/adsbygoogle.js\" async=\"\"><\/script><!-- BANNER PEQUE\u00d1O PARA ENTRENOTAS EL ORIENTE --> <ins class=\"adsbygoogle\" style=\"display: inline-block; width: 468px; height: 60px;\" data-ad-client=\"ca-pub-1136171134853753\" data-ad-slot=\"4953536424\"><\/ins><script>\/\/ <![CDATA[\n(adsbygoogle = window.adsbygoogle || []).push({});\n\/\/ ]]><\/script><\/p>\n<p><span style=\"font-weight: 400;\">En esta cadena de argumentaciones, est\u00e1n las nuevas motivaciones para orientar el trabajo p\u00fablico.<\/span><\/p>\n<p><span style=\"font-weight: 400;\">Necesitamos estar pendientes de la expresi\u00f3n humana, del contexto cotidiano, y dejar atr\u00e1s otros h\u00e1bitos y tradiciones institucionales: actuar desde el gobierno solo para el gobierno por ejemplo, o peor a\u00fan, para el mandatario como figura impoluta, o bien, obedeciendo a grupos de poder espec\u00edficos. Cosa com\u00fan, cosa que debe quedar en el pasado.<\/span><\/p>\n<p><span style=\"font-weight: 400;\">Lo mejor es actuar desde el gobierno con esta conciencia de transitoriedad que permite nunca dejar de ser un ciudadano com\u00fan, es decir, inmerso en los problemas de la comunidad, en sus intereses e inquietudes.<\/span><\/p>\n<p><span style=\"font-weight: 400;\">Por eso, ha sido tan significativo el inicio de la edici\u00f3n de las plaquettes de poes\u00eda, cuyos autores son y ser\u00e1n j\u00f3venes de esta ciudad.<\/span><\/p>\n<p><span style=\"font-weight: 400;\">La primera, presentada el viernes pasado en la Coordinaci\u00f3n de las Culturas, Turismo y Econom\u00eda del municipio de Oaxaca de Ju\u00e1rez, es autor\u00eda de Marianna Estephania, cuya obra est\u00e1 imbuida de esta forma distinta, emergente, de mirar nuestro contexto, infundido de violencia, impunidad y enfatizando el dilema individual: c\u00f3mo asumir el vac\u00edo, la simulaci\u00f3n y la ligereza, que son signo de nuestro tiempo.<\/span><\/p>\n<p><span style=\"font-weight: 400;\">Marianna sin embargo tiene el m\u00e9rito de no temer y, por lo tanto, de no maquillar, ni de construir edenes donde solo hay infiernos.<\/span><\/p>\n<p><span style=\"font-weight: 400;\">Como para ella, tambi\u00e9n para otras autoras y autores se ha abierto una puerta in\u00e9dita con la aparici\u00f3n de este proyecto, largamente acariciado.<\/span><\/p>\n<p><span style=\"font-weight: 400;\">Ha sido a instancias del poeta Efra\u00edn Velasco que se est\u00e9 haciendo posible. Su inspirada forma de mirar, ha logrado adem\u00e1s que estas plaquettes sean sencillas pero con el buen gusto, el cuidado y el valor de la dignidad. Igualmente Alejandra Santiago, Directora de las Artes, Ver\u00f3nica Carrasco y el equipo municipal de las Culturas, han puesto gran empe\u00f1o.<\/span><\/p>\n<p><span style=\"font-weight: 400;\">Ciudadanos comunes todos que solo tenemos una forma de colaborar para sanar a la ciudad: haciendo arte, cultura, fomentando la identidad, el conocimiento y la convivencia, trabajando por la expresi\u00f3n humana.<\/span><\/p>\n<p><span style=\"font-weight: 400;\">Por cierto, el t\u00edtulo de este texto est\u00e1 inspirado en una canci\u00f3n de Drexler. Refiere al coraz\u00f3n, \u201cel coraz\u00f3n va a sanar\u201d, dice. En este caso, solo pensaba en esta frase mientras present\u00e1bamos la plaquette.<\/span><\/p>\n<p><span style=\"font-weight: 400;\">La ciudad solo va a sanar si cambiamos la f\u00f3rmula, la sustancia activa. Para tiempos convulsos y de enfermedades colectivas, literatura.<\/span><\/p>\n<p><a href=\"http:\/\/www.eloriente.net\/home\/wp-content\/uploads\/2017\/06\/IMG_20170616_222141.jpg\" rel=\"attachment wp-att-48788\"><img loading=\"lazy\" decoding=\"async\" class=\"alignnone wp-image-48788\" src=\"http:\/\/www.eloriente.net\/home\/wp-content\/uploads\/2017\/06\/IMG_20170616_222141.jpg\" alt=\"IMG_20170616_222141\" width=\"374\" height=\"499\" srcset=\"https:\/\/www.eloriente.net\/home\/wp-content\/uploads\/2017\/06\/IMG_20170616_222141.jpg 1200w, https:\/\/www.eloriente.net\/home\/wp-content\/uploads\/2017\/06\/IMG_20170616_222141-225x300.jpg 225w, https:\/\/www.eloriente.net\/home\/wp-content\/uploads\/2017\/06\/IMG_20170616_222141-768x1024.jpg 768w, https:\/\/www.eloriente.net\/home\/wp-content\/uploads\/2017\/06\/IMG_20170616_222141-1024x1365.jpg 1024w\" sizes=\"(max-width: 374px) 100vw, 374px\" \/><\/a><\/p>\n<p><b>Agradecimiento<\/b><\/p>\n<p><span style=\"font-weight: 400;\">Fue un privilegio que vinieras a verme C\u00e9sar Mart\u00ednez Bourguet (Premio a la mejor interpretaci\u00f3n de Sonata. Khachaturian International Cello Competition 2006), y m\u00e1s a\u00fan, que adem\u00e1s de tu calidez, me dejaras \u201cDans un Sommeil\u201d, un disco donde C\u00e9sar ejecuta el violoncello y Alejandro Barra\u00f1\u00f3n Cedillo, el piano.<\/span><\/p>\n<p><span style=\"font-weight: 400;\">La producci\u00f3n ejecutiva es de Geo Meneses, Ekaterine Mart\u00ednez y la FAHHO. El disco no es nuevo, pero como si lo fuera. La Sonata in A Menor \u201cArpeggione\u201d, es magistral. Imposible perder de vista el arte de C\u00e9sar. Gracias siempre.<\/span><\/p>\n<p><a href=\"http:\/\/www.eloriente.net\/home\/wp-content\/uploads\/2017\/06\/Captura-de-pantalla-2017-06-20-a-las-14.01.57.png\" rel=\"attachment wp-att-48789\"><img loading=\"lazy\" decoding=\"async\" class=\"alignnone wp-image-48789\" src=\"http:\/\/www.eloriente.net\/home\/wp-content\/uploads\/2017\/06\/Captura-de-pantalla-2017-06-20-a-las-14.01.57.png\" alt=\"Captura de pantalla 2017-06-20 a las 14.01.57\" width=\"386\" height=\"331\" srcset=\"https:\/\/www.eloriente.net\/home\/wp-content\/uploads\/2017\/06\/Captura-de-pantalla-2017-06-20-a-las-14.01.57.png 1442w, https:\/\/www.eloriente.net\/home\/wp-content\/uploads\/2017\/06\/Captura-de-pantalla-2017-06-20-a-las-14.01.57-300x258.png 300w, https:\/\/www.eloriente.net\/home\/wp-content\/uploads\/2017\/06\/Captura-de-pantalla-2017-06-20-a-las-14.01.57-768x659.png 768w, https:\/\/www.eloriente.net\/home\/wp-content\/uploads\/2017\/06\/Captura-de-pantalla-2017-06-20-a-las-14.01.57-1024x879.png 1024w\" sizes=\"(max-width: 386px) 100vw, 386px\" \/><\/a><\/p>\n<p><strong>OTRAS ENTRADAS<\/strong><\/p>\n<p>&nbsp;<\/p>\n<div class=\"featuredpost\">\n<div class=\"flow_hide\">\n<h2 class=\"posttitle bigposttitle\"><a title=\"Enlace Permanente a 5 vacantes para Contadores #MartesDeVacantes\" href=\"http:\/\/www.eloriente.net\/home\/2017\/06\/20\/5-vacantes-contadores-martesdevacantes-5\/\" rel=\"bookmark\">5 vacantes para Contadores #MartesDeVacantes<\/a><\/h2>\n<\/div>\n<p>(www.eloriente.net, M\u00e9xico, a 20 de junio de 2017).- Conscientes de la importancia para la ciudadan\u00eda en general de la b\u00fasqueda de nuevas oportunidades de crecimiento profesional, ponemos\u2026<\/p>\n<p class=\"postmeta\"><span class=\"meta_date\">junio 20, 2017<\/span><\/p>\n<div class=\"toolbar-social\"><\/div>\n<\/div>\n<div class=\"featuredpost\">\n<div class=\"flow_hide\">\n<p><a href=\"http:\/\/www.eloriente.net\/home\/2017\/06\/16\/videocolumna-necesitamos-defender-la-democracia-karina-baron\/\" rel=\"bookmark\"><img decoding=\"async\" class=\"alignleft\" title=\"VIDEOCOLUMNA: Necesitamos defender la democracia, por Karina Bar\u00f3n\" src=\"http:\/\/www.eloriente.net\/home\/wp-content\/themes\/city-desk\/timthumb.php?src=http%3A%2F%2Fwww.eloriente.net%2Fhome%2Fwp-content%2Fuploads%2F2017%2F06%2FKARINA-BARO%CC%81N-12-DE-JUNIO-2017.jpg&amp;q=90&amp;w=70&amp;h=45&amp;zc=1\" alt=\"VIDEOCOLUMNA: Necesitamos defender la democracia, por Karina Bar\u00f3n\" \/><\/a><\/p>\n<h2 class=\"posttitle \"><a title=\"Enlace Permanente a VIDEOCOLUMNA: Necesitamos defender la democracia, por Karina Bar\u00f3n\" href=\"http:\/\/www.eloriente.net\/home\/2017\/06\/16\/videocolumna-necesitamos-defender-la-democracia-karina-baron\/\" rel=\"bookmark\">VIDEOCOLUMNA: Necesitamos defender la democracia, por Karina Bar\u00f3n<\/a><\/h2>\n<\/div>\n<p>eloriente.net 16 de junio de 2017 \u201cDespu\u00e9s de las terribles demostraciones antidemocr\u00e1ticas del PRI, en las pasadas elecciones del Estado de M\u00e9xico o en Coahuila, lo menos\u2026<\/p>\n<p class=\"postmeta\"><span class=\"meta_date\">junio 16, 2017<\/span><\/p>\n<div class=\"toolbar-social\"><\/div>\n<\/div>\n<div class=\"featuredpost\">\n<div class=\"flow_hide\">\n<p><a href=\"http:\/\/www.eloriente.net\/home\/2017\/06\/16\/videocolumna-turismo-naranja-juan-antonio-gomez\/\" rel=\"bookmark\"><img decoding=\"async\" class=\"alignleft\" title=\"VIDEOCOLUMNA: Turismo naranja. Por Juan Antonio G\u00f3mez\" src=\"http:\/\/www.eloriente.net\/home\/wp-content\/themes\/city-desk\/timthumb.php?src=http%3A%2F%2Fwww.eloriente.net%2Fhome%2Fwp-content%2Fuploads%2F2017%2F06%2FJUAN-ANTONIO-GO%CC%81MEZ-4-DE-JUNIO-2017-1.jpg&amp;q=90&amp;w=70&amp;h=45&amp;zc=1\" alt=\"VIDEOCOLUMNA: Turismo naranja. Por Juan Antonio G\u00f3mez\" \/><\/a><\/p>\n<h2 class=\"posttitle \"><a title=\"Enlace Permanente a VIDEOCOLUMNA: Turismo naranja. Por Juan Antonio G\u00f3mez\" href=\"http:\/\/www.eloriente.net\/home\/2017\/06\/16\/videocolumna-turismo-naranja-juan-antonio-gomez\/\" rel=\"bookmark\">VIDEOCOLUMNA: Turismo naranja. Por Juan Antonio G\u00f3mez<\/a><\/h2>\n<\/div>\n<p>eloriente.net 16 de junio de 2017 \u201cEn \u00faltimos a\u00f1os, el turismo cultural ha crecido de manera exponencial en nuestro pa\u00eds como en el mundo en general. La\u2026<\/p>\n<p class=\"postmeta\"><span class=\"meta_date\">junio 16, 2017<\/span><\/p>\n<\/div>\n<p>&nbsp;<\/p>\n\n\t\t\t  <div \n\t\t\t  \tclass = \"fb-comments\" \n\t\t\t  \tdata-href = \"https:\/\/www.eloriente.net\/home\/2017\/06\/20\/la-cultura-la-ciudad-va-sanar-juan-pablo-vasconcelos\/\"\n\t\t\t  \tdata-numposts = \"10\"\n\t\t\t\tdata-colorscheme = \"dark\"\n\t\t\t\tdata-order-by = \"social\"\n\t\t\t\tdata-mobile=true>\n\t\t\t  <\/div>\n\t\t  <style>\n\t\t\t.fb_iframe_widget_fluid_desktop iframe {\n\t\t\t    width: 100% !important;\n\t\t\t}\n\t\t  <\/style>\n\t\t  ","protected":false},"excerpt":{"rendered":"<p>&nbsp; eloriente.net 20 de junio de 2017 Por Juan Pablo Vasconcelos @JPVmx &nbsp; \u201cA instancias del poeta Efra\u00edn Velasco, se present\u00f3 la primera de una serie de plaquettes de autoras y autores j\u00f3venes de la ciudad. Ninguna dicha es mayor que formar parte de este despertar: la literatura es un remedio para tiempos convulsos\u201d. &nbsp; [&hellip;]<\/p>\n","protected":false},"author":13,"featured_media":7637,"comment_status":"open","ping_status":"open","sticky":false,"template":"","format":"standard","meta":{"_jetpack_memberships_contains_paid_content":false,"footnotes":""},"categories":[11,4300,18,32,63,54,464,31],"tags":[1046,879,241,7229,277,1285,2101,149,73,197,383],"class_list":["post-48787","post","type-post","status-publish","format-standard","has-post-thumbnail","hentry","category-colaboradores","category-comunicacion","category-educacion-y-cultura","category-entradas","category-estados","category-juan-pablo-vasconcelos","category-oaxaca-estados","category-principal","tag-ciudad","tag-columna","tag-cultura","tag-es-la-cultura","tag-gobierno","tag-juan-pablo-vasconcelos-2","tag-letras","tag-musica","tag-oaxaca","tag-opinion","tag-poesia"],"jetpack_featured_media_url":"https:\/\/www.eloriente.net\/home\/wp-content\/uploads\/2013\/01\/ciudad-de-oaxaca.jpeg","jetpack_sharing_enabled":true,"_links":{"self":[{"href":"https:\/\/www.eloriente.net\/home\/wp-json\/wp\/v2\/posts\/48787"}],"collection":[{"href":"https:\/\/www.eloriente.net\/home\/wp-json\/wp\/v2\/posts"}],"about":[{"href":"https:\/\/www.eloriente.net\/home\/wp-json\/wp\/v2\/types\/post"}],"author":[{"embeddable":true,"href":"https:\/\/www.eloriente.net\/home\/wp-json\/wp\/v2\/users\/13"}],"replies":[{"embeddable":true,"href":"https:\/\/www.eloriente.net\/home\/wp-json\/wp\/v2\/comments?post=48787"}],"version-history":[{"count":4,"href":"https:\/\/www.eloriente.net\/home\/wp-json\/wp\/v2\/posts\/48787\/revisions"}],"predecessor-version":[{"id":48805,"href":"https:\/\/www.eloriente.net\/home\/wp-json\/wp\/v2\/posts\/48787\/revisions\/48805"}],"wp:featuredmedia":[{"embeddable":true,"href":"https:\/\/www.eloriente.net\/home\/wp-json\/wp\/v2\/media\/7637"}],"wp:attachment":[{"href":"https:\/\/www.eloriente.net\/home\/wp-json\/wp\/v2\/media?parent=48787"}],"wp:term":[{"taxonomy":"category","embeddable":true,"href":"https:\/\/www.eloriente.net\/home\/wp-json\/wp\/v2\/categories?post=48787"},{"taxonomy":"post_tag","embeddable":true,"href":"https:\/\/www.eloriente.net\/home\/wp-json\/wp\/v2\/tags?post=48787"}],"curies":[{"name":"wp","href":"https:\/\/api.w.org\/{rel}","templated":true}]}}