{"id":49315,"date":"2017-07-27T17:20:43","date_gmt":"2017-07-27T23:20:43","guid":{"rendered":"http:\/\/www.eloriente.net\/home\/?p=49315"},"modified":"2017-07-31T11:34:10","modified_gmt":"2017-07-31T17:34:10","slug":"oaxaca-seguire-impulsando-leyes-favor-la-comunidad-lgbttti-hilda-perez","status":"publish","type":"post","link":"https:\/\/www.eloriente.net\/home\/2017\/07\/27\/oaxaca-seguire-impulsando-leyes-favor-la-comunidad-lgbttti-hilda-perez\/","title":{"rendered":"OAXACA:  Leyes a favor de la comunidad LGBTTTI; Hilda P\u00e9rez"},"content":{"rendered":"<p><script src=\"\/\/pagead2.googlesyndication.com\/pagead\/js\/adsbygoogle.js\" async=\"\"><\/script><!-- BANNER ELORIENTE INCRUSTADO NOTAS --> <ins class=\"adsbygoogle\" style=\"display: inline-block; width: 300px; height: 250px;\" data-ad-client=\"ca-pub-1136171134853753\" data-ad-slot=\"7974633627\"><\/ins><script>\/\/ <![CDATA[\n(adsbygoogle = window.adsbygoogle || []).push({});\n\/\/ ]]><\/script><\/p>\n<p>&nbsp;<\/p>\n<p>eloriente.net<\/p>\n<p>27 de julio de 2017<\/p>\n<p><span style=\"font-weight: 400;\">Velar porque existan condiciones que permitan a cada persona, sin distinci\u00f3n alguna, gozar de cada uno de los derechos proclamados como universales, seguir\u00e9 impulsando leyes a favor de la comunidad LGBTTTI, expres\u00f3 la diputada del partido Morena, Hilda P\u00e9rez Luis durante los festejos de la \u00a0Vela Vinnii Gaxhee, en donde coron\u00f3 \u00a0a Fernanda Primera quien tiene la responsabilidad de representar a este sector.<\/span><\/p>\n<p>P\u00e9rez Luis destac\u00f3 que desde el Congreso del Estado he presentado iniciativas a favor del matrimonio igualitario, as\u00ed tambi\u00e9n present\u00f3 \u00a0iniciativa para establecer el procedimiento para aquellas personas que soliciten el reconocimiento de la identidad de g\u00e9nero, lo anterior con la intenci\u00f3n de coadyuvar a mejorar las condiciones de vida y de respaldar la lucha que ha emprendido la comunidad \u00a0de la diversidad sexual a favor del reconocimiento pleno de sus derechos.<\/p>\n<p>En este contexto la legisladora morenista manifest\u00f3 su benepl\u00e1cito por asistir a esta vela que tiene una gran importancia porque se ve plasmado el sue\u00f1o de un grupo que con \u00a0esfuerzo compartido hicieron visible una de las formas de discriminaci\u00f3n que laceran a nuestra sociedad.<\/p>\n<p>\u201cPara m\u00ed, es un honor formar parte de esta celebraci\u00f3n, muestra de esfuerzo y perseverancia de cada una de las aqu\u00ed presentes\u201d.<\/p>\n<p><script src=\"\/\/pagead2.googlesyndication.com\/pagead\/js\/adsbygoogle.js\" async=\"\"><\/script><!-- BANNER PEQUE\u00d1O PARA ENTRENOTAS EL ORIENTE --> <ins class=\"adsbygoogle\" style=\"display: inline-block; width: 468px; height: 60px;\" data-ad-client=\"ca-pub-1136171134853753\" data-ad-slot=\"4953536424\"><\/ins><script>\/\/ <![CDATA[\n(adsbygoogle = window.adsbygoogle || []).push({});\n\/\/ ]]><\/script><\/p>\n<p>La representante popular dijo que se suma al llamado que han hecho diferentes organismos internacionales y nacionales de derechos humanos para luchar en contra de la lesbo, homo, bi y transfobia. \u201cLa comunidad diversa vive discriminaci\u00f3n, marginaci\u00f3n, y violencia. Son lamentables \u00a0los cr\u00edmenes de odio que se cometen contra la comunidad LGBTTTI. Quienes vivimos en Oaxaca, sabemos \u00a0de la importancia social, cultural y econ\u00f3mica que la sociedad diversa representa\u201d.<\/p>\n<p>Agreg\u00f3 que garantizar los derechos de cada una de las personas es una tarea que reclama una acci\u00f3n conjunta de Gobierno y sociedad, por ello es deber de todas y todos trabajar corresponsablemente en la promoci\u00f3n y defensa del derecho a no ser discriminados por ning\u00fan motivo.<\/p>\n<p><span style=\"font-weight: 400;\">\u201cLa discriminaci\u00f3n reduce las libertades p\u00fablicas; excluye de las oportunidades de desarrollo a los m\u00e1s vulnerables; impide avanzar en la consolidaci\u00f3n de una sociedad basada en la igualdad; y, sobre todo, niega la posibilidad de integrar en un proyecto compartido a quienes viven la diferencia y afirman su identidad a partir de su propio reconocimiento\u201d.<\/span><\/p>\n<p>Destac\u00f3 tambi\u00e9n que todas las personas tienen derechos iguales, independientemente de su identidad de g\u00e9nero y orientaci\u00f3n sexual.<\/p>\n<p>Finalmente se\u00f1al\u00f3 que conjuntando esfuerzos entre sociedad y gobierno se \u00a0podr\u00e1 fortalecer una cultura de igualdad de derechos entre las personas y se construir\u00e1 una sociedad justa y equitativa, respetuosa, solidaria e incluyente.<\/p>\n<p><a href=\"http:\/\/www.eloriente.net\/home\/wp-content\/uploads\/2017\/07\/Hilda-Luis-05.jpg\" rel=\"attachment wp-att-49316\"><img loading=\"lazy\" decoding=\"async\" class=\"alignnone wp-image-49316\" src=\"http:\/\/www.eloriente.net\/home\/wp-content\/uploads\/2017\/07\/Hilda-Luis-05.jpg\" alt=\"Hilda Luis 05\" width=\"604\" height=\"613\" srcset=\"https:\/\/www.eloriente.net\/home\/wp-content\/uploads\/2017\/07\/Hilda-Luis-05.jpg 835w, https:\/\/www.eloriente.net\/home\/wp-content\/uploads\/2017\/07\/Hilda-Luis-05-296x300.jpg 296w, https:\/\/www.eloriente.net\/home\/wp-content\/uploads\/2017\/07\/Hilda-Luis-05-768x779.jpg 768w, https:\/\/www.eloriente.net\/home\/wp-content\/uploads\/2017\/07\/Hilda-Luis-05-50x50.jpg 50w\" sizes=\"(max-width: 604px) 100vw, 604px\" \/><\/a><\/p>\n<p><strong>OTRAS ENTRADAS<\/strong><\/p>\n<div class=\"featuredpost\">\n<div class=\"flow_hide\">\n<h2 class=\"posttitle bigposttitle\"><a title=\"Enlace Permanente a Actividades Culturales en Oaxaca que no te puedes perder (del 27 de julio al 2 de agosto)\" href=\"http:\/\/www.eloriente.net\/home\/2017\/07\/27\/actividades-culturales-oaxaca-no-te-puedes-perder-del-27-julio-al-2-agosto\/\" rel=\"bookmark\">Actividades Culturales en Oaxaca que no te puedes perder (del 27 de julio al 2 de agosto)<\/a><\/h2>\n<\/div>\n<p>(www.eloriente.net; M\u00e9xico a 27 de julio de 2017).- Por Jessica Lamadrid \u00a0 En la agenda cultural de El Oriente de este semana encontrar\u00e1s actividades como: conferencias, exposiciones, conversatorios,\u2026<\/p>\n<p class=\"postmeta\"><span class=\"meta_date\">julio 27, 2017<\/span><\/p>\n<div class=\"toolbar-social\"><\/div>\n<\/div>\n<div class=\"featuredpost\">\n<div class=\"flow_hide\">\n<p><a href=\"http:\/\/www.eloriente.net\/home\/2017\/07\/26\/oaxaca-cine-movil-busca-difundir-septimo-arte-la-ninez-oaxaquena\/\" rel=\"bookmark\"><img decoding=\"async\" class=\"alignleft\" title=\"OAXACA: Cine M\u00f3vil busca difundir el S\u00e9ptimo Arte en la ni\u00f1ez oaxaque\u00f1a\" src=\"http:\/\/www.eloriente.net\/home\/wp-content\/themes\/city-desk\/timthumb.php?src=http%3A%2F%2Fwww.eloriente.net%2Fhome%2Fwp-content%2Fuploads%2F2017%2F07%2FCine-mo%CC%81vil-01.jpg&amp;q=90&amp;w=70&amp;h=45&amp;zc=1\" alt=\"OAXACA: Cine M\u00f3vil busca difundir el S\u00e9ptimo Arte en la ni\u00f1ez oaxaque\u00f1a\" \/><\/a><\/p>\n<h2 class=\"posttitle \"><a title=\"Enlace Permanente a OAXACA: Cine M\u00f3vil busca difundir el S\u00e9ptimo Arte en la ni\u00f1ez oaxaque\u00f1a\" href=\"http:\/\/www.eloriente.net\/home\/2017\/07\/26\/oaxaca-cine-movil-busca-difundir-septimo-arte-la-ninez-oaxaquena\/\" rel=\"bookmark\">OAXACA: Cine M\u00f3vil busca difundir el S\u00e9ptimo Arte en la ni\u00f1ez oaxaque\u00f1a<\/a><\/h2>\n<\/div>\n<p>eloriente.net 26 de julio de 2017 En cumplimiento con su responsabilidad Legislativa de difundir las artes en todas sus formas, enriquecer la cultura y reforzar la educaci\u00f3n\u2026<\/p>\n<p class=\"postmeta\"><span class=\"meta_date\">julio 26, 2017<\/span><\/p>\n<div class=\"toolbar-social\"><\/div>\n<\/div>\n<div class=\"featuredpost\">\n<div class=\"flow_hide\">\n<p><a href=\"http:\/\/www.eloriente.net\/home\/2017\/07\/26\/curso-apoyo-cuidadores-informales-personas-envejecidas-educaciononline\/\" rel=\"bookmark\"><img decoding=\"async\" class=\"alignleft\" title=\"Curso de Apoyo para Cuidadores Informales de Personas Envejecidas #Educaci\u00f3nOnline\" src=\"http:\/\/www.eloriente.net\/home\/wp-content\/themes\/city-desk\/timthumb.php?src=http%3A%2F%2Fwww.eloriente.net%2Fhome%2Fwp-content%2Fuploads%2F2017%2F07%2Fgranny-2347552_1920.jpg&amp;q=90&amp;w=70&amp;h=45&amp;zc=1\" alt=\"Curso de Apoyo para Cuidadores Informales de Personas Envejecidas #Educaci\u00f3nOnline\" \/><\/a><\/p>\n<h2 class=\"posttitle \"><a title=\"Enlace Permanente a Curso de Apoyo para Cuidadores Informales de Personas Envejecidas #Educaci\u00f3nOnline\" href=\"http:\/\/www.eloriente.net\/home\/2017\/07\/26\/curso-apoyo-cuidadores-informales-personas-envejecidas-educaciononline\/\" rel=\"bookmark\">Curso de Apoyo para Cuidadores Informales de Personas Envejecidas #Educaci\u00f3nOnline<\/a><\/h2>\n<\/div>\n<p>(www.eloriente.net; M\u00e9xico a 26 de julio de 2017).- Por Jessica Lamadrid El curso gratuito en l\u00ednea \u201cApoyo para Cuidadores Informales de Personas Envejecidas\u201d fue puesto a disposici\u00f3n para\u2026<\/p>\n<p class=\"postmeta\"><span class=\"meta_date\">julio 26, 2017<\/span><\/p>\n<\/div>\n\n\t\t\t  <div \n\t\t\t  \tclass = \"fb-comments\" \n\t\t\t  \tdata-href = \"https:\/\/www.eloriente.net\/home\/2017\/07\/27\/oaxaca-seguire-impulsando-leyes-favor-la-comunidad-lgbttti-hilda-perez\/\"\n\t\t\t  \tdata-numposts = \"10\"\n\t\t\t\tdata-colorscheme = \"dark\"\n\t\t\t\tdata-order-by = \"social\"\n\t\t\t\tdata-mobile=true>\n\t\t\t  <\/div>\n\t\t  <style>\n\t\t\t.fb_iframe_widget_fluid_desktop iframe {\n\t\t\t    width: 100% !important;\n\t\t\t}\n\t\t  <\/style>\n\t\t  ","protected":false},"excerpt":{"rendered":"<p>&nbsp; eloriente.net 27 de julio de 2017 Velar porque existan condiciones que permitan a cada persona, sin distinci\u00f3n alguna, gozar de cada uno de los derechos proclamados como universales, seguir\u00e9 impulsando leyes a favor de la comunidad LGBTTTI, expres\u00f3 la diputada del partido Morena, Hilda P\u00e9rez Luis durante los festejos de la \u00a0Vela Vinnii Gaxhee, [&hellip;]<\/p>\n","protected":false},"author":44,"featured_media":49316,"comment_status":"open","ping_status":"open","sticky":false,"template":"","format":"standard","meta":{"_jetpack_memberships_contains_paid_content":false,"footnotes":""},"categories":[4300,1588,91,22,32,63,16,464,21],"tags":[8065,7986,4428,4195,496,8081,4162,1290,2362],"class_list":["post-49315","post","type-post","status-publish","format-standard","has-post-thumbnail","hentry","category-comunicacion","category-comunicados-y-boletines","category-congreso-y-justicia","category-derechos-humanos","category-entradas","category-estados","category-salud-y-estilo-de-vida","category-oaxaca-estados","category-politica-y-gobierno","tag-8065","tag-63-legislatura","tag-boletin","tag-comunicado","tag-diputada","tag-hilda-perez","tag-legislatura","tag-lgbttti","tag-morena"],"jetpack_featured_media_url":"https:\/\/www.eloriente.net\/home\/wp-content\/uploads\/2017\/07\/Hilda-Luis-05.jpg","jetpack_sharing_enabled":true,"_links":{"self":[{"href":"https:\/\/www.eloriente.net\/home\/wp-json\/wp\/v2\/posts\/49315"}],"collection":[{"href":"https:\/\/www.eloriente.net\/home\/wp-json\/wp\/v2\/posts"}],"about":[{"href":"https:\/\/www.eloriente.net\/home\/wp-json\/wp\/v2\/types\/post"}],"author":[{"embeddable":true,"href":"https:\/\/www.eloriente.net\/home\/wp-json\/wp\/v2\/users\/44"}],"replies":[{"embeddable":true,"href":"https:\/\/www.eloriente.net\/home\/wp-json\/wp\/v2\/comments?post=49315"}],"version-history":[{"count":2,"href":"https:\/\/www.eloriente.net\/home\/wp-json\/wp\/v2\/posts\/49315\/revisions"}],"predecessor-version":[{"id":49343,"href":"https:\/\/www.eloriente.net\/home\/wp-json\/wp\/v2\/posts\/49315\/revisions\/49343"}],"wp:featuredmedia":[{"embeddable":true,"href":"https:\/\/www.eloriente.net\/home\/wp-json\/wp\/v2\/media\/49316"}],"wp:attachment":[{"href":"https:\/\/www.eloriente.net\/home\/wp-json\/wp\/v2\/media?parent=49315"}],"wp:term":[{"taxonomy":"category","embeddable":true,"href":"https:\/\/www.eloriente.net\/home\/wp-json\/wp\/v2\/categories?post=49315"},{"taxonomy":"post_tag","embeddable":true,"href":"https:\/\/www.eloriente.net\/home\/wp-json\/wp\/v2\/tags?post=49315"}],"curies":[{"name":"wp","href":"https:\/\/api.w.org\/{rel}","templated":true}]}}