{"id":49458,"date":"2017-08-07T13:09:19","date_gmt":"2017-08-07T19:09:19","guid":{"rendered":"http:\/\/www.eloriente.net\/home\/?p=49458"},"modified":"2017-08-14T17:18:41","modified_gmt":"2017-08-14T23:18:41","slug":"la-cultura-sentido-juan-pablo-vasconcelos","status":"publish","type":"post","link":"https:\/\/www.eloriente.net\/home\/2017\/08\/07\/la-cultura-sentido-juan-pablo-vasconcelos\/","title":{"rendered":"ES LA CULTURA: El sentido. Por Juan Pablo Vasconcelos"},"content":{"rendered":"<p><script src=\"\/\/pagead2.googlesyndication.com\/pagead\/js\/adsbygoogle.js\" async=\"\"><\/script><!-- BANNER ELORIENTE INCRUSTADO NOTAS --> <ins class=\"adsbygoogle\" style=\"display: inline-block; width: 300px; height: 250px;\" data-ad-client=\"ca-pub-1136171134853753\" data-ad-slot=\"7974633627\"><\/ins><script>\/\/ <![CDATA[\n(adsbygoogle = window.adsbygoogle || []).push({});\n\/\/ ]]><\/script><\/p>\n<p>&nbsp;<\/p>\n<p>eloriente.net<\/p>\n<p>7 de agosto de 2017<\/p>\n<p>Por Juan Pablo Vasconcelos<\/p>\n<p><a href=\"https:\/\/twitter.com\/JPVmx\" target=\"_blank\">@JPVmx<\/a><\/p>\n<p>&nbsp;<\/p>\n<p><i><span style=\"font-weight: 400;\">\u201cLas \u00faltimas l\u00edneas de la semana pasada: \u2026el tiempo no es problema. Al contrario, es un aliado magn\u00edfico. Nos soluciona confusiones, hace que olvidemos el amor mal correspondido. Si hay un problema, somos nosotros. Que pasamos sin mirar.\u201d.<\/span><\/i><\/p>\n<p>&nbsp;<\/p>\n<p><span style=\"font-weight: 400;\">Sumidos en la inercia, la vida pasa y va asemej\u00e1ndose al proceso biol\u00f3gico que nos ense\u00f1aron desde muy temprano: nacer, crecer, reproducirse y morir. A simple vista, parece tan sencillo. Y lo es, si uno cierra los ojos y anda como un son\u00e1mbulo por la pista de los a\u00f1os, hasta caer derrotado por el despertar, que es la muerte.<\/span><\/p>\n<p><span style=\"font-weight: 400;\">Lo es, si uno decide aceptar las imposiciones, si anda sin esfuerzo y se ahorra la labor de vivir. Si contin\u00faa las instrucciones sociales preguntando nada, aceptando todo.<\/span><\/p>\n<p><span style=\"font-weight: 400;\">Algo es seguro: al pasar de los a\u00f1os, la humanidad se ha inventado unos caminos por donde transitar ordenada y pasivamente. Esas rutas han sido relativamente exitosas, pues a excepci\u00f3n de ciertos territorios, la barbarie generalizada ha dado tregua. Sin embargo, enfatizo esa larga palabra, \u201crelativamente\u201d, porque seguir las sendas tiene un alto costo por cubrir y se paga con tiempo.<\/span><\/p>\n<p><span style=\"font-weight: 400;\">Hace algunos a\u00f1os, un amigo me dijo algo aplicable al hilo de estas letras: \u201cpi\u00e9nsalo bien, de alguna manera, todo lo que tenemos en la vida es un poco de tiempo, es la \u00fanica propiedad, el bien \u00fanico\u201d. As\u00ed visto, \u00bfcon cu\u00e1nto tiempo pagar\u00edas el estudiar una carrera que no te gusta? \u00bfCu\u00e1nto tiempo a cambio de enamorar a una mujer que no te corresponde? \u00bfCu\u00e1nto por cumplir una orden que no te seduce, ni te convence, ni te engrandece, pero que te llevar\u00e1 largo tiempo ejecutar y padecer?<\/span><\/p>\n<p><span style=\"font-weight: 400;\">Hasta que se termina.<\/span><\/p>\n<p><span style=\"font-weight: 400;\">Porque \u00e9ste es el gran problema de continuar la inercia de vivir. Todo se termina antes de dar inicio.<\/span><\/p>\n<p><script src=\"\/\/pagead2.googlesyndication.com\/pagead\/js\/adsbygoogle.js\" async=\"\"><\/script><!-- BANNER PEQUE\u00d1O PARA ENTRENOTAS EL ORIENTE --> <ins class=\"adsbygoogle\" style=\"display: inline-block; width: 468px; height: 60px;\" data-ad-client=\"ca-pub-1136171134853753\" data-ad-slot=\"4953536424\"><\/ins><script>\/\/ <![CDATA[\n(adsbygoogle = window.adsbygoogle || []).push({});\n\/\/ ]]><\/script><\/p>\n<p><span style=\"font-weight: 400;\">Lo contrario de ir con la inercia, es ir con sentido.<\/span><\/p>\n<p><span style=\"font-weight: 400;\">Un ir que solamente los seres humanos podemos ejercer. Dotando a cada paso de significado, disfrute, trascendencia. Cada segundo, minuto de nuestras vidas, sinti\u00e9ndolo a profundidad, con emoci\u00f3n.<\/span><\/p>\n<p><span style=\"font-weight: 400;\">A simple vista, parece sencillo. Sin embargo su complejidad radica en que esa senda no es la dominante entre nosotros, habituados m\u00e1s bien a continuar los caminos marcados, a sacrificar la libertad propia a cambio de una especie de libertad difusa que nunca sabemos bien a bien c\u00f3mo se digiere.<\/span><\/p>\n<p><span style=\"font-weight: 400;\">La comprensi\u00f3n de eso \u00faltimo es clave. Porque si bien conocemos de algo denominado felicidad social, bien com\u00fan, bienestar colectivo, o como se le desee llamar, tambi\u00e9n es cierto que la responsabilidad de vivir es personal, con las decisiones, estilos, formas, que esto conlleva.<\/span><\/p>\n<p><span style=\"font-weight: 400;\">Es personal, subjetiva, es decir, interior.<\/span><\/p>\n<p><span style=\"font-weight: 400;\">Por eso el arte resulta tan de relieve para los seres humanos. Es una especie de c\u00f3digo interior para hablarnos a nosotros mismos, comunicarnos a profundidad, tocarnos el humor, saciar la \u00edntima necesidad de expresi\u00f3n.<\/span><\/p>\n<p><span style=\"font-weight: 400;\">De alguna manera, el arte rompe la inercia de vivir hacia el exterior y por un momento nos lanza al camino interior, que es por cierto el \u00fanico al cual accedemos desde el primer respiro hasta el \u00faltimo suspiro, cuya voz se va transformando con nosotros, crece, se hace m\u00e1s o menos hostil cuando nos habla al o\u00eddo, trat\u00e1ndonos como al ni\u00f1o que fuimos o como el viejo que nos sentimos.<\/span><\/p>\n<p><span style=\"font-weight: 400;\">\u00bfEsa voz eres t\u00fa?<\/span><\/p>\n<p><span style=\"font-weight: 400;\">Solamente t\u00fa lo sabes. D\u00edmelo. \u00bfEs verdad que a veces no te reconoces? \u00bfEs cierto que durante ciertos lapsos enmudeci\u00f3 ese sonido interior y entonces el extrav\u00edo fue incesante?<\/span><\/p>\n<p><span style=\"font-weight: 400;\">Por todo, cualquier sacrificio es insignificante comparado con el hecho demoledor de dejar de escucharse a uno mismo.<\/span><\/p>\n<p><span style=\"font-weight: 400;\">Como tambi\u00e9n, ninguna dicha es tan completa como esa que brota de ti, aut\u00e9ntica, y se expresa con libertad. Entonces, tus actos son tuyos verdaderamente y llegan a la c\u00faspide de sus posibilidades al compartirse con el otro, con otros. <\/span><\/p>\n<p>&nbsp;<\/p>\n<p><span style=\"font-weight: 400;\">Hace algunos d\u00edas, con un querido amigo, analiz\u00e1bamos ciertos acontecimientos p\u00fablicos. Y luego de ponerle sal y pimienta \u2014cuando se trata de esos temas siempre es necesaria m\u00e1s pimienta\u2014, me dec\u00eda que trat\u00e1ndose de cierto personaje, nos pod\u00eda gustar o no lo que hace, pero que siempre era notorio \u201csu toque\u201d, \u201csu estilo\u201d.<\/span><\/p>\n<p><span style=\"font-weight: 400;\">Vaya dicha, le respond\u00ed. De alguna manera, ese personaje es un artista. Trabaja con la materia sensible m\u00e1s a la mano, sin dependencia alguna, y con la plena seguridad de que su ser se extendi\u00f3 m\u00e1s all\u00e1 de su cuerpo, m\u00e1s all\u00e1 incluso de su imaginaci\u00f3n y de sus limitadas fuerzas.<\/span><\/p>\n<p><span style=\"font-weight: 400;\">Lo hace todo con la intenci\u00f3n de llevar algo de s\u00ed a los dem\u00e1s, con sinceridad y afecto. Como solamente pueden hacerlo quienes desaf\u00edan la inercia, los estilos ego\u00edstas, la obediencia.<\/span><\/p>\n<p><span style=\"font-weight: 400;\">Lo hace todo por contagiar a otros, por ayudar a otros, a que aprecien de nuevo el hecho de escucharse a s\u00ed mismos, y vuelvan a reconocerse, a acompa\u00f1arse en la soledad, a sentir que hay un sentido.<\/span><\/p>\n<p><span style=\"font-weight: 400;\">El \u00fanico sentido posible: el interior.<\/span><\/p>\n<p><a href=\"http:\/\/www.eloriente.net\/home\/wp-content\/uploads\/2017\/08\/3455336967_c9bc998c98_b.jpg\" rel=\"attachment wp-att-49459\"><img loading=\"lazy\" decoding=\"async\" class=\"alignnone wp-image-49459\" src=\"http:\/\/www.eloriente.net\/home\/wp-content\/uploads\/2017\/08\/3455336967_c9bc998c98_b-1024x768.jpg\" alt=\"sentido direcci\u00f3n\" width=\"600\" height=\"450\" srcset=\"https:\/\/www.eloriente.net\/home\/wp-content\/uploads\/2017\/08\/3455336967_c9bc998c98_b.jpg 1024w, https:\/\/www.eloriente.net\/home\/wp-content\/uploads\/2017\/08\/3455336967_c9bc998c98_b-300x225.jpg 300w, https:\/\/www.eloriente.net\/home\/wp-content\/uploads\/2017\/08\/3455336967_c9bc998c98_b-768x576.jpg 768w\" sizes=\"(max-width: 600px) 100vw, 600px\" \/><\/a><\/p>\n<p><strong>OTRAS ENTRADAS<\/strong><\/p>\n<div class=\"featuredpost\">\n<div class=\"flow_hide\">\n<h2 class=\"posttitle bigposttitle\"><a title=\"Enlace Permanente a DEPORTES: Cr\u00f3nicas Beisboleras: Parteaguas en la historia. Por Jaime Palau\" href=\"http:\/\/www.eloriente.net\/home\/2017\/08\/07\/deportes-cronicas-beisboleras-parteaguas-la-historia-jaime-palau\/\" rel=\"bookmark\">DEPORTES: Cr\u00f3nicas Beisboleras: Parteaguas en la historia. Por Jaime Palau<\/a><\/h2>\n<\/div>\n<p>(www.eloriente.net, M\u00e9xico, a 7 de agosto de 2017, por Jaime Palau Ranz).-\u00a0Cuando se inform\u00f3 que la presente temporada ser\u00eda jugada por los Guerreros de Oaxaca y los\u2026<\/p>\n<p class=\"postmeta\"><span class=\"meta_date\">agosto 7, 2017<\/span><\/p>\n<div class=\"toolbar-social\"><\/div>\n<\/div>\n<div class=\"featuredpost\">\n<div class=\"flow_hide\">\n<h2 class=\"posttitle \"><a title=\"Enlace Permanente a Plan de saneamiento para el R\u00edo Atoyac #UnOrienteVerde\" href=\"http:\/\/www.eloriente.net\/home\/2017\/08\/07\/plan-saneamiento-rio-atoyac-unorienteverde\/\" rel=\"bookmark\">Plan de saneamiento para el R\u00edo Atoyac #UnOrienteVerde<\/a><\/h2>\n<\/div>\n<p>(www.eloriente.net; M\u00e9xico a 07 de agosto de 2017).- Por Jessica Lamadrid \u00a0 Continuar\u00e1n acciones de limpieza en el R\u00edo Atoyac como seguimiento al Plan de Acci\u00f3n para el\u2026<\/p>\n<p class=\"postmeta\"><span class=\"meta_date\">agosto 7, 2017<\/span><\/p>\n<div class=\"toolbar-social\"><\/div>\n<\/div>\n<div class=\"featuredpost\">\n<div class=\"flow_hide\">\n<p><a href=\"http:\/\/www.eloriente.net\/home\/2017\/08\/07\/oaxaca-63-legislatura-elegira-candidatos-la-comision-seleccion-del-comite-participacion-ciudadana\/\" rel=\"bookmark\"><img decoding=\"async\" class=\"alignleft\" title=\"OAXACA: 63 Legislatura elegir\u00e1 candidatos para la Comisi\u00f3n de Selecci\u00f3n del Comit\u00e9 de Participaci\u00f3n Ciudadana\" src=\"http:\/\/www.eloriente.net\/home\/wp-content\/themes\/city-desk\/timthumb.php?src=http%3A%2F%2Fwww.eloriente.net%2Fhome%2Fwp-content%2Fuploads%2F2017%2F08%2FConvoca-Congreso.jpg&amp;q=90&amp;w=70&amp;h=45&amp;zc=1\" alt=\"OAXACA: 63 Legislatura elegir\u00e1 candidatos para la Comisi\u00f3n de Selecci\u00f3n del Comit\u00e9 de Participaci\u00f3n Ciudadana\" \/><\/a><\/p>\n<h2 class=\"posttitle \"><a title=\"Enlace Permanente a OAXACA: 63 Legislatura elegir\u00e1 candidatos para la Comisi\u00f3n de Selecci\u00f3n del Comit\u00e9 de Participaci\u00f3n Ciudadana\" href=\"http:\/\/www.eloriente.net\/home\/2017\/08\/07\/oaxaca-63-legislatura-elegira-candidatos-la-comision-seleccion-del-comite-participacion-ciudadana\/\" rel=\"bookmark\">OAXACA: 63 Legislatura elegir\u00e1 candidatos para la Comisi\u00f3n de Selecci\u00f3n del Comit\u00e9 de Participaci\u00f3n Ciudadana<\/a><\/h2>\n<\/div>\n<p>eloriente.net 7 de agosto de 2017 Con la finalidad de consolidar las bases del Sistema Estatal de Combate a la Corrupci\u00f3n en Oaxaca, diputados de la 63\u2026<\/p>\n<p class=\"postmeta\"><span class=\"meta_date\">agosto 7, 2017<\/span><\/p>\n<\/div>\n\n\t\t\t  <div \n\t\t\t  \tclass = \"fb-comments\" \n\t\t\t  \tdata-href = \"https:\/\/www.eloriente.net\/home\/2017\/08\/07\/la-cultura-sentido-juan-pablo-vasconcelos\/\"\n\t\t\t  \tdata-numposts = \"10\"\n\t\t\t\tdata-colorscheme = \"dark\"\n\t\t\t\tdata-order-by = \"social\"\n\t\t\t\tdata-mobile=true>\n\t\t\t  <\/div>\n\t\t  <style>\n\t\t\t.fb_iframe_widget_fluid_desktop iframe {\n\t\t\t    width: 100% !important;\n\t\t\t}\n\t\t  <\/style>\n\t\t  ","protected":false},"excerpt":{"rendered":"<p>&nbsp; eloriente.net 7 de agosto de 2017 Por Juan Pablo Vasconcelos @JPVmx &nbsp; \u201cLas \u00faltimas l\u00edneas de la semana pasada: \u2026el tiempo no es problema. Al contrario, es un aliado magn\u00edfico. Nos soluciona confusiones, hace que olvidemos el amor mal correspondido. Si hay un problema, somos nosotros. Que pasamos sin mirar.\u201d. &nbsp; Sumidos en la [&hellip;]<\/p>\n","protected":false},"author":13,"featured_media":49459,"comment_status":"open","ping_status":"open","sticky":false,"template":"","format":"standard","meta":{"_jetpack_memberships_contains_paid_content":false,"footnotes":""},"categories":[11,18,32,16,54,10],"tags":[239,1458,879,241,8131,477,7229,8132,1285,197,1225,8133],"class_list":["post-49458","post","type-post","status-publish","format-standard","has-post-thumbnail","hentry","category-colaboradores","category-educacion-y-cultura","category-entradas","category-salud-y-estilo-de-vida","category-juan-pablo-vasconcelos","category-lo-mas-reciente","tag-arte","tag-artista","tag-columna","tag-cultura","tag-direccion","tag-el-oriente","tag-es-la-cultura","tag-inercia","tag-juan-pablo-vasconcelos-2","tag-opinion","tag-sentido","tag-significado"],"jetpack_featured_media_url":"https:\/\/www.eloriente.net\/home\/wp-content\/uploads\/2017\/08\/3455336967_c9bc998c98_b.jpg","jetpack_sharing_enabled":true,"_links":{"self":[{"href":"https:\/\/www.eloriente.net\/home\/wp-json\/wp\/v2\/posts\/49458"}],"collection":[{"href":"https:\/\/www.eloriente.net\/home\/wp-json\/wp\/v2\/posts"}],"about":[{"href":"https:\/\/www.eloriente.net\/home\/wp-json\/wp\/v2\/types\/post"}],"author":[{"embeddable":true,"href":"https:\/\/www.eloriente.net\/home\/wp-json\/wp\/v2\/users\/13"}],"replies":[{"embeddable":true,"href":"https:\/\/www.eloriente.net\/home\/wp-json\/wp\/v2\/comments?post=49458"}],"version-history":[{"count":3,"href":"https:\/\/www.eloriente.net\/home\/wp-json\/wp\/v2\/posts\/49458\/revisions"}],"predecessor-version":[{"id":49629,"href":"https:\/\/www.eloriente.net\/home\/wp-json\/wp\/v2\/posts\/49458\/revisions\/49629"}],"wp:featuredmedia":[{"embeddable":true,"href":"https:\/\/www.eloriente.net\/home\/wp-json\/wp\/v2\/media\/49459"}],"wp:attachment":[{"href":"https:\/\/www.eloriente.net\/home\/wp-json\/wp\/v2\/media?parent=49458"}],"wp:term":[{"taxonomy":"category","embeddable":true,"href":"https:\/\/www.eloriente.net\/home\/wp-json\/wp\/v2\/categories?post=49458"},{"taxonomy":"post_tag","embeddable":true,"href":"https:\/\/www.eloriente.net\/home\/wp-json\/wp\/v2\/tags?post=49458"}],"curies":[{"name":"wp","href":"https:\/\/api.w.org\/{rel}","templated":true}]}}