{"id":49628,"date":"2017-08-14T17:33:37","date_gmt":"2017-08-14T23:33:37","guid":{"rendered":"http:\/\/www.eloriente.net\/home\/?p=49628"},"modified":"2017-08-14T17:37:25","modified_gmt":"2017-08-14T23:37:25","slug":"la-cultura-nada-termina-comienza-juan-pablo-vasconcelos","status":"publish","type":"post","link":"https:\/\/www.eloriente.net\/home\/2017\/08\/14\/la-cultura-nada-termina-comienza-juan-pablo-vasconcelos\/","title":{"rendered":"ES LA CULTURA: Nada termina, todo comienza. Por Juan Pablo Vasconcelos"},"content":{"rendered":"<p><script src=\"\/\/pagead2.googlesyndication.com\/pagead\/js\/adsbygoogle.js\" async=\"\"><\/script><!-- BANNER ELORIENTE INCRUSTADO NOTAS --> <ins class=\"adsbygoogle\" style=\"display: inline-block; width: 300px; height: 250px;\" data-ad-client=\"ca-pub-1136171134853753\" data-ad-slot=\"7974633627\"><\/ins><script>\/\/ <![CDATA[\n(adsbygoogle = window.adsbygoogle || []).push({});\n\/\/ ]]><\/script><\/p>\n<p>&nbsp;<\/p>\n<p>eloriente.net<\/p>\n<p>14 de agosto de 2017<\/p>\n<p>Por Juan Pablo Vasconcelos<\/p>\n<p><a href=\"https:\/\/twitter.com\/JPVmx\" target=\"_blank\">@JPVmx<\/a><\/p>\n<p>&nbsp;<\/p>\n<p><i><span style=\"font-weight: 400;\">\u201cHace algunos d\u00edas, dej\u00e9 la titularidad de la Coordinaci\u00f3n de las Culturas, Turismo y Econom\u00eda del gobierno de la Ciudad.<\/span><\/i><\/p>\n<p><i><span style=\"font-weight: 400;\">Fueron decenas de personas las que ayudaron a cristalizar numerosas y profundas acciones y proyectos.<\/span><\/i><\/p>\n<p><i><span style=\"font-weight: 400;\">Su generosidad no tiene fin.\u201d<\/span><\/i><\/p>\n<p>&nbsp;<\/p>\n<p><span style=\"font-weight: 400;\">A\u00fan el \u00faltimo d\u00eda, recib\u00ed el apoyo y el afecto de mis compa\u00f1eros de trabajo. Se los dije. Les hice saber que solo su generosidad, hab\u00eda permitido lograr tanto en este periodo de tiempo. Les dije que si todo funcionara as\u00ed, la ciudad ser\u00eda otra.<\/span><\/p>\n<p><span style=\"font-weight: 400;\">El agradecimiento es enorme.<\/span><\/p>\n<p><span style=\"font-weight: 400;\">Fueron decenas de personas, instituciones, amigos, voluntades, las que hicieron posible la cristalizaci\u00f3n de nuestros planes. Yo ve\u00eda en sus ojos un afecto y una sed de ayudar y colaborar, que solo era necesario coordinar, orientar, liderar, para obtener los resultados. Los buenos resultados que tanta falta le hacen a Oaxaca.<\/span><\/p>\n<p><span style=\"font-weight: 400;\">En la intenci\u00f3n y en el proceso est\u00e1 el arte. Porque a nosotros nos emociona trabajar, hacer, nos entusiasma la alegr\u00eda del deber cumplido.<\/span><\/p>\n<p><span style=\"font-weight: 400;\">Nos contagia, por ejemplo, la satisfacci\u00f3n de un artista que va explicando despacio sus obras en los pasillos de Palacio, como si estuviera explicando su propia vida.<\/span><\/p>\n<p><span style=\"font-weight: 400;\">Y as\u00ed como esas numerosas exposiciones que organizamos \u2014donde j\u00f3venes de todo el estado convirtieron esos patios en galer\u00edas permanentes\u2014, tambi\u00e9n deben seguir las expresiones corporales de nuestros artistas en las calles; el teatro, que no puede tener escenarios m\u00e1s espl\u00e9ndidos que las peque\u00f1as plazas de la ciudad o debajo de los \u00e1rboles o interpretando intensos personajes en la ciudad m\u00e1s intensa del sur de M\u00e9xico.<\/span><\/p>\n<p><a href=\"http:\/\/www.eloriente.net\/home\/wp-content\/uploads\/2017\/08\/IMG-20170325-WA0010.jpg\" rel=\"attachment wp-att-49630\"><img loading=\"lazy\" decoding=\"async\" class=\"alignnone wp-image-49630\" src=\"http:\/\/www.eloriente.net\/home\/wp-content\/uploads\/2017\/08\/IMG-20170325-WA0010-1024x682.jpg\" alt=\"p\u00fablico\" width=\"600\" height=\"400\" srcset=\"https:\/\/www.eloriente.net\/home\/wp-content\/uploads\/2017\/08\/IMG-20170325-WA0010-1024x682.jpg 1024w, https:\/\/www.eloriente.net\/home\/wp-content\/uploads\/2017\/08\/IMG-20170325-WA0010-300x200.jpg 300w, https:\/\/www.eloriente.net\/home\/wp-content\/uploads\/2017\/08\/IMG-20170325-WA0010-768x512.jpg 768w, https:\/\/www.eloriente.net\/home\/wp-content\/uploads\/2017\/08\/IMG-20170325-WA0010.jpg 1600w\" sizes=\"(max-width: 600px) 100vw, 600px\" \/><\/a><\/p>\n<p><span style=\"font-weight: 400;\">Debe continuar la edici\u00f3n de libros para fortalecer nuestra identidad cultural, es decir, para conocer, valorar e interpretar lo que somos, para darnos sentido.<\/span><\/p>\n<p><span style=\"font-weight: 400;\">A\u00fan recuerdo la alegr\u00eda de las ni\u00f1as y los ni\u00f1os que, en los mercados p\u00fablicos, aprendieron a expresar el color de sus emociones. Y tambi\u00e9n el afecto de los adultos mayores cuando cantantes, lectores, poetas, llegaban a la Casa de D\u00eda y transformaban la ma\u00f1ana, como solamente puede hacerlo la m\u00fasica, la esperanza.<\/span><\/p>\n<p><span style=\"font-weight: 400;\">Quiz\u00e1 por este tono y estas razones, nada de lo hecho puede desvanecerse.<\/span><\/p>\n<p><span style=\"font-weight: 400;\">Porque est\u00e1 ya para siempre, en las retinas de los empresarios y hoteleros, cuando salieron unidos por las calles a celebrar el aniversario de la ciudad que nos aloja. Cuando desbordaron su creatividad y fue notorio el agradecimiento que le guardan a sus trabajadores y fue grande la solidaridad que mostraron con quienes, entonces, abr\u00edamos de par en par las puertas del gobierno, por primera vez en mucho tiempo.<\/span><\/p>\n<p><span style=\"font-weight: 400;\">Porque est\u00e1 ya para siempre, en la memoria de taxistas, comerciantes, ni\u00f1as y ni\u00f1os de escuelas p\u00fablicas, un nuevo conocimiento, producto de los recorridos y visitas que efectuaron a monumentos hist\u00f3ricos y a lugares emblem\u00e1ticos. En realidad, visitaron lo que les pertenece, pero no lo conoc\u00edan. All\u00ed radica el valor de las caminatas y recorridos efectuados.<\/span><\/p>\n<p><a href=\"http:\/\/www.eloriente.net\/home\/wp-content\/uploads\/2017\/08\/IMG-20170508-WA0005.jpg\" rel=\"attachment wp-att-49632\"><img loading=\"lazy\" decoding=\"async\" class=\"alignnone wp-image-49632\" src=\"http:\/\/www.eloriente.net\/home\/wp-content\/uploads\/2017\/08\/IMG-20170508-WA0005-1024x683.jpg\" alt=\"Bajo el laurel\" width=\"601\" height=\"401\" srcset=\"https:\/\/www.eloriente.net\/home\/wp-content\/uploads\/2017\/08\/IMG-20170508-WA0005-1024x683.jpg 1024w, https:\/\/www.eloriente.net\/home\/wp-content\/uploads\/2017\/08\/IMG-20170508-WA0005-300x200.jpg 300w, https:\/\/www.eloriente.net\/home\/wp-content\/uploads\/2017\/08\/IMG-20170508-WA0005-768x512.jpg 768w, https:\/\/www.eloriente.net\/home\/wp-content\/uploads\/2017\/08\/IMG-20170508-WA0005.jpg 1600w\" sizes=\"(max-width: 601px) 100vw, 601px\" \/><\/a><\/p>\n<p><span style=\"font-weight: 400;\">Como los espacios culturales ya en funcionamiento, cuyo quehacer deber\u00e1 fortalecerse. Y no dejar atr\u00e1s el conocimiento y los aportes del Observatorio Municipal \u2014que ya tiene lista la observaci\u00f3n del pr\u00f3ximo eclipse\u2014, del Centro Cultural Reforma \u2014que debe cumplir su vocaci\u00f3n de acercar a la gente a las letras y la dramaturgia\u2014, y por supuesto, los espacios oficiales, que deben seguir desvisti\u00e9ndose de burocracia, para ataviarse de creatividad y afecto por la gente.<\/span><\/p>\n<p><span style=\"font-weight: 400;\">Debe continuar el estupendo di\u00e1logo de los sectores econ\u00f3mico, tur\u00edstico y cultural, que durante este lapso de tiempo se ti\u00f1\u00f3 de respeto y reconocimiento mutuo. S\u00ed es posible trabajar juntos y \u00e9sta fue una muestra de ello.<\/span><\/p>\n<p><script src=\"\/\/pagead2.googlesyndication.com\/pagead\/js\/adsbygoogle.js\" async=\"\"><\/script><!-- BANNER PEQUE\u00d1O PARA ENTRENOTAS EL ORIENTE --> <ins class=\"adsbygoogle\" style=\"display: inline-block; width: 468px; height: 60px;\" data-ad-client=\"ca-pub-1136171134853753\" data-ad-slot=\"4953536424\"><\/ins><script>\/\/ <![CDATA[\n(adsbygoogle = window.adsbygoogle || []).push({});\n\/\/ ]]><\/script><\/p>\n<p><span style=\"font-weight: 400;\">En tiempos de desencuentros, nosotros estuvimos unidos.<\/span><\/p>\n<p><span style=\"font-weight: 400;\">Y a los tres sectores, el agradecimiento es infinito.<\/span><\/p>\n<p><span style=\"font-weight: 400;\">Porque solo as\u00ed, logramos en esta ciudad \u2014seguramente lo registrar\u00e1n las pr\u00f3ximas evaluaciones, pues est\u00e1 certificado\u2014 que la tramitolog\u00eda para abrir negocios o empresas est\u00e9 mejorando a grandes pasos. A\u00fan con mucho por hacer, hicimos indudables avances. Lo mismo para capacitar y formar a emprendedores y empresarios.<\/span><\/p>\n<p><a href=\"http:\/\/www.eloriente.net\/home\/wp-content\/uploads\/2017\/08\/jardin-carbajal.jpg\" rel=\"attachment wp-att-49631\"><img loading=\"lazy\" decoding=\"async\" class=\"alignnone wp-image-49631\" src=\"http:\/\/www.eloriente.net\/home\/wp-content\/uploads\/2017\/08\/jardin-carbajal.jpg\" alt=\"jardin carbajal\" width=\"600\" height=\"400\" srcset=\"https:\/\/www.eloriente.net\/home\/wp-content\/uploads\/2017\/08\/jardin-carbajal.jpg 960w, https:\/\/www.eloriente.net\/home\/wp-content\/uploads\/2017\/08\/jardin-carbajal-300x200.jpg 300w, https:\/\/www.eloriente.net\/home\/wp-content\/uploads\/2017\/08\/jardin-carbajal-768x512.jpg 768w\" sizes=\"(max-width: 600px) 100vw, 600px\" \/><\/a><\/p>\n<p><span style=\"font-weight: 400;\">Cada tarde, era un aliciente.<\/span><\/p>\n<p><span style=\"font-weight: 400;\">Ver al equipo de Econom\u00eda pendiente de la llegada de j\u00f3venes y adultos a los cursos del d\u00eda, ya en apertura de empresas o asuntos financieros, ya en manejo de redes sociales o planes de negocios. Sin formaci\u00f3n, todo lo dem\u00e1s pierde cimientos. Por eso, hay que seguir impulsando los planes de capacitaci\u00f3n y el placer del conocimiento.<\/span><\/p>\n<p><span style=\"font-weight: 400;\">Gracias al talento de los titulares de las tres \u00e1reas que coordinamos y a sus equipos de trabajo, as\u00ed como del presidente municipal Jos\u00e9 Antonio Hern\u00e1ndez Fraguas, Oaxaca de Ju\u00e1rez est\u00e1 otra vez en el mapa de la Cultura, el Turismo y la Econom\u00eda del estado y del pa\u00eds.<\/span><\/p>\n<p><span style=\"font-weight: 400;\">Por eso, en tiempo r\u00e9cord, recibimos la visita de trabajo de embajadores de numerosas naciones y de alcaldes de M\u00e9xico y el mundo. Las puertas ya se abrieron y ahora es necesario continuar las agendas de intercambio cultural y de negocios con esos destinos.<\/span><\/p>\n<p><span style=\"font-weight: 400;\">Como tambi\u00e9n con instituciones como la Universidad Nacional Aut\u00f3noma de M\u00e9xico, el Instituto Polit\u00e9cnico Nacional, la Asociaci\u00f3n Nacional de Ciudades Mexicanas Patrimonio Mundial, la Organizaci\u00f3n Mundial, el gobierno federal, las c\u00e1maras empresariales, las universidades locales, las secretar\u00edas de las Culturas, Turismo y Econom\u00eda estatales, con quienes forjamos en todos los casos, lazos de colaboraci\u00f3n y apoyo fraterno.<\/span><\/p>\n<p><span style=\"font-weight: 400;\">As\u00ed fue posible organizar una bell\u00edsima y renovada procesi\u00f3n del silencio y una semana santa de primer orden, de nivel internacional, para que los pr\u00f3ximos a\u00f1os se estimulen a visitarnos de todas partes del mundo. Hay que aprovechar eso y tambi\u00e9n el lanzamiento in\u00e9dito y maravilloso del Festejo a Oaxaca en el mes de abril y el Encuentro de Cocineras Tradicionales, as\u00ed como la renovaci\u00f3n de Donaj\u00ed La Leyenda, cuyo resplandor se recuper\u00f3 y enalteci\u00f3.<\/span><\/p>\n<p><span style=\"font-weight: 400;\">Por todo, es que necesitamos seguir encendiendo una luz para los poetas de Oaxaca, cuyas plaquetes comenzaron a editarse; para los gu\u00edas de turistas, a quienes el municipio comenz\u00f3 a abastecer de libros y materiales para fortalecer su trabajo; para los peque\u00f1os empresarios, que reciben el consejo y la asesor\u00eda para aplicar a convocatorias de recursos; para los vecinos de colonias humildes, que al levantar la mano y decir: \u201cYo pongo mi casa\u201d, pod\u00edan recibir en sus hogares a artistas de primer nivel y convivir con ellos y transformar su hogar en un recinto para la expresi\u00f3n humana.<\/span><\/p>\n<p><span style=\"font-weight: 400;\">Porque esto es lo m\u00e1s importante: la gente importa. No es un n\u00famero, no es un ciudadano al que solo hay que soportar, ni hay que convencer.<\/span><\/p>\n<p><span style=\"font-weight: 400;\">La gente importa.<\/span><\/p>\n<p><span style=\"font-weight: 400;\">Y entonces, solamente hay que cambiar la mirada y escuchar y preguntar en qu\u00e9 podemos ayudar y c\u00f3mo colaboramos en mejorar su d\u00eda a d\u00eda y en solucionar el problema que trae entre manos, que siempre es el problema m\u00e1s grande del mundo, porque en ese momento le mortifica y le conmueve.<\/span><\/p>\n<p><span style=\"font-weight: 400;\">Se impone seguir cumpliendo la responsabilidad de la eficiencia y la calidad, pero tambi\u00e9n \u2014y sobre todo, no importa en qu\u00e9 circunstancia\u2014, abrazar la labor como quien se juega la vida por la vida de los dem\u00e1s.<\/span><\/p>\n<p><span style=\"font-weight: 400;\">Estoy profundamente agradecido. Ya les compartir\u00e9 nuevas apreciaciones y proyectos personales, que son las razones de nuestra ausencia, para cuya cristalizaci\u00f3n siempre cuento con todos ustedes.<\/span><\/p>\n<p><span style=\"font-weight: 400;\">Porque nada termina, todo apenas est\u00e1 comenzando.<\/span><\/p>\n<p><strong>OTRAS ENTRADAS<\/strong><\/p>\n<div class=\"featuredpost\">\n<div class=\"flow_hide\">\n<h2 class=\"posttitle bigposttitle\"><a title=\"Enlace Permanente a VIDEOCOLUMNA: El reencuentro con nosotros mismos. Por Gerardo Castellanos\" href=\"http:\/\/www.eloriente.net\/home\/2017\/08\/11\/videocolumna-reencuentro-mismos-gerardo-castellanos\/\" rel=\"bookmark\">VIDEOCOLUMNA: El reencuentro con nosotros mismos. Por Gerardo Castellanos<\/a><\/h2>\n<\/div>\n<p>eloriente.net 11 de agosto de 2017 Esta semana\u00a0Gerardo Felipe Castellanos\u00a0nos habla sobre los antepasados de los oaxaque\u00f1os, y nos dice puntualmente que \u201cEl futuro de los oaxaque\u00f1os\u2026<\/p>\n<p class=\"postmeta\"><span class=\"meta_date\">agosto 11, 2017<\/span><\/p>\n<div class=\"toolbar-social\"><\/div>\n<\/div>\n<div class=\"featuredpost\">\n<div class=\"flow_hide\"><a href=\"http:\/\/www.eloriente.net\/home\/2017\/08\/10\/audio-inso-publica-palabra-natural-agua-bosque-agua\/\" rel=\"bookmark\"><img decoding=\"async\" class=\"alignleft\" title=\"AUDIO: INSO publica \u201cPalabra Natural\u201d, el agua y el bosque\" src=\"http:\/\/www.eloriente.net\/home\/wp-content\/themes\/city-desk\/timthumb.php?src=http%3A%2F%2Fwww.eloriente.net%2Fhome%2Fwp-content%2Fuploads%2F2017%2F08%2F2524232270_f6f4c8afef_b.jpg&amp;q=90&amp;w=70&amp;h=45&amp;zc=1\" alt=\"AUDIO: INSO publica \u201cPalabra Natural\u201d, el agua y el bosque\" \/><\/a><\/p>\n<h2 class=\"posttitle \"><a title=\"Enlace Permanente a AUDIO: INSO publica \u201cPalabra Natural\u201d, el agua y el bosque\" href=\"http:\/\/www.eloriente.net\/home\/2017\/08\/10\/audio-inso-publica-palabra-natural-agua-bosque-agua\/\" rel=\"bookmark\">AUDIO: INSO publica \u201cPalabra Natural\u201d, el agua y el bosque<\/a><\/h2>\n<\/div>\n<p>eloriente.net\/INSO 10 de agosto de 2017 El Instituto de la Naturaleza y la Sociedad de Oaxaca A.C. (INSO), nos presenta nuevamente su programa de 5 minutos titulado\u2026<\/p>\n<p class=\"postmeta\"><span class=\"meta_date\">agosto 10, 2017<\/span><\/p>\n<div class=\"toolbar-social\"><\/div>\n<\/div>\n<div class=\"featuredpost\">\n<div class=\"flow_hide\"><a href=\"http:\/\/www.eloriente.net\/home\/2017\/08\/10\/no-puedes-dejar-ir-oaxaca-del-10-al-16-agosto\/\" rel=\"bookmark\"><img decoding=\"async\" class=\"alignleft\" title=\"\u00a1No puedes dejar de ir en Oaxaca!; del 10 al 16 de agosto\" src=\"http:\/\/www.eloriente.net\/home\/wp-content\/themes\/city-desk\/timthumb.php?src=http%3A%2F%2Fwww.eloriente.net%2Fhome%2Fwp-content%2Fuploads%2F2017%2F08%2Frecord-336626_1920.jpg&amp;q=90&amp;w=70&amp;h=45&amp;zc=1\" alt=\"\u00a1No puedes dejar de ir en Oaxaca!; del 10 al 16 de agosto\" \/><\/a><\/p>\n<h2 class=\"posttitle \"><a title=\"Enlace Permanente a \u00a1No puedes dejar de ir en Oaxaca!; del 10 al 16 de agosto\" href=\"http:\/\/www.eloriente.net\/home\/2017\/08\/10\/no-puedes-dejar-ir-oaxaca-del-10-al-16-agosto\/\" rel=\"bookmark\">\u00a1No puedes dejar de ir en Oaxaca!; del 10 al 16 de agosto<\/a><\/h2>\n<\/div>\n<p>(www.eloriente.net, M\u00e9xico, a 10 de agosto de 2017. Por: Jessica Lamadrid).-\u00a0Hay una gran variedad de actividades culturales que se estar\u00e1n llevando a cabo durante la semana. Para despertar\u2026<\/p>\n<p class=\"postmeta\"><span class=\"meta_date\">agosto 10, 2017<\/span><\/p>\n<\/div>\n\n\t\t\t  <div \n\t\t\t  \tclass = \"fb-comments\" \n\t\t\t  \tdata-href = \"https:\/\/www.eloriente.net\/home\/2017\/08\/14\/la-cultura-nada-termina-comienza-juan-pablo-vasconcelos\/\"\n\t\t\t  \tdata-numposts = \"10\"\n\t\t\t\tdata-colorscheme = \"dark\"\n\t\t\t\tdata-order-by = \"social\"\n\t\t\t\tdata-mobile=true>\n\t\t\t  <\/div>\n\t\t  <style>\n\t\t\t.fb_iframe_widget_fluid_desktop iframe {\n\t\t\t    width: 100% !important;\n\t\t\t}\n\t\t  <\/style>\n\t\t  ","protected":false},"excerpt":{"rendered":"<p>&nbsp; eloriente.net 14 de agosto de 2017 Por Juan Pablo Vasconcelos @JPVmx &nbsp; \u201cHace algunos d\u00edas, dej\u00e9 la titularidad de la Coordinaci\u00f3n de las Culturas, Turismo y Econom\u00eda del gobierno de la Ciudad. Fueron decenas de personas las que ayudaron a cristalizar numerosas y profundas acciones y proyectos. Su generosidad no tiene fin.\u201d &nbsp; A\u00fan [&hellip;]<\/p>\n","protected":false},"author":13,"featured_media":49631,"comment_status":"open","ping_status":"open","sticky":false,"template":"","format":"standard","meta":{"_jetpack_memberships_contains_paid_content":false,"footnotes":""},"categories":[11,18,32,63,54,464,19],"tags":[239,8175,879,7229,1285,197,211],"class_list":["post-49628","post","type-post","status-publish","format-standard","has-post-thumbnail","hentry","category-colaboradores","category-educacion-y-cultura","category-entradas","category-estados","category-juan-pablo-vasconcelos","category-oaxaca-estados","category-turismo-y-negocios","tag-arte","tag-ciclos","tag-columna","tag-es-la-cultura","tag-juan-pablo-vasconcelos-2","tag-opinion","tag-trabajo"],"jetpack_featured_media_url":"https:\/\/www.eloriente.net\/home\/wp-content\/uploads\/2017\/08\/jardin-carbajal.jpg","jetpack_sharing_enabled":true,"_links":{"self":[{"href":"https:\/\/www.eloriente.net\/home\/wp-json\/wp\/v2\/posts\/49628"}],"collection":[{"href":"https:\/\/www.eloriente.net\/home\/wp-json\/wp\/v2\/posts"}],"about":[{"href":"https:\/\/www.eloriente.net\/home\/wp-json\/wp\/v2\/types\/post"}],"author":[{"embeddable":true,"href":"https:\/\/www.eloriente.net\/home\/wp-json\/wp\/v2\/users\/13"}],"replies":[{"embeddable":true,"href":"https:\/\/www.eloriente.net\/home\/wp-json\/wp\/v2\/comments?post=49628"}],"version-history":[{"count":1,"href":"https:\/\/www.eloriente.net\/home\/wp-json\/wp\/v2\/posts\/49628\/revisions"}],"predecessor-version":[{"id":49633,"href":"https:\/\/www.eloriente.net\/home\/wp-json\/wp\/v2\/posts\/49628\/revisions\/49633"}],"wp:featuredmedia":[{"embeddable":true,"href":"https:\/\/www.eloriente.net\/home\/wp-json\/wp\/v2\/media\/49631"}],"wp:attachment":[{"href":"https:\/\/www.eloriente.net\/home\/wp-json\/wp\/v2\/media?parent=49628"}],"wp:term":[{"taxonomy":"category","embeddable":true,"href":"https:\/\/www.eloriente.net\/home\/wp-json\/wp\/v2\/categories?post=49628"},{"taxonomy":"post_tag","embeddable":true,"href":"https:\/\/www.eloriente.net\/home\/wp-json\/wp\/v2\/tags?post=49628"}],"curies":[{"name":"wp","href":"https:\/\/api.w.org\/{rel}","templated":true}]}}