{"id":49819,"date":"2017-08-24T06:32:52","date_gmt":"2017-08-24T12:32:52","guid":{"rendered":"http:\/\/www.eloriente.net\/home\/?p=49819"},"modified":"2017-08-29T10:48:00","modified_gmt":"2017-08-29T16:48:00","slug":"no-puedes-dejar-ir-oaxaca-del-24-al-30-agosto-2017","status":"publish","type":"post","link":"https:\/\/www.eloriente.net\/home\/2017\/08\/24\/no-puedes-dejar-ir-oaxaca-del-24-al-30-agosto-2017\/","title":{"rendered":"\u00a1No puedes dejar de ir en Oaxaca!: 24 al 30 de agosto 2017"},"content":{"rendered":"<p><!-- BANNER ELORIENTE INCRUSTADO NOTAS --> <ins class=\"adsbygoogle\" style=\"width: 300px; height: 250px;\"><\/ins><\/p>\n<p>(www.eloriente.net, M\u00e9xico, a 24 de agosto de 2017. Por: Jessica Lamadrid).- Los centros culturales de nuestra ciudad han preparado un gran variedad de eventos y actividades que se desarrollar\u00e1n a lo largo de esta semana para todo el p\u00fablico. Con el objetivo de que tengas oportunidad de asistir a alguno de ellos, en el ELORIENTE.NET hemos escogimos cinco recomendaciones para la agenda cultural de este jueves.<\/p>\n<p>A continuaci\u00f3n te compartimos las actividades recomendadas que se estar\u00e1n desarrollando desde el d\u00eda 24 al 30 de agosto:<\/p>\n<p>&nbsp;<\/p>\n<h2>1.- Oportunidades de Negocios con la Uni\u00f3n Europea<\/h2>\n<p>La <a href=\"https:\/\/www.facebook.com\/Econom%C3%ADa-Cd-Oax-406478083048062\/\" target=\"_blank\">Direcci\u00f3n General de Econom\u00eda de la Ciudad de Oaxaca<\/a> ha planeado para este jueves 24 de agosto la conferencia: \u00abOportunidades de Negocios con la Uni\u00f3n Europea\u00bb, como parte de las actividades que organiza constantemente con el fin de ofrecer capacitaci\u00f3n gratuita para la poblaci\u00f3n oaxaque\u00f1a.<\/p>\n<p>En este caso la conferencia ser\u00e1 impartida por la Maestra en Derecho Comercial Internacional, Mayra Torralba. Quien estudi\u00f3 la Licenciatura en Derecho con una especialidad en Internacional P\u00fablico en la Universidad DegliStudi de Tur\u00edn en el 2002.<\/p>\n<p>En el 2010 por la misma instituci\u00f3n educativa obtuvo su maestr\u00eda y desde el 2011 ha sido una de las asesoras del proyecto \u00abCultura Emprendedora\u00bb del Tecnol\u00f3gico de Monterrey.<\/p>\n<p>La actividad iniciar\u00e1 a las 17 horas en la Direcci\u00f3n General de Econom\u00eda de la Ciudad de Oaxaca, ubicada en la calle Matamoros n\u00famero 102, de la Colonia Centro. Para que tengas un acercamiento de como son las charlas y conferencias de este lugar te dejamos aqu\u00ed un video:<br \/>\n<iframe loading=\"lazy\" style=\"border: none; overflow: hidden;\" src=\"https:\/\/www.facebook.com\/plugins\/video.php?href=https%3A%2F%2Fwww.facebook.com%2F406478083048062%2Fvideos%2F481687882193748%2F&amp;show_text=0&amp;width=560\" width=\"450\" height=\"300\" frameborder=\"0\" scrolling=\"no\" allowfullscreen=\"allowfullscreen\"><\/iframe><br \/>\n<a href=\"http:\/\/www.eloriente.net\/home\/wp-content\/uploads\/2017\/08\/20841039_483374048691798_1181658510684360610_n.png\" rel=\"attachment wp-att-49853\"><img loading=\"lazy\" decoding=\"async\" class=\" wp-image-49853 aligncenter\" src=\"http:\/\/www.eloriente.net\/home\/wp-content\/uploads\/2017\/08\/20841039_483374048691798_1181658510684360610_n.png\" alt=\"20841039_483374048691798_1181658510684360610_n\" width=\"501\" height=\"557\" srcset=\"https:\/\/www.eloriente.net\/home\/wp-content\/uploads\/2017\/08\/20841039_483374048691798_1181658510684360610_n.png 503w, https:\/\/www.eloriente.net\/home\/wp-content\/uploads\/2017\/08\/20841039_483374048691798_1181658510684360610_n-270x300.png 270w\" sizes=\"(max-width: 501px) 100vw, 501px\" \/><\/a><\/p>\n<p>&nbsp;<\/p>\n<h2>2.- \u00abBioindicadores de la calidad del agua\u00bb<\/h2>\n<p>El Jard\u00edn Etnobot\u00e1nico de Oaxaca invita al p\u00fablico en general a la conferencia \u00abBioindicadores de la calidad del agua\u00bb, la cual est\u00e1 programada para este viernes 25 de agosto y ser\u00e1 impartida por el Dr. Bert Kohlman quien es actualmente profesor e investigador de la <a href=\"https:\/\/www.earth.ac.cr\/es\" target=\"_blank\">Universidad EARTH de Costa Rica<\/a>.<\/p>\n<p><!-- BANNER PEQUE\u00d1O PARA ENTRENOTAS EL ORIENTE --> <ins class=\"adsbygoogle\" style=\"width: 468px; height: 60px;\"><\/ins><\/p>\n<p>Bert es tambi\u00e9n coordinador de la Unidad de Investigaci\u00f3n de Desarrollo \u00a0\u201cAtlas Espacial de Costa Rica\u201d, actividad por la que recibi\u00f3 la Medalla al Servicio P\u00fablico por parte de la <a href=\"https:\/\/www.lanasa.net\/\" target=\"_blank\">NASA<\/a>. Es miembro de la Asociaci\u00f3n de Biolog\u00eda Tropical, de la Sociedad Mexicana de Entomolog\u00eda y de la <a href=\"https:\/\/www.humboldt-foundation.de\/web\/home.html\" target=\"_blank\">Fundaci\u00f3n Alexander von Humboldt<\/a>.<\/p>\n<p>De igual manera es co-fundador y vicepresidente de la Asociaci\u00f3n Humboldt para Centroam\u00e9rica y el Caribe. Por un tiempo se desempe\u00f1\u00f3 como investigador de la <a href=\"https:\/\/www.unam.mx\/\" target=\"_blank\">Universidad Nacional Aut\u00f3noma de M\u00e9xico (UNAM)<\/a> y de la <a href=\"http:\/\/www.anu.edu.au\/\" target=\"_blank\">Universidad Nacional de Australia (ANU)<\/a>.<\/p>\n<p>Para que conozcas m\u00e1s sobre las actividades que realiza el ponente, te compartimos un video donde se muestra uno de los trabajos m\u00e1s importantes realizador por Kohlman en la Universidad EARTH.<\/p>\n<p>&nbsp;<\/p>\n<p><span class=\"embed-youtube\" style=\"text-align:center; display: block;\"><iframe loading=\"lazy\" class=\"youtube-player\" width=\"640\" height=\"360\" src=\"https:\/\/www.youtube.com\/embed\/Q19I3Xcuqx8?version=3&#038;rel=1&#038;showsearch=0&#038;showinfo=1&#038;iv_load_policy=1&#038;fs=1&#038;hl=es-ES&#038;autohide=2&#038;wmode=transparent\" allowfullscreen=\"true\" style=\"border:0;\" sandbox=\"allow-scripts allow-same-origin allow-popups allow-presentation allow-popups-to-escape-sandbox\"><\/iframe><\/span><\/p>\n<p>&nbsp;<\/p>\n<p>La conferencia es las 18 horas en la Biblioteca del Jard\u00edn Etnob\u00f3tanico localizado en la calle de Reforma esquina con Constituci\u00f3n, Colonia Centro. La entrada es libre.<\/p>\n<p>&nbsp;<\/p>\n<p><a href=\"http:\/\/www.eloriente.net\/home\/wp-content\/uploads\/2017\/08\/20914275_10155625405012162_62085194783337352_n.jpg\" rel=\"attachment wp-att-49822\"><img loading=\"lazy\" decoding=\"async\" class=\" wp-image-49822 aligncenter\" src=\"http:\/\/www.eloriente.net\/home\/wp-content\/uploads\/2017\/08\/20914275_10155625405012162_62085194783337352_n.jpg\" alt=\"Jard\u00edn Etnobot\u00e1nico\" width=\"500\" height=\"741\" srcset=\"https:\/\/www.eloriente.net\/home\/wp-content\/uploads\/2017\/08\/20914275_10155625405012162_62085194783337352_n.jpg 648w, https:\/\/www.eloriente.net\/home\/wp-content\/uploads\/2017\/08\/20914275_10155625405012162_62085194783337352_n-203x300.jpg 203w\" sizes=\"(max-width: 500px) 100vw, 500px\" \/><\/a><\/p>\n<p>&nbsp;<\/p>\n<h2>3.- Cuando me quedo en silencio<\/h2>\n<p>La <a href=\"https:\/\/www.facebook.com\/Casa-de-Cultura-Oaxaque%C3%B1a-157082727689541\/\" target=\"_blank\">Casa de la Cultura Oaxaque\u00f1a<\/a> contin\u00faa con sus actividades del programa \u00abAgosto mes del Teatro\u00bb como parte del homenaje hecho al escritor oaxaque\u00f1o Jos\u00e9 Mar\u00eda Bradom\u00edn, autor de varias cr\u00f3nicas de Oaxaca de Ju\u00e1rez.<\/p>\n<p>Por esta raz\u00f3n, el s\u00e1bado 26 tendr\u00e1 lugar en sus instalaciones la representaci\u00f3n de la obra \u00abCuando me quedo en silencio\u00bb, interpretada por la compa\u00f1\u00eda de danza teatro <a href=\"https:\/\/www.facebook.com\/people\/Carpa-Roja-Danza-Teatro\/100009238797536\" target=\"_blank\">\u00abCarpa Roja\u00bb<\/a> a las 18 horas en el foro Margarita Maza.<\/p>\n<p>Te recordamos que la Casa de la Cultura se encuentra ubicada en la calle Gonz\u00e1lez Ortega n\u00famero 403 de la Colonia Centro\u00a0\u00a0y adem\u00e1s te dejamos un fragmento de una presentaci\u00f3n anterior de esta compa\u00f1\u00eda:<br \/>\n<iframe loading=\"lazy\" style=\"border: none; overflow: hidden;\" src=\"https:\/\/www.facebook.com\/plugins\/video.php?href=https%3A%2F%2Fwww.facebook.com%2F100009238797536%2Fvideos%2F1820626171588658%2F&amp;show_text=0&amp;width=560\" width=\"450\" height=\"300\" frameborder=\"0\" scrolling=\"no\" allowfullscreen=\"allowfullscreen\"><\/iframe><\/p>\n<p>La entrada es gratuita.<\/p>\n<p><a href=\"http:\/\/www.eloriente.net\/home\/wp-content\/uploads\/2017\/08\/AGOSTO-TEATRO-2017-copia-1.jpg\" rel=\"attachment wp-att-49820\"><img loading=\"lazy\" decoding=\"async\" class=\" wp-image-49820 aligncenter\" src=\"http:\/\/www.eloriente.net\/home\/wp-content\/uploads\/2017\/08\/AGOSTO-TEATRO-2017-copia-1-663x1024.jpg\" alt=\"AGOSTO TEATRO 2017 copia (1)\" width=\"509\" height=\"786\" srcset=\"https:\/\/www.eloriente.net\/home\/wp-content\/uploads\/2017\/08\/AGOSTO-TEATRO-2017-copia-1-663x1024.jpg 663w, https:\/\/www.eloriente.net\/home\/wp-content\/uploads\/2017\/08\/AGOSTO-TEATRO-2017-copia-1-194x300.jpg 194w, https:\/\/www.eloriente.net\/home\/wp-content\/uploads\/2017\/08\/AGOSTO-TEATRO-2017-copia-1-768x1187.jpg 768w, https:\/\/www.eloriente.net\/home\/wp-content\/uploads\/2017\/08\/AGOSTO-TEATRO-2017-copia-1-1024x1583.jpg 1024w\" sizes=\"(max-width: 509px) 100vw, 509px\" \/><\/a><\/p>\n<p>&nbsp;<\/p>\n<h2>4.- Discapacidad Auditiva y Educar para la Inclusi\u00f3n<\/h2>\n<p>El <a href=\"https:\/\/www.facebook.com\/museoinfantildeoaxaca\/\" target=\"_blank\">Museo Infantil de Oaxaca (MIO)<\/a> tendr\u00e1 su 3er Fin de Semana Inclusivo y con \u00e9l una serie de actividades que fomentar\u00e1 en ni\u00f1os y adultos la incorporaci\u00f3n tanto de h\u00e1bitos, como de conocimientos que favorezcan la aceptaci\u00f3n de personas con alguna discapacidad.<\/p>\n<p>De estas actividades te recomendamos asistir a la Charla: Discapacidad Auditiva y Educar para la Inclusi\u00f3n, pues brindar\u00e1n informaci\u00f3n respecto al tema as\u00ed como herramientas para poder ense\u00f1arle a los ni\u00f1os c\u00f3mo aceptar e integrar a personas con esa condici\u00f3n.<\/p>\n<p>Dicha charla ser\u00e1 este domingo 27 de agosto a las 12 horas en el MIO, el cual se encuentra en la\u00a0Antigua Estaci\u00f3n del Ferrocarril, Calzada Madero n\u00famero 511; y estar\u00e1 a cargo de integrantes del Centro Oaxaque\u00f1o de Rehabilitaci\u00f3n de Audici\u00f3n y Lenguaje CORAL.<br \/>\n<iframe loading=\"lazy\" style=\"border: none; overflow: hidden;\" src=\"https:\/\/www.facebook.com\/plugins\/video.php?href=https%3A%2F%2Fwww.facebook.com%2Fmuseoinfantildeoaxaca%2Fvideos%2F340612159713237%2F&amp;show_text=0&amp;width=560\" width=\"450\" height=\"300\" frameborder=\"0\" scrolling=\"no\" allowfullscreen=\"allowfullscreen\"><\/iframe><br \/>\nLa entrada es gratuita.<\/p>\n<p><a href=\"http:\/\/www.eloriente.net\/home\/wp-content\/uploads\/2017\/08\/20953160_339971213110665_1370949550232996090_n.png\" rel=\"attachment wp-att-49823\"><img loading=\"lazy\" decoding=\"async\" class=\" wp-image-49823 aligncenter\" src=\"http:\/\/www.eloriente.net\/home\/wp-content\/uploads\/2017\/08\/20953160_339971213110665_1370949550232996090_n.png\" alt=\"Cartel MIO\" width=\"500\" height=\"750\" srcset=\"https:\/\/www.eloriente.net\/home\/wp-content\/uploads\/2017\/08\/20953160_339971213110665_1370949550232996090_n.png 640w, https:\/\/www.eloriente.net\/home\/wp-content\/uploads\/2017\/08\/20953160_339971213110665_1370949550232996090_n-200x300.png 200w\" sizes=\"(max-width: 500px) 100vw, 500px\" \/><\/a><\/p>\n<p>&nbsp;<\/p>\n<h2>5.- Tertulias Literarias<\/h2>\n<p>El Instituto de Artes Gr\u00e1ficas de Oaxaca llevar\u00e1 a cabo su \u00faltima actividad de Tertulias Literarias del mes de agosto, en donde se ha tenido acercamiento a las obras del escritor italiano\u00a0<a href=\"http:\/\/www.bbc.com\/mundo\/noticias-38360192\" target=\"_blank\">Alessandro Baricco<\/a>; autor de obras como \u00abTierras de Cristal\u00bb, \u00abSeda\u00bb, \u00abOc\u00e9ano Mar\u00bb, entre otras.<\/p>\n<p>Este evento gratuito tendr\u00e1 lugar en la Biblioteca de este instituto (BIAGO) localizada en\u00a0Avenida Benito Ju\u00e1rez n\u00famero 222, Colonia Centro. El d\u00eda mi\u00e9rcoles 30, de 5 a 7 de la tarde siendo la entrada libre al p\u00fablico.<\/p>\n<p><a href=\"http:\/\/www.eloriente.net\/home\/wp-content\/uploads\/2017\/08\/20525460_1656976374336731_6113464662366242479_n.jpg\" rel=\"attachment wp-att-49825\"><img loading=\"lazy\" decoding=\"async\" class=\" wp-image-49825 aligncenter\" src=\"http:\/\/www.eloriente.net\/home\/wp-content\/uploads\/2017\/08\/20525460_1656976374336731_6113464662366242479_n.jpg\" alt=\"20525460_1656976374336731_6113464662366242479_n\" width=\"499\" height=\"333\" srcset=\"https:\/\/www.eloriente.net\/home\/wp-content\/uploads\/2017\/08\/20525460_1656976374336731_6113464662366242479_n.jpg 960w, https:\/\/www.eloriente.net\/home\/wp-content\/uploads\/2017\/08\/20525460_1656976374336731_6113464662366242479_n-300x200.jpg 300w, https:\/\/www.eloriente.net\/home\/wp-content\/uploads\/2017\/08\/20525460_1656976374336731_6113464662366242479_n-768x512.jpg 768w\" sizes=\"(max-width: 499px) 100vw, 499px\" \/><\/a><\/p>\n<p>&nbsp;<\/p>\n<p>Para que te animes a participar en las tertulias, te dejamos la rese\u00f1a de su libro \u00abSeda\u00bb.<\/p>\n<p><span class=\"embed-youtube\" style=\"text-align:center; display: block;\"><iframe loading=\"lazy\" class=\"youtube-player\" width=\"640\" height=\"360\" src=\"https:\/\/www.youtube.com\/embed\/0nQ24SqPQg8?version=3&#038;rel=1&#038;showsearch=0&#038;showinfo=1&#038;iv_load_policy=1&#038;fs=1&#038;hl=es-ES&#038;autohide=2&#038;wmode=transparent\" allowfullscreen=\"true\" style=\"border:0;\" sandbox=\"allow-scripts allow-same-origin allow-popups allow-presentation allow-popups-to-escape-sandbox\"><\/iframe><\/span><\/p>\n<p>&nbsp;<\/p>\n<h2>OTRAS ENTRADAS<\/h2>\n<div class=\"featuredpost\">\n<div class=\"flow_hide\">\n<h2 class=\"posttitle bigposttitle\"><a title=\"Enlace Permanente a Curso online gratuito para Auxiliares de Vuelo #Capacitaci\u00f3n\" href=\"http:\/\/www.eloriente.net\/home\/2017\/08\/23\/curso-online-gratuito-auxiliares-vuelo-capacitacion\/\" rel=\"bookmark\">Curso online gratuito para Auxiliares de Vuelo #Capacitaci\u00f3n<\/a><\/h2>\n<\/div>\n<p>(www.eloriente.net, M\u00e9xico, a 23 de agosto de 2017. Por: Jessica Lamadrid).- El portal de cursos online CONOCIMIENTOWEB.NET \u201cLa Divisa del Nuevo Milenio\u201d, tiene a disposici\u00f3n del p\u00fablico el\u2026<\/p>\n<p class=\"postmeta\"><span class=\"meta_date\">agosto 23, 2017<\/span><\/p>\n<p class=\"postmeta\">\n<\/div>\n<div class=\"featuredpost\">\n<div class=\"flow_hide\">\n<p><a href=\"http:\/\/www.eloriente.net\/home\/2017\/08\/22\/oaxaca-consulta-aqui-plan-estatal-desarrollo-2016-2022\/\" rel=\"bookmark\"><img decoding=\"async\" class=\"alignleft\" title=\"OAXACA: Consulta aqu\u00ed Plan Estatal de Desarrollo 2016-2022\" src=\"http:\/\/www.eloriente.net\/home\/wp-content\/themes\/city-desk\/timthumb.php?src=http%3A%2F%2Fwww.eloriente.net%2Fhome%2Fwp-content%2Fuploads%2F2017%2F08%2FPLAN-ESTATAL-DE-DESARROLLO-2016-2022.png&amp;q=90&amp;w=70&amp;h=45&amp;zc=1\" alt=\"OAXACA: Consulta aqu\u00ed Plan Estatal de Desarrollo 2016-2022\" \/><\/a><\/p>\n<h2 class=\"posttitle \"><a title=\"Enlace Permanente a OAXACA: Consulta aqu\u00ed Plan Estatal de Desarrollo 2016-2022\" href=\"http:\/\/www.eloriente.net\/home\/2017\/08\/22\/oaxaca-consulta-aqui-plan-estatal-desarrollo-2016-2022\/\" rel=\"bookmark\">OAXACA: Consulta aqu\u00ed Plan Estatal de Desarrollo 2016-2022<\/a><\/h2>\n<\/div>\n<p>eloriente.net 22 de agosto de 2017 Esta ma\u00f1ana en ceremonia efectuada en el Palacio de Gobierno de Oaxaca, fue presentado p\u00fablicamente el Plan Estatal de Desarrollo 2016-2022. El\u2026<\/p>\n<p class=\"postmeta\"><span class=\"meta_date\">agosto 22, 2017<\/span><\/p>\n<p class=\"postmeta\">\n<\/div>\n<div class=\"featuredpost\">\n<div class=\"flow_hide\">\n<p><a href=\"http:\/\/www.eloriente.net\/home\/2017\/08\/22\/se-vivio-oaxaca-eclipse-parcial-sol\/\" rel=\"bookmark\"><img decoding=\"async\" class=\"alignleft\" title=\"\u00bfC\u00f3mo se vivi\u00f3 en Oaxaca el eclipse parcial de sol?\" src=\"http:\/\/www.eloriente.net\/home\/wp-content\/themes\/city-desk\/timthumb.php?src=http%3A%2F%2Fwww.eloriente.net%2Fhome%2Fwp-content%2Fuploads%2F2017%2F08%2F21876941029_10398de607_k.jpg&amp;q=90&amp;w=70&amp;h=45&amp;zc=1\" alt=\"\u00bfC\u00f3mo se vivi\u00f3 en Oaxaca el eclipse parcial de sol?\" \/><\/a><\/p>\n<h2 class=\"posttitle \"><a title=\"Enlace Permanente a \u00bfC\u00f3mo se vivi\u00f3 en Oaxaca el eclipse parcial de sol?\" href=\"http:\/\/www.eloriente.net\/home\/2017\/08\/22\/se-vivio-oaxaca-eclipse-parcial-sol\/\" rel=\"bookmark\">\u00bfC\u00f3mo se vivi\u00f3 en Oaxaca el eclipse parcial de sol?<\/a><\/h2>\n<\/div>\n<p>(www.eloriente.net, M\u00e9xico, a 22 de agosto de 2017. Por: Jessica Lamadrid).- El d\u00eda 21 de agosto en la ciudad se pudo apreciar en el Observatorio Astron\u00f3mico Municipal de\u2026<\/p>\n<p class=\"postmeta\"><span class=\"meta_date\">agosto 22, 2017<\/span><\/p>\n<\/div>\n\n\t\t\t  <div \n\t\t\t  \tclass = \"fb-comments\" \n\t\t\t  \tdata-href = \"https:\/\/www.eloriente.net\/home\/2017\/08\/24\/no-puedes-dejar-ir-oaxaca-del-24-al-30-agosto-2017\/\"\n\t\t\t  \tdata-numposts = \"10\"\n\t\t\t\tdata-colorscheme = \"dark\"\n\t\t\t\tdata-order-by = \"social\"\n\t\t\t\tdata-mobile=true>\n\t\t\t  <\/div>\n\t\t  <style>\n\t\t\t.fb_iframe_widget_fluid_desktop iframe {\n\t\t\t    width: 100% !important;\n\t\t\t}\n\t\t  <\/style>\n\t\t  ","protected":false},"excerpt":{"rendered":"<p>(www.eloriente.net, M\u00e9xico, a 24 de agosto de 2017. Por: Jessica Lamadrid).- Los centros culturales de nuestra ciudad han preparado un gran variedad de eventos y actividades que se desarrollar\u00e1n a lo largo de esta semana para todo el p\u00fablico. Con el objetivo de que tengas oportunidad de asistir a alguno de ellos, en el ELORIENTE.NET [&hellip;]<\/p>\n","protected":false},"author":45,"featured_media":49821,"comment_status":"open","ping_status":"open","sticky":false,"template":"","format":"standard","meta":{"_jetpack_memberships_contains_paid_content":false,"footnotes":""},"categories":[8,18,32,10,464,31],"tags":[8231,5616,5669,8230],"class_list":["post-49819","post","type-post","status-publish","format-standard","has-post-thumbnail","hentry","category-agenda","category-educacion-y-cultura","category-entradas","category-lo-mas-reciente","category-oaxaca-estados","category-principal","tag-no-puedes-dejar-de-ir-en-oaxaca","tag-5-actividades-culturales","tag-agenda-cultural","tag-del-24-al-30-de-agosto-en-oaxaca"],"jetpack_featured_media_url":"https:\/\/www.eloriente.net\/home\/wp-content\/uploads\/2017\/08\/5841163523_cda3fa5183_b.jpg","jetpack_sharing_enabled":true,"_links":{"self":[{"href":"https:\/\/www.eloriente.net\/home\/wp-json\/wp\/v2\/posts\/49819"}],"collection":[{"href":"https:\/\/www.eloriente.net\/home\/wp-json\/wp\/v2\/posts"}],"about":[{"href":"https:\/\/www.eloriente.net\/home\/wp-json\/wp\/v2\/types\/post"}],"author":[{"embeddable":true,"href":"https:\/\/www.eloriente.net\/home\/wp-json\/wp\/v2\/users\/45"}],"replies":[{"embeddable":true,"href":"https:\/\/www.eloriente.net\/home\/wp-json\/wp\/v2\/comments?post=49819"}],"version-history":[{"count":5,"href":"https:\/\/www.eloriente.net\/home\/wp-json\/wp\/v2\/posts\/49819\/revisions"}],"predecessor-version":[{"id":49961,"href":"https:\/\/www.eloriente.net\/home\/wp-json\/wp\/v2\/posts\/49819\/revisions\/49961"}],"wp:featuredmedia":[{"embeddable":true,"href":"https:\/\/www.eloriente.net\/home\/wp-json\/wp\/v2\/media\/49821"}],"wp:attachment":[{"href":"https:\/\/www.eloriente.net\/home\/wp-json\/wp\/v2\/media?parent=49819"}],"wp:term":[{"taxonomy":"category","embeddable":true,"href":"https:\/\/www.eloriente.net\/home\/wp-json\/wp\/v2\/categories?post=49819"},{"taxonomy":"post_tag","embeddable":true,"href":"https:\/\/www.eloriente.net\/home\/wp-json\/wp\/v2\/tags?post=49819"}],"curies":[{"name":"wp","href":"https:\/\/api.w.org\/{rel}","templated":true}]}}