{"id":50264,"date":"2017-09-12T06:43:12","date_gmt":"2017-09-12T12:43:12","guid":{"rendered":"http:\/\/www.eloriente.net\/home\/?p=50264"},"modified":"2017-09-11T18:21:33","modified_gmt":"2017-09-12T00:21:33","slug":"5-vacantes-administracion-martesdevacantes-7","status":"publish","type":"post","link":"https:\/\/www.eloriente.net\/home\/2017\/09\/12\/5-vacantes-administracion-martesdevacantes-7\/","title":{"rendered":"5 Vacantes en Administraci\u00f3n #MartesDeVacantes"},"content":{"rendered":"<p><script src=\"\/\/pagead2.googlesyndication.com\/pagead\/js\/adsbygoogle.js\" async=\"\"><\/script><!-- BANNER ELORIENTE INCRUSTADO NOTAS --> <ins class=\"adsbygoogle\" style=\"display: inline-block; width: 300px; height: 250px;\" data-ad-client=\"ca-pub-1136171134853753\" data-ad-slot=\"7974633627\"><\/ins><script>\/\/ <![CDATA[\n(adsbygoogle = window.adsbygoogle || []).push({});\n\/\/ ]]><\/script><\/p>\n<p>&nbsp;<\/p>\n<p>(www.eloriente.net, M\u00e9xico, a 12 de septiembre de 2017).- Conscientes de la importancia para la ciudadan\u00eda en general de la b\u00fasqueda de nuevas oportunidades de crecimiento profesional, ponemos a tu disposici\u00f3n semanalmente ofertas de empleo disponibles por profesi\u00f3n en cualquier parte de M\u00e9xico y del mundo o, cuando as\u00ed lo amerita, exclusivamente en Oaxaca.<\/p>\n<p>En esta ocasi\u00f3n, ELORIENTE.NET comparte cinco vacantes en Administraci\u00f3n.<\/p>\n<p>Si deseas aplicar para alguna de las vacantes, deber\u00e1s darle clic al t\u00edtulo de esta y te llevar\u00e1 al sitio que te pondr\u00e1 en contacto con los empleadores. No olvides comentar que la oportunidad la has encontrado con nosotros en el Martes de Vacantes de ELORIENTE.NET. \u00a1\u00c9xito!<\/p>\n<p><a href=\"https:\/\/www.occ.com.mx\/empleo\/oferta\/10248140\/-en-Oaxaca?returnURL=https%3A%2F%2Fwww.occ.com.mx%2Fempleos-en-oaxaca%2Fadministraci%25C3%25B3n%231\" target=\"_blank\"><strong>1.- EJECUTIVO DE PUBLICIDAD<\/strong><\/a><\/p>\n<p><strong>Escolaridad:<\/strong> Licenciatura en Administraci\u00f3n, Mercadotecnia o af\u00edn.<\/p>\n<p><strong>G\u00e9nero:<\/strong> Indistinto<\/p>\n<p><strong>Requisitos:<\/strong> Dinamismo, negociador, proactivo. Preferente contar con experiencia laboral en ventas corporativas.<\/p>\n<p><strong>Funciones<\/strong>: Venta de spots publicitarios<\/p>\n<p><strong>Salario<\/strong>: Entre $5000 y $9000 mensuales<\/p>\n<p><strong>Horario<\/strong>: Tiempo completo (no especificado)<\/p>\n<p><a href=\"https:\/\/www.computrabajo.com.mx\/ofertas-de-trabajo\/oferta-de-trabajo-de-auxiliar-administrativo-para-coordinacion-de-agenda--en-oaxaca-de-juarez-BACB03C3F82B6498\" target=\"_blank\"><strong>2.- AUXILIAR ADMINISTRATIVO<\/strong><\/a><\/p>\n<p><strong>Escolaridad:<\/strong> Licenciatura en Administraci\u00f3n, Relaciones P\u00fablicas, Comunicaci\u00f3n Social o carrera af\u00edn.<\/p>\n<p><strong>G\u00e9nero:<\/strong> Inditinto<\/p>\n<p><strong>Requisitos:<\/strong> Experiencia m\u00ednima de un a\u00f1o. Edad de 24 a 30 a\u00f1os.<\/p>\n<p><strong>Funciones:<\/strong> Atender llamadas y solicitudes de instituciones que desean gestionar los programas de desarrollo social que la fundaci\u00f3n contratante tiene para los gobiernos municipales, estatales, y Organizaciones de la Sociedad Civil.<\/p>\n<p><strong>Salario:<\/strong> A convenir<\/p>\n<p><strong>Horario:<\/strong> Tiempo completo (no especificado)<\/p>\n<p><strong><a href=\"https:\/\/www.indeed.com.mx\/cmp\/COMPARTAMOS-SERVICIOS-S.-A.-DE-C.-V.\/jobs\/Generalista-fdc8e228066f61d4?sjdu=QwrRXKrqZ3CNX5W-O9jEvR00-QaS2KAMNkf8eG_dYf8IUtg_0AvxmS3RzZqKElrqHOVUoxsw2rVf_t8Vg1PZzrOvKUoN_Cjayd5yeprfNc4\">3.- GENERALISTA DE RECURSOS HUMANOS<\/a><\/strong><\/p>\n<p><strong>Escolaridad:<\/strong> Licenciatura en Administraci\u00f3n de Empresas, Psicolog\u00eda o af\u00edn.<\/p>\n<p><strong>G\u00e9nero:<\/strong> Indistinto<\/p>\n<p><strong>Requisitos:<\/strong> Experiencia m\u00ednima de 1 a\u00f1o en reclutamiento y selecci\u00f3n, Manejo de paqueter\u00eda Office, Manejo de pruebas psicom\u00e9tricas (Machover y pruebas de integridad)<\/p>\n<p><strong>Funciones:<\/strong> Entrevista por competencias. Aplicaci\u00f3n de pruebas psicom\u00e9tricas. Publicaci\u00f3n de vacantes en diversas fuentes de reclutamiento. Actividades administrativas diversas.<br \/>\nReclutamiento y selecci\u00f3n de puestos operativos y mandos medios Medici\u00f3n de clima laboral.<br \/>\nSeguimiento a colaboradores<\/p>\n<p><strong>Salario<\/strong>: $8500 mensuales<\/p>\n<p><strong>Horario:<\/strong> Tiempo completo (no especificado)<\/p>\n<p><script src=\"\/\/pagead2.googlesyndication.com\/pagead\/js\/adsbygoogle.js\" async=\"\"><\/script><!-- BANNER PEQUE\u00d1O PARA ENTRENOTAS EL ORIENTE --> <ins class=\"adsbygoogle\" style=\"display: inline-block; width: 468px; height: 60px;\" data-ad-client=\"ca-pub-1136171134853753\" data-ad-slot=\"4953536424\"><\/ins><script>\/\/ <![CDATA[\n(adsbygoogle = window.adsbygoogle || []).push({});\n\/\/ ]]><\/script><\/p>\n<p><a href=\"https:\/\/www.empleo.gob.mx\/3218066-oferta-de-empleo-de-gerente-de-ventas-valoraciones-integrales\" target=\"_blank\"><strong>4.- GERENTE EN VENTAS<\/strong><\/a><\/p>\n<p><strong>Escolaridad:<\/strong> Licenciatura en Administraci\u00f3n<\/p>\n<p><strong>G\u00e9nero:<\/strong> Indistinto<\/p>\n<p><strong>Requisitos:<\/strong> Experiencia m\u00ednima de 2 a\u00f1os en puestos similares. Edad entre 23 y 35 a\u00f1os. Conocimientos en el manejo de la paqueter\u00eda Office. Manejo de personal, liderazgo y sentido de responsabilidad.<\/p>\n<p><strong>Funciones:<\/strong> Contacto con proveedores, recorridos en ruta y supervisi\u00f3n de personal.<\/p>\n<p><strong>Salario:<\/strong> $6000 mensuales<\/p>\n<p><strong>Horario:<\/strong> Lunes a s\u00e1bado de 9:00 a 18:00 horas.<\/p>\n<p><a href=\"https:\/\/www.computrabajo.com.mx\/ofertas-de-trabajo\/oferta-de-trabajo-de-administrador-de-garantias-experiencia-administrativa--en-oaxaca-de-juarez-0232B1C4DAE9DDE4\" target=\"_blank\"><strong>5.- ADMINISTRADOR DE GARANT\u00cdAS<\/strong><\/a><\/p>\n<p><strong>Escolaridad:<\/strong> Licenciatura en Administraci\u00f3n<\/p>\n<p><strong>G\u00e9nero:<\/strong> Indistinto<\/p>\n<p><strong>Requisitos:<\/strong> Edad entre 30 y 38 a\u00f1os. Experiencia m\u00ednima de 3 a\u00f1os en puestos similares. Actitud de servicio. Trabajar bajo presi\u00f3n. Disponibilidad de tiempo.<\/p>\n<p><strong>Funciones:<\/strong> Administrar y dar seguimiento al proceso de cobro de garant\u00edas, monitoreando el flujo continuo de informaci\u00f3n entre la concesionaria y el \u00e1rea de garant\u00edas de SEAT Y AUDI.<\/p>\n<p><strong>Salario:<\/strong> A convenir<\/p>\n<p><strong>Horario:<\/strong> Lunes a viernes de 8:00 a 14:00 horas y de 16:00 a 19:00 horas. S\u00e1bado de 8:00 a 15:00 horas<\/p>\n<p><a href=\"http:\/\/www.eloriente.net\/home\/wp-content\/uploads\/2014\/05\/martes-de-vacantes.jpg\" rel=\"attachment wp-att-25869\"><img loading=\"lazy\" decoding=\"async\" class=\"alignnone wp-image-25869\" src=\"http:\/\/www.eloriente.net\/home\/wp-content\/uploads\/2014\/05\/martes-de-vacantes.jpg\" alt=\"martes de vacantes\" width=\"600\" height=\"399\" srcset=\"https:\/\/www.eloriente.net\/home\/wp-content\/uploads\/2014\/05\/martes-de-vacantes.jpg 1024w, https:\/\/www.eloriente.net\/home\/wp-content\/uploads\/2014\/05\/martes-de-vacantes-300x199.jpg 300w\" sizes=\"(max-width: 600px) 100vw, 600px\" \/><\/a><\/p>\n<p><strong>OTRAS ENTRADAS<\/strong><\/p>\n<div class=\"featuredpost\">\n<div class=\"flow_hide\">\n<h2 class=\"posttitle bigposttitle\"><a title=\"Enlace Permanente a VIDEOCOLUMNA: Educaci\u00f3n, cultura y turismo sostenible. Por Juan Antonio G\u00f3mez\" href=\"http:\/\/www.eloriente.net\/home\/2017\/09\/11\/videocolumna-educacion-cultura-turismo-sostenible-juan-antonio-gomez\/\" rel=\"bookmark\">VIDEOCOLUMNA: Educaci\u00f3n, cultura y turismo sostenible. Por Juan Antonio G\u00f3mez<\/a><\/h2>\n<\/div>\n<p>eloriente.net 11 de septiembre de 2017 \u201cEn materia de educaci\u00f3n los ambientes virtuales est\u00e1n presentes (24\/7\/365), hay quienes err\u00f3neamente los llaman la \u201ctecnolog\u00eda del futuro\u201d y sin\u2026<\/p>\n<p class=\"postmeta\"><span class=\"meta_date\">septiembre 11, 201<\/span><\/p>\n<div class=\"toolbar-social\"><\/div>\n<\/div>\n<div class=\"featuredpost\">\n<div class=\"flow_hide\"><a href=\"http:\/\/www.eloriente.net\/home\/2017\/09\/11\/vivo-balance-situacion-oaxaca-chiapas-epn\/\" rel=\"bookmark\"><img decoding=\"async\" class=\"alignleft\" title=\"EN VIVO: Balance sobre situaci\u00f3n en Oaxaca y Chiapas, por EPN\" src=\"http:\/\/www.eloriente.net\/home\/wp-content\/themes\/city-desk\/timthumb.php?src=http%3A%2F%2Fwww.eloriente.net%2Fhome%2Fwp-content%2Fuploads%2F2017%2F09%2FEPN-CAPTURA-11SEP17.png&amp;q=90&amp;w=70&amp;h=45&amp;zc=1\" alt=\"EN VIVO: Balance sobre situaci\u00f3n en Oaxaca y Chiapas, por EPN\" \/><\/a><\/p>\n<h2 class=\"posttitle \"><a title=\"Enlace Permanente a EN VIVO: Balance sobre situaci\u00f3n en Oaxaca y Chiapas, por EPN\" href=\"http:\/\/www.eloriente.net\/home\/2017\/09\/11\/vivo-balance-situacion-oaxaca-chiapas-epn\/\" rel=\"bookmark\">EN VIVO: Balance sobre situaci\u00f3n en Oaxaca y Chiapas, por EPN<\/a><\/h2>\n<\/div>\n<p>eloriente.net\/Presidencia de la Rep\u00fablica 11 de septiembre de 2017 6:30 de la tarde y el presidente Enrique Pe\u00f1a Nieto est\u00e1 brindando un mensaje a la naci\u00f3n desde Chiapa\u2026<\/p>\n<p class=\"postmeta\"><span class=\"meta_date\">septiembre 11, 2017<\/span><\/p>\n<div class=\"toolbar-social\"><\/div>\n<\/div>\n<div class=\"featuredpost\">\n<div class=\"flow_hide\"><a href=\"http:\/\/www.eloriente.net\/home\/2017\/09\/11\/videocolumna-podemos-ayudar-karina-baron\/\" rel=\"bookmark\"><img decoding=\"async\" class=\"alignleft\" title=\"VIDEOCOLUMNA: \u00bfEn qu\u00e9 podemos ayudar? Por Karina Bar\u00f3n\" src=\"http:\/\/www.eloriente.net\/home\/wp-content\/themes\/city-desk\/timthumb.php?src=http%3A%2F%2Fwww.eloriente.net%2Fhome%2Fwp-content%2Fuploads%2F2017%2F09%2FKARINA-BARO%CC%81N-11-DE-SEPTIEMBRE-2017.jpg&amp;q=90&amp;w=70&amp;h=45&amp;zc=1\" alt=\"VIDEOCOLUMNA: \u00bfEn qu\u00e9 podemos ayudar? Por Karina Bar\u00f3n\" \/><\/a><\/p>\n<h2 class=\"posttitle \"><a title=\"Enlace Permanente a VIDEOCOLUMNA: \u00bfEn qu\u00e9 podemos ayudar? Por Karina Bar\u00f3n\" href=\"http:\/\/www.eloriente.net\/home\/2017\/09\/11\/videocolumna-podemos-ayudar-karina-baron\/\" rel=\"bookmark\">VIDEOCOLUMNA: \u00bfEn qu\u00e9 podemos ayudar? Por Karina Bar\u00f3n<\/a><\/h2>\n<\/div>\n<p>eloriente.net 11 de septiembre de 2017 \u201cEn concreto, \u00bfen qu\u00e9 podemos ayudar? Basta de discursos y de expresi\u00f3n de buenas intenciones. inclusive, basta de publicidad encubierta de\u2026<\/p>\n<p class=\"postmeta\"><span class=\"meta_date\">septiembre 11, 2017<\/span><\/p>\n<\/div>\n\n\t\t\t  <div \n\t\t\t  \tclass = \"fb-comments\" \n\t\t\t  \tdata-href = \"https:\/\/www.eloriente.net\/home\/2017\/09\/12\/5-vacantes-administracion-martesdevacantes-7\/\"\n\t\t\t  \tdata-numposts = \"10\"\n\t\t\t\tdata-colorscheme = \"dark\"\n\t\t\t\tdata-order-by = \"social\"\n\t\t\t\tdata-mobile=true>\n\t\t\t  <\/div>\n\t\t  <style>\n\t\t\t.fb_iframe_widget_fluid_desktop iframe {\n\t\t\t    width: 100% !important;\n\t\t\t}\n\t\t  <\/style>\n\t\t  ","protected":false},"excerpt":{"rendered":"<p>&nbsp; (www.eloriente.net, M\u00e9xico, a 12 de septiembre de 2017).- Conscientes de la importancia para la ciudadan\u00eda en general de la b\u00fasqueda de nuevas oportunidades de crecimiento profesional, ponemos a tu disposici\u00f3n semanalmente ofertas de empleo disponibles por profesi\u00f3n en cualquier parte de M\u00e9xico y del mundo o, cuando as\u00ed lo amerita, exclusivamente en Oaxaca. En [&hellip;]<\/p>\n","protected":false},"author":44,"featured_media":25869,"comment_status":"open","ping_status":"open","sticky":false,"template":"","format":"standard","meta":{"_jetpack_memberships_contains_paid_content":false,"footnotes":""},"categories":[942,32,63,464,31,19],"tags":[4080,411,215,2420,73,777,211],"class_list":["post-50264","post","type-post","status-publish","format-standard","has-post-thumbnail","hentry","category-martesdevacantes","category-entradas","category-estados","category-oaxaca-estados","category-principal","category-turismo-y-negocios","tag-martesdevacantes","tag-administracion","tag-empleo","tag-martes-de-vacantes","tag-oaxaca","tag-oportunidades","tag-trabajo"],"jetpack_featured_media_url":"https:\/\/www.eloriente.net\/home\/wp-content\/uploads\/2014\/05\/martes-de-vacantes.jpg","jetpack_sharing_enabled":true,"_links":{"self":[{"href":"https:\/\/www.eloriente.net\/home\/wp-json\/wp\/v2\/posts\/50264"}],"collection":[{"href":"https:\/\/www.eloriente.net\/home\/wp-json\/wp\/v2\/posts"}],"about":[{"href":"https:\/\/www.eloriente.net\/home\/wp-json\/wp\/v2\/types\/post"}],"author":[{"embeddable":true,"href":"https:\/\/www.eloriente.net\/home\/wp-json\/wp\/v2\/users\/44"}],"replies":[{"embeddable":true,"href":"https:\/\/www.eloriente.net\/home\/wp-json\/wp\/v2\/comments?post=50264"}],"version-history":[{"count":1,"href":"https:\/\/www.eloriente.net\/home\/wp-json\/wp\/v2\/posts\/50264\/revisions"}],"predecessor-version":[{"id":50270,"href":"https:\/\/www.eloriente.net\/home\/wp-json\/wp\/v2\/posts\/50264\/revisions\/50270"}],"wp:featuredmedia":[{"embeddable":true,"href":"https:\/\/www.eloriente.net\/home\/wp-json\/wp\/v2\/media\/25869"}],"wp:attachment":[{"href":"https:\/\/www.eloriente.net\/home\/wp-json\/wp\/v2\/media?parent=50264"}],"wp:term":[{"taxonomy":"category","embeddable":true,"href":"https:\/\/www.eloriente.net\/home\/wp-json\/wp\/v2\/categories?post=50264"},{"taxonomy":"post_tag","embeddable":true,"href":"https:\/\/www.eloriente.net\/home\/wp-json\/wp\/v2\/tags?post=50264"}],"curies":[{"name":"wp","href":"https:\/\/api.w.org\/{rel}","templated":true}]}}