{"id":50520,"date":"2017-09-26T12:00:45","date_gmt":"2017-09-26T18:00:45","guid":{"rendered":"http:\/\/www.eloriente.net\/home\/?p=50520"},"modified":"2017-09-26T13:26:15","modified_gmt":"2017-09-26T19:26:15","slug":"cultura-oaxaca-filmfest-suspende-actividades","status":"publish","type":"post","link":"https:\/\/www.eloriente.net\/home\/2017\/09\/26\/cultura-oaxaca-filmfest-suspende-actividades\/","title":{"rendered":"CULTURA: Oaxaca Film Fest suspende sus actividades"},"content":{"rendered":"<p><script src=\"\/\/pagead2.googlesyndication.com\/pagead\/js\/adsbygoogle.js\" async=\"\"><\/script><!-- BANNER ELORIENTE INCRUSTADO NOTAS --> <ins class=\"adsbygoogle\" style=\"display: inline-block; width: 300px; height: 250px;\" data-ad-client=\"ca-pub-1136171134853753\" data-ad-slot=\"7974633627\"><\/ins><script>\/\/ <![CDATA[\n(adsbygoogle = window.adsbygoogle || []).push({});\n\/\/ ]]><\/script><\/p>\n<p>(www.eloriente.net, M\u00e9xico. 26 de septiembre de 2017. Por: Jessica Lamadrid).- Los organizadores de<a href=\"https:\/\/www.oaxacafilmfest.com\/\" target=\"_blank\"> Oaxaca FilmFest<\/a> han dado a conocer por medio de su p\u00e1gina oficial y redes sociales que las actividades programas para las pr\u00f3ximas semanas quedan suspendidas hasta nuevo aviso, esto debido a los hechos ocurridos durante las \u00faltimas semanas que afectaron a gran parte de la poblaci\u00f3n del estado y de la Ciudad de M\u00e9xico.<\/p>\n<p><script src=\"\/\/pagead2.googlesyndication.com\/pagead\/js\/adsbygoogle.js\" async=\"\"><\/script><!-- BANNER PEQUE\u00d1O PARA ENTRENOTAS EL ORIENTE --> <ins class=\"adsbygoogle\" style=\"display: inline-block; width: 468px; height: 60px;\" data-ad-client=\"ca-pub-1136171134853753\" data-ad-slot=\"4953536424\"><\/ins><script>\/\/ <![CDATA[\n(adsbygoogle = window.adsbygoogle || []).push({});\n\/\/ ]]><\/script><\/p>\n<p style=\"text-align: center;\"><em>\u00abBuenos d\u00edas desde Oaxaca.<\/em><br \/>\n<em>Como a todos, de una manera u otra en el pa\u00eds, los eventos de las dos \u00faltimas semanas nos han afectado severamente.<\/em><\/p>\n<div class=\"text_exposed_show\">\n<p style=\"text-align: center;\"><em>Desde la p\u00e9rdida de una sede principal y la p\u00e9rdida de nuestra oficina el la ciudad de M\u00e9xico al impacto en nuestros proveedores, nuestros ponentes, nuestros patrocinadores y el Equipo Oaxaca FilmFest.<\/em><\/p>\n<p style=\"text-align: center;\"><em>Este a\u00f1o tenemos que enfocarnos en nuestra comunidad, nuestra ciudad y nuestro pa\u00eds&#8230;no es el momento de celebraciones sino de enfocarnos en las v\u00edctimas y los desplazados.<\/em><\/p>\n<p style=\"text-align: center;\"><em>Necesitamos apoyar a nuestro Equipo y nuestras familias.<\/em><\/p>\n<p style=\"text-align: center;\"><em>Es por esto que informamos que esta Octava Edici\u00f3n de Oaxaca FilmFest est\u00e1 pospuesta de manera indefinida\u00bb<\/em><\/p>\n<p style=\"text-align: left;\">De esta manera los organizadores comunicaron las circunstancias por las cuales el festival no se llevar\u00e1 a cabo como lo planeado, pues a causa de los sismos ocurridos el 7 y 19 de septiembre afectaron la sede principal en la <a href=\"http:\/\/www.eloriente.net\/home\/2017\/09\/13\/oaxaca-reporte-danos-terremoto-lluvias-capital\/\" target=\"_blank\">Ciudad de Oaxac<\/a>a, al igual que otros espacios culturales de la ciudad, tal y como se inform\u00f3 en la nota anterior de <a href=\"http:\/\/www.eloriente.net\/home\/2017\/09\/08\/oaxaca-suspenden-actividades-recintos-culturales-sismo\/\" target=\"_blank\">\u00abSuspenden actividades teatros y recintos culturales\u00bb<\/a>.<\/p>\n<p style=\"text-align: left;\">En el mismo comunicado informan al p\u00fablico que el d\u00eda 4 de octubre estar\u00e1n compartiendo nuevas noticias sobre esta edici\u00f3n del festival, en cuesti\u00f3n de nuevas sedes y fechas.<\/p>\n<p style=\"text-align: left;\">Aqu\u00ed te dejamos tambi\u00e9n el comunicado completo:<\/p>\n<p style=\"text-align: left;\"><a href=\"http:\/\/www.eloriente.net\/home\/wp-content\/uploads\/2017\/09\/Comunicado-de-Oaxaca-FilmFest.png\" rel=\"attachment wp-att-50522\"><img loading=\"lazy\" decoding=\"async\" class=\" wp-image-50522 aligncenter\" src=\"http:\/\/www.eloriente.net\/home\/wp-content\/uploads\/2017\/09\/Comunicado-de-Oaxaca-FilmFest-1024x465.png\" alt=\"Comunicado de Oaxaca FilmFest\" width=\"816\" height=\"371\" srcset=\"https:\/\/www.eloriente.net\/home\/wp-content\/uploads\/2017\/09\/Comunicado-de-Oaxaca-FilmFest-1024x465.png 1024w, https:\/\/www.eloriente.net\/home\/wp-content\/uploads\/2017\/09\/Comunicado-de-Oaxaca-FilmFest-300x136.png 300w, https:\/\/www.eloriente.net\/home\/wp-content\/uploads\/2017\/09\/Comunicado-de-Oaxaca-FilmFest-768x349.png 768w, https:\/\/www.eloriente.net\/home\/wp-content\/uploads\/2017\/09\/Comunicado-de-Oaxaca-FilmFest.png 1333w\" sizes=\"(max-width: 816px) 100vw, 816px\" \/><\/a><\/p>\n<\/div>\n<h1>OTRAS ENTRADAS<\/h1>\n<div class=\"featuredpost\">\n<div class=\"flow_hide\">\n<h2 class=\"posttitle bigposttitle\"><a title=\"Enlace Permanente a Fundaci\u00f3n Chedraui dona 1,000 despensas a la Sierra Mixe\" href=\"http:\/\/www.eloriente.net\/home\/2017\/09\/26\/fundacion-chedraui-dona-1000-despensas-la-sierra-mixe\/\" rel=\"bookmark\">Fundaci\u00f3n Chedraui dona 1,000 despensas a la Sierra Mixe<\/a><\/h2>\n<\/div>\n<p>(www.eloriente.net, M\u00e9xico. 26 de septiembre de 2017. Por: Jessica Lamadrid).- Los terribles acontecimientos por los cuales atraviesa nuestro estado y el pa\u00eds, han permitido que se muestren grandes\u2026<\/p>\n<p class=\"postmeta\"><span class=\"meta_date\">septiembre 26, 2017<\/span><\/p>\n<p class=\"postmeta\">\n<\/div>\n<div class=\"featuredpost\">\n<div class=\"flow_hide\">\n<p><a href=\"http:\/\/www.eloriente.net\/home\/2017\/09\/26\/5-vacantes-medicina-martesdevacantes-2\/\" rel=\"bookmark\"><img decoding=\"async\" class=\"alignleft\" title=\"5 Vacantes en Medicina #MartesDeVacantes\" src=\"http:\/\/www.eloriente.net\/home\/wp-content\/themes\/city-desk\/timthumb.php?src=http%3A%2F%2Fwww.eloriente.net%2Fhome%2Fwp-content%2Fuploads%2F2014%2F05%2Fmartes-de-vacantes.jpg&amp;q=90&amp;w=70&amp;h=45&amp;zc=1\" alt=\"5 Vacantes en Medicina #MartesDeVacantes\" \/><\/a><\/p>\n<h2 class=\"posttitle \"><a title=\"Enlace Permanente a 5 Vacantes en Medicina #MartesDeVacantes\" href=\"http:\/\/www.eloriente.net\/home\/2017\/09\/26\/5-vacantes-medicina-martesdevacantes-2\/\" rel=\"bookmark\">5 Vacantes en Medicina #MartesDeVacantes<\/a><\/h2>\n<\/div>\n<p>(www.eloriente.net, M\u00e9xico, a 26 de septiembre de 2017).- Conscientes de la importancia para la ciudadan\u00eda en general de la b\u00fasqueda de nuevas oportunidades de crecimiento profesional, ponemos\u2026<\/p>\n<p class=\"postmeta\"><span class=\"meta_date\">septiembre 26, 2017<\/span><\/p>\n<p class=\"postmeta\">\n<\/div>\n<div class=\"featuredpost\">\n<div class=\"flow_hide\">\n<p><a href=\"http:\/\/www.eloriente.net\/home\/2017\/09\/25\/videocolumna-todas-todos-los-diputados-federales-morena-donaremos-mes-sueldo-karina-baron\/\" rel=\"bookmark\"><img decoding=\"async\" class=\"alignleft\" title=\"VIDEOCOLUMNA: Todas y todos los diputados federales de Morena, donaremos un mes de sueldo. Por Karina Bar\u00f3n\" src=\"http:\/\/www.eloriente.net\/home\/wp-content\/themes\/city-desk\/timthumb.php?src=http%3A%2F%2Fwww.eloriente.net%2Fhome%2Fwp-content%2Fuploads%2F2017%2F09%2FKARINA-BARO%CC%81N-25-DE-SEPTIEMBRE-2017.jpg&amp;q=90&amp;w=70&amp;h=45&amp;zc=1\" alt=\"VIDEOCOLUMNA: Todas y todos los diputados federales de Morena, donaremos un mes de sueldo. Por Karina Bar\u00f3n\" \/><\/a><\/p>\n<h2 class=\"posttitle \"><a title=\"Enlace Permanente a VIDEOCOLUMNA: Todas y todos los diputados federales de Morena, donaremos un mes de sueldo. Por Karina Bar\u00f3n\" href=\"http:\/\/www.eloriente.net\/home\/2017\/09\/25\/videocolumna-todas-todos-los-diputados-federales-morena-donaremos-mes-sueldo-karina-baron\/\" rel=\"bookmark\">VIDEOCOLUMNA: Todas y todos los diputados federales de Morena, donaremos un mes de sueldo. Por Karina Bar\u00f3n<\/a><\/h2>\n<\/div>\n<p>eloriente.net 25 de septiembre de 2017 \u201cSin rodeos. Todas y todos los diputados federales de Morena, donaremos un mes de sueldo en apoyo a los damnificados de\u2026<\/p>\n<p class=\"postmeta\"><span class=\"meta_date\">septiembre 25, 2017<\/span><\/p>\n<\/div>\n\n\t\t\t  <div \n\t\t\t  \tclass = \"fb-comments\" \n\t\t\t  \tdata-href = \"https:\/\/www.eloriente.net\/home\/2017\/09\/26\/cultura-oaxaca-filmfest-suspende-actividades\/\"\n\t\t\t  \tdata-numposts = \"10\"\n\t\t\t\tdata-colorscheme = \"dark\"\n\t\t\t\tdata-order-by = \"social\"\n\t\t\t\tdata-mobile=true>\n\t\t\t  <\/div>\n\t\t  <style>\n\t\t\t.fb_iframe_widget_fluid_desktop iframe {\n\t\t\t    width: 100% !important;\n\t\t\t}\n\t\t  <\/style>\n\t\t  ","protected":false},"excerpt":{"rendered":"<p>(www.eloriente.net, M\u00e9xico. 26 de septiembre de 2017. Por: Jessica Lamadrid).- Los organizadores de Oaxaca FilmFest han dado a conocer por medio de su p\u00e1gina oficial y redes sociales que las actividades programas para las pr\u00f3ximas semanas quedan suspendidas hasta nuevo aviso, esto debido a los hechos ocurridos durante las \u00faltimas semanas que afectaron a gran [&hellip;]<\/p>\n","protected":false},"author":45,"featured_media":50521,"comment_status":"open","ping_status":"open","sticky":false,"template":"","format":"standard","meta":{"_jetpack_memberships_contains_paid_content":false,"footnotes":""},"categories":[29,56,18,32,10,464],"tags":[4559,8392,8433],"class_list":["post-50520","post","type-post","status-publish","format-standard","has-post-thumbnail","hentry","category-capital","category-cine","category-educacion-y-cultura","category-entradas","category-lo-mas-reciente","category-oaxaca-estados","tag-oaxaca-filmfest","tag-sismos-oaxaca","tag-suspenden-actividades-de-oaxaca-filmfest-2017"],"jetpack_featured_media_url":"https:\/\/www.eloriente.net\/home\/wp-content\/uploads\/2017\/09\/22007351_1533919893317882_646747427749022839_n.jpg","jetpack_sharing_enabled":true,"_links":{"self":[{"href":"https:\/\/www.eloriente.net\/home\/wp-json\/wp\/v2\/posts\/50520"}],"collection":[{"href":"https:\/\/www.eloriente.net\/home\/wp-json\/wp\/v2\/posts"}],"about":[{"href":"https:\/\/www.eloriente.net\/home\/wp-json\/wp\/v2\/types\/post"}],"author":[{"embeddable":true,"href":"https:\/\/www.eloriente.net\/home\/wp-json\/wp\/v2\/users\/45"}],"replies":[{"embeddable":true,"href":"https:\/\/www.eloriente.net\/home\/wp-json\/wp\/v2\/comments?post=50520"}],"version-history":[{"count":3,"href":"https:\/\/www.eloriente.net\/home\/wp-json\/wp\/v2\/posts\/50520\/revisions"}],"predecessor-version":[{"id":50527,"href":"https:\/\/www.eloriente.net\/home\/wp-json\/wp\/v2\/posts\/50520\/revisions\/50527"}],"wp:featuredmedia":[{"embeddable":true,"href":"https:\/\/www.eloriente.net\/home\/wp-json\/wp\/v2\/media\/50521"}],"wp:attachment":[{"href":"https:\/\/www.eloriente.net\/home\/wp-json\/wp\/v2\/media?parent=50520"}],"wp:term":[{"taxonomy":"category","embeddable":true,"href":"https:\/\/www.eloriente.net\/home\/wp-json\/wp\/v2\/categories?post=50520"},{"taxonomy":"post_tag","embeddable":true,"href":"https:\/\/www.eloriente.net\/home\/wp-json\/wp\/v2\/tags?post=50520"}],"curies":[{"name":"wp","href":"https:\/\/api.w.org\/{rel}","templated":true}]}}