{"id":50945,"date":"2017-10-17T12:05:02","date_gmt":"2017-10-17T18:05:02","guid":{"rendered":"http:\/\/www.eloriente.net\/home\/?p=50945"},"modified":"2017-10-19T05:57:50","modified_gmt":"2017-10-19T11:57:50","slug":"cultura-programa-actividades-dia-muertos-2017","status":"publish","type":"post","link":"https:\/\/www.eloriente.net\/home\/2017\/10\/17\/cultura-programa-actividades-dia-muertos-2017\/","title":{"rendered":"CULTURA: Programa municipal de actividades de D\u00eda de Muertos 2017"},"content":{"rendered":"<p><script src=\"\/\/pagead2.googlesyndication.com\/pagead\/js\/adsbygoogle.js\" async=\"\"><\/script><!-- BANNER ELORIENTE INCRUSTADO NOTAS --> <ins class=\"adsbygoogle\" style=\"display: inline-block; width: 300px; height: 250px;\" data-ad-client=\"ca-pub-1136171134853753\" data-ad-slot=\"7974633627\"><\/ins><script>\/\/ <![CDATA[\n(adsbygoogle = window.adsbygoogle || []).push({});\n\/\/ ]]><\/script><\/p>\n<p>(www.eloriente.net, M\u00e9xico, a 18 de octubre de 2017. Por: Jessica Lamadrid).-El gobierno municipal de la Ciudad de Oaxaca ha dado a conocer el\u00a0 programa de actividades por la festividad de D\u00eda de Muertos 2017, con el eslogan \u00abOaxaca \u00a1M\u00e1s viva que nunca\u00bb.<\/p>\n<p>El programa incluye m\u00e1s de 100 actividades culturales que buscan el rescate de las tradiciones y el fortalecimiento del sector tur\u00edstico, el cual se vio afectado debido a los problema que se atraviesan en el estado, ocasionados por los sismos e intensas lluvias del mes pasado.<\/p>\n<p><script src=\"\/\/pagead2.googlesyndication.com\/pagead\/js\/adsbygoogle.js\" async=\"\"><\/script><!-- BANNER PEQUE\u00d1O PARA ENTRENOTAS EL ORIENTE --> <ins class=\"adsbygoogle\" style=\"display: inline-block; width: 468px; height: 60px;\" data-ad-client=\"ca-pub-1136171134853753\" data-ad-slot=\"4953536424\"><\/ins><script>\/\/ <![CDATA[\n(adsbygoogle = window.adsbygoogle || []).push({});\n\/\/ ]]><\/script><\/p>\n<p>Las actividades de este programa se llevar\u00e1n a cabo en nueve sedes que forman parte del Centro Hist\u00f3rico y de agencias municipales, las cuales iniciar\u00e1n el d\u00eda 28 de octubre para terminar el d\u00eda 4 de noviembre.<\/p>\n<p>Cabe resaltar que por lo hechos ocurridos en el mes de septiembre, en cada actividad va impl\u00edcito un homenaje a quienes lamentablemente perdieron la vida por los fen\u00f3menos naturales que afectaron la entidad oaxaque\u00f1a.<\/p>\n<p>A continuaci\u00f3n te compartimos la programaci\u00f3n completa de actividades para esta temporada.<\/p>\n<p>&nbsp;<\/p>\n<p><a href=\"http:\/\/picasion.com\/\"><img loading=\"lazy\" decoding=\"async\" src=\"http:\/\/i.picasion.com\/pic86\/f25567211e1b9d586a8830b95b9c3a51.gif\" alt=\"http:\/\/picasion.com\/\" width=\"400\" height=\"600\" border=\"0\" \/><\/a><\/p>\n<p>&nbsp;<\/p>\n<p><a href=\"http:\/\/picasion.com\/\"><img loading=\"lazy\" decoding=\"async\" src=\"http:\/\/i.picasion.com\/pic86\/c2dfedd7863bf06e810dc13163030f99.gif\" alt=\"http:\/\/picasion.com\/\" width=\"400\" height=\"667\" border=\"0\" \/><\/a><\/p>\n<p>En caso de que llegues a necesitar mayor informaci\u00f3n sobre algunas de estas actividades puedes comunicarte con la cuenta oficial de promoci\u00f3n tur\u00edstica de la Ciudad de Oaxaca de Ju\u00e1rez a trav\u00e9s del siguiente n\u00famero telef\u00f3nico (951) 514 1461 Extensi\u00f3n 114 o v\u00eda facebook con la cuenta <a href=\"https:\/\/www.facebook.com\/CdOaxacaTurismo\/\" target=\"_blank\">Cd Oaxaca Turismo<\/a>.<\/p>\n<p>&nbsp;<\/p>\n<h1>OTRAS ENTRADAS<\/h1>\n<div class=\"featuredpost\">\n<div class=\"flow_hide\">\n<h2 class=\"posttitle bigposttitle\"><a title=\"Enlace Permanente a Abren convocatoria estatal para dise\u00f1ar la imagen de la Guelaguetza 2018\" href=\"http:\/\/www.eloriente.net\/home\/2017\/10\/17\/abren-convocatoria-estatal-disenar-la-imagen-la-guelaguetza-2018\/\" rel=\"bookmark\">Abren convocatoria estatal para dise\u00f1ar la imagen de la Guelaguetza 2018<\/a><\/h2>\n<\/div>\n<p>(www.eloriente.net, M\u00e9xico, a 17 de octubre de 2017. Por: Jessica Lamadrid).- La Secretaria de Turismo (Sectur) abri\u00f3 la Convocatoria Estatal para elegir la imagen oficial de la Guelaguetza\u2026<\/p>\n<p class=\"postmeta\"><span class=\"meta_date\">octubre 17, 2017<\/span><\/p>\n<p class=\"postmeta\">\n<\/div>\n<div class=\"featuredpost\">\n<div class=\"flow_hide\">\n<p><a href=\"http:\/\/www.eloriente.net\/home\/2017\/10\/17\/5-vacantes-gastronomia-martesdevacantes-3\/\" rel=\"bookmark\"><img decoding=\"async\" class=\"alignleft\" title=\"5 Vacantes en Gastronom\u00eda #MartesDeVacantes\" src=\"http:\/\/www.eloriente.net\/home\/wp-content\/themes\/city-desk\/timthumb.php?src=http%3A%2F%2Fwww.eloriente.net%2Fhome%2Fwp-content%2Fuploads%2F2014%2F05%2Fmartes-de-vacantes.jpg&amp;q=90&amp;w=70&amp;h=45&amp;zc=1\" alt=\"5 Vacantes en Gastronom\u00eda #MartesDeVacantes\" \/><\/a><\/p>\n<h2 class=\"posttitle \"><a title=\"Enlace Permanente a 5 Vacantes en Gastronom\u00eda #MartesDeVacantes\" href=\"http:\/\/www.eloriente.net\/home\/2017\/10\/17\/5-vacantes-gastronomia-martesdevacantes-3\/\" rel=\"bookmark\">5 Vacantes en Gastronom\u00eda #MartesDeVacantes<\/a><\/h2>\n<\/div>\n<p>(www.eloriente.net, M\u00e9xico, a 17 de octubre de 2017).- Conscientes de la importancia para la ciudadan\u00eda en general de la b\u00fasqueda de nuevas oportunidades de crecimiento profesional, ponemos\u2026<\/p>\n<p class=\"postmeta\"><span class=\"meta_date\">octubre 17, 2017<\/span><\/p>\n<p class=\"postmeta\">\n<\/div>\n<div class=\"featuredpost\">\n<div class=\"flow_hide\">\n<p><a href=\"http:\/\/www.eloriente.net\/home\/2017\/10\/16\/videocolumna-la-marca-la-identidad-turistica-juan-antonio-gomez\/\" rel=\"bookmark\"><img decoding=\"async\" class=\"alignleft\" title=\"VIDEOCOLUMNA: La marca y la identidad tur\u00edstica. Por Juan Antonio G\u00f3mez\" src=\"http:\/\/www.eloriente.net\/home\/wp-content\/themes\/city-desk\/timthumb.php?src=http%3A%2F%2Fwww.eloriente.net%2Fhome%2Fwp-content%2Fuploads%2F2017%2F10%2FJUAN-ANTONIO-GO%CC%81MEZ-15-DE-OCTUBRE-2017.jpg&amp;q=90&amp;w=70&amp;h=45&amp;zc=1\" alt=\"VIDEOCOLUMNA: La marca y la identidad tur\u00edstica. Por Juan Antonio G\u00f3mez\" \/><\/a><\/p>\n<h2 class=\"posttitle \"><a title=\"Enlace Permanente a VIDEOCOLUMNA: La marca y la identidad tur\u00edstica. Por Juan Antonio G\u00f3mez\" href=\"http:\/\/www.eloriente.net\/home\/2017\/10\/16\/videocolumna-la-marca-la-identidad-turistica-juan-antonio-gomez\/\" rel=\"bookmark\">VIDEOCOLUMNA: La marca y la identidad tur\u00edstica. Por Juan Antonio G\u00f3mez<\/a><\/h2>\n<\/div>\n<p>eloriente.net 16 de octubre de 2017 \u201cLa marca tur\u00edstica ha de implantarse en todos los materiales de promoci\u00f3n exterior como en los servicios de informaci\u00f3n y atenci\u00f3n\u2026<\/p>\n<p class=\"postmeta\"><span class=\"meta_date\">octubre 16, 2017<\/span><\/p>\n<\/div>\n\n\t\t\t  <div \n\t\t\t  \tclass = \"fb-comments\" \n\t\t\t  \tdata-href = \"https:\/\/www.eloriente.net\/home\/2017\/10\/17\/cultura-programa-actividades-dia-muertos-2017\/\"\n\t\t\t  \tdata-numposts = \"10\"\n\t\t\t\tdata-colorscheme = \"dark\"\n\t\t\t\tdata-order-by = \"social\"\n\t\t\t\tdata-mobile=true>\n\t\t\t  <\/div>\n\t\t  <style>\n\t\t\t.fb_iframe_widget_fluid_desktop iframe {\n\t\t\t    width: 100% !important;\n\t\t\t}\n\t\t  <\/style>\n\t\t  ","protected":false},"excerpt":{"rendered":"<p>(www.eloriente.net, M\u00e9xico, a 18 de octubre de 2017. Por: Jessica Lamadrid).-El gobierno municipal de la Ciudad de Oaxaca ha dado a conocer el\u00a0 programa de actividades por la festividad de D\u00eda de Muertos 2017, con el eslogan \u00abOaxaca \u00a1M\u00e1s viva que nunca\u00bb. El programa incluye m\u00e1s de 100 actividades culturales que buscan el rescate de [&hellip;]<\/p>\n","protected":false},"author":45,"featured_media":50948,"comment_status":"open","ping_status":"open","sticky":false,"template":"","format":"standard","meta":{"_jetpack_memberships_contains_paid_content":false,"footnotes":""},"categories":[8,29,18,32,10,464,31,19],"tags":[8574,8573,2404,8575],"class_list":["post-50945","post","type-post","status-publish","format-standard","has-post-thumbnail","hentry","category-agenda","category-capital","category-educacion-y-cultura","category-entradas","category-lo-mas-reciente","category-oaxaca-estados","category-principal","category-turismo-y-negocios","tag-actividades-culturales-en-oaxaca","tag-dia-de-muertos-2017","tag-municipio-de-oaxaca-de-juarez","tag-programa-de-actividades-en-noviembre-de-oaxaca"],"jetpack_featured_media_url":"https:\/\/www.eloriente.net\/home\/wp-content\/uploads\/2017\/10\/10604176024_ff1ad86aa5_k-e1508387211944.jpg","jetpack_sharing_enabled":true,"_links":{"self":[{"href":"https:\/\/www.eloriente.net\/home\/wp-json\/wp\/v2\/posts\/50945"}],"collection":[{"href":"https:\/\/www.eloriente.net\/home\/wp-json\/wp\/v2\/posts"}],"about":[{"href":"https:\/\/www.eloriente.net\/home\/wp-json\/wp\/v2\/types\/post"}],"author":[{"embeddable":true,"href":"https:\/\/www.eloriente.net\/home\/wp-json\/wp\/v2\/users\/45"}],"replies":[{"embeddable":true,"href":"https:\/\/www.eloriente.net\/home\/wp-json\/wp\/v2\/comments?post=50945"}],"version-history":[{"count":5,"href":"https:\/\/www.eloriente.net\/home\/wp-json\/wp\/v2\/posts\/50945\/revisions"}],"predecessor-version":[{"id":51012,"href":"https:\/\/www.eloriente.net\/home\/wp-json\/wp\/v2\/posts\/50945\/revisions\/51012"}],"wp:featuredmedia":[{"embeddable":true,"href":"https:\/\/www.eloriente.net\/home\/wp-json\/wp\/v2\/media\/50948"}],"wp:attachment":[{"href":"https:\/\/www.eloriente.net\/home\/wp-json\/wp\/v2\/media?parent=50945"}],"wp:term":[{"taxonomy":"category","embeddable":true,"href":"https:\/\/www.eloriente.net\/home\/wp-json\/wp\/v2\/categories?post=50945"},{"taxonomy":"post_tag","embeddable":true,"href":"https:\/\/www.eloriente.net\/home\/wp-json\/wp\/v2\/tags?post=50945"}],"curies":[{"name":"wp","href":"https:\/\/api.w.org\/{rel}","templated":true}]}}