{"id":51044,"date":"2017-10-20T09:34:08","date_gmt":"2017-10-20T15:34:08","guid":{"rendered":"http:\/\/www.eloriente.net\/home\/?p=51044"},"modified":"2017-10-20T09:34:08","modified_gmt":"2017-10-20T15:34:08","slug":"oaxaca-quedan-33-elegidos-al-organo-superior-fiscalizacion","status":"publish","type":"post","link":"https:\/\/www.eloriente.net\/home\/2017\/10\/20\/oaxaca-quedan-33-elegidos-al-organo-superior-fiscalizacion\/","title":{"rendered":"OAXACA: Quedan 33 para ser elegidos al \u00d3rgano Superior de Fiscalizaci\u00f3n"},"content":{"rendered":"<p><script src=\"\/\/pagead2.googlesyndication.com\/pagead\/js\/adsbygoogle.js\" async=\"\"><\/script><!-- BANNER ELORIENTE INCRUSTADO NOTAS --> <ins class=\"adsbygoogle\" style=\"display: inline-block; width: 300px; height: 250px;\" data-ad-client=\"ca-pub-1136171134853753\" data-ad-slot=\"7974633627\"><\/ins><script>\/\/ <![CDATA[\n(adsbygoogle = window.adsbygoogle || []).push({});\n\/\/ ]]><\/script><br \/>\n(www.eloriente.net, M\u00e9xico, 20 de octubre de 2017, por: Fernando Garc\u00eda Osorio).- La lista de aspirantes a ocupar los cargos de titular y subauditores del \u00d3rgano Superior de Fiscalizaci\u00f3n se redujo este jueves a un n\u00famero total de 33, aunque en algunos casos una misma persona se inscribi\u00f3 por cualquiera de los dos cargos.<\/p>\n<p>Cabe recordar que la Comisi\u00f3n Permanente de Vigilancia de la Auditor\u00eda Superior del Estado es la instancia del legislativo local encargada del seguimiento a esta proceso de designaci\u00f3n, que no ha estado exento de vicisitudes, pero que hasta el momento ha continuado sin mayores contratiempos.<\/p>\n<p>De la lista original, dada a conocer hace algunos d\u00edas, la presente ya no incluye algunos aspirantes que se mencionaban como fuertes aspirantes a la titularidad o a las subauditor\u00edas, como son los casos de Patricia Villanueva y Alejandro Cruz Pimentel, ya sea por sus antecedentes en el servicio p\u00fablico o bien por su trayectoria en materia de transparencia y activismo ciudadano.<\/p>\n<p>La lista publicada, signada por la diputada Eva Diego Cruz, es la siguiente:<\/p>\n<p><a href=\"http:\/\/www.eloriente.net\/home\/wp-content\/uploads\/2017\/10\/LIsta-oficial-candidatos-a-organos-de-fiscalizacio\u0301n-oaxaca-@congreso63-oct17.jpg\" rel=\"attachment wp-att-51045\"><img loading=\"lazy\" decoding=\"async\" class=\"alignnone wp-image-51045\" src=\"http:\/\/www.eloriente.net\/home\/wp-content\/uploads\/2017\/10\/LIsta-oficial-candidatos-a-organos-de-fiscalizacio\u0301n-oaxaca-@congreso63-oct17.jpg\" alt=\"LIsta oficial candidatos a organos de fiscalizacio\u0301n oaxaca @congreso63 oct17\" width=\"550\" height=\"421\" srcset=\"https:\/\/www.eloriente.net\/home\/wp-content\/uploads\/2017\/10\/LIsta-oficial-candidatos-a-organos-de-fiscalizacio\u0301n-oaxaca-@congreso63-oct17.jpg 831w, https:\/\/www.eloriente.net\/home\/wp-content\/uploads\/2017\/10\/LIsta-oficial-candidatos-a-organos-de-fiscalizacio\u0301n-oaxaca-@congreso63-oct17-300x230.jpg 300w, https:\/\/www.eloriente.net\/home\/wp-content\/uploads\/2017\/10\/LIsta-oficial-candidatos-a-organos-de-fiscalizacio\u0301n-oaxaca-@congreso63-oct17-768x588.jpg 768w\" sizes=\"(max-width: 550px) 100vw, 550px\" \/><\/a><\/p>\n<h6><em>Imagen: @Congreso63oax<\/em><\/h6>\n<p>&nbsp;<\/p>\n<p><script src=\"\/\/pagead2.googlesyndication.com\/pagead\/js\/adsbygoogle.js\" async=\"\"><\/script><!-- BANNER PEQUE\u00d1O PARA ENTRENOTAS EL ORIENTE --> <ins class=\"adsbygoogle\" style=\"display: inline-block; width: 468px; height: 60px;\" data-ad-client=\"ca-pub-1136171134853753\" data-ad-slot=\"4953536424\"><\/ins><script>\/\/ <![CDATA[\n(adsbygoogle = window.adsbygoogle || []).push({});\n\/\/ ]]><\/script><br \/>\nLa siguiente etapa en este proceso es la realizaci\u00f3n de entrevistas a los aspirantes para definir las ternas que deber\u00e1n ser presentadas al Pleno, mismo que elegir\u00e1 mediante voto a las personas que ocupar\u00e1n dichos cargos, que resultan de la renovaci\u00f3n completa del \u00f3rgano fiscalizador.<\/p>\n<p>Dicha renovaci\u00f3n tiene el objetivo de asegurar la independencia y autonom\u00eda de este \u00f3rgano, pues se contempla que cada uno de los servidores p\u00fablicos nombrados durar\u00e1 en el cargo 7 a\u00f1os.<\/p>\n<p>&nbsp;<\/p>\n<p><strong>OTRAS ENTRADAS:<\/strong><\/p>\n<p class=\"catname\">CONGRESO Y JUSTICIA\u00a0<a class=\"view-all\" href=\"http:\/\/www.eloriente.net\/home\/category\/politica-y-gobierno\/congreso-y-justicia\/\">Ver todo<\/a><\/p>\n<div class=\"left border_right_20\">\n<p><a href=\"http:\/\/www.eloriente.net\/home\/2017\/10\/16\/huatulco-recibe-xxxi-congreso-amei\/\" rel=\"bookmark\"><img decoding=\"async\" class=\"alignleft\" title=\"Huatulco recibe el XXXI Congreso AMEI\" src=\"http:\/\/www.eloriente.net\/home\/wp-content\/themes\/city-desk\/timthumb.php?src=http%3A%2F%2Fwww.eloriente.net%2Fhome%2Fwp-content%2Fuploads%2F2017%2F10%2FConference.jpg&amp;q=90&amp;w=200&amp;h=145&amp;zc=1\" alt=\"Huatulco recibe el XXXI Congreso AMEI\" \/><\/a><\/p>\n<h2 class=\"posttitle\"><a title=\"Enlace Permanente a Huatulco recibe el XXXI Congreso AMEI\" href=\"http:\/\/www.eloriente.net\/home\/2017\/10\/16\/huatulco-recibe-xxxi-congreso-amei\/\" rel=\"bookmark\">Huatulco recibe el XXXI Congreso AMEI<\/a><\/h2>\n<p>eloriente.net 16 de octubre de 2017 Por Valery L\u00f3pez La AMEI (Asociaci\u00f3n Mexicana de Estudios Internacionales) es una Asociaci\u00f3n Civil sin fines de lucro.\u2026<\/p>\n<p class=\"postmeta\"><span class=\"meta_date\">octubre 16, 2017<\/span><\/p>\n<div class=\"toolbar-social\">\n<div class=\"social-widget\">\n<div id=\"sharing-widget\"><a class=\"button icon-share\">Compartir<\/a><\/div>\n<\/div>\n<\/div>\n<\/div>\n<div class=\"right\">\n<h2 class=\"posttitle list_posttitle \"><a title=\"Enlace Permanente a VIDEOCOLUMNA: El sur no puede ya quedar en el olvido. Por Karina Bar\u00f3n\" href=\"http:\/\/www.eloriente.net\/home\/2017\/10\/09\/videocolumna-sur-no-puede-ya-quedar-olvido-karina-baron\/\" rel=\"bookmark\">VIDEOCOLUMNA: El sur no puede ya quedar en el olvido. Por Karina Bar\u00f3n<\/a><\/h2>\n<div class=\"toolbar-social\">\n<div class=\"social-widget\">\n<div id=\"sharing-widget\"><a class=\"button icon-share\">Compartir<\/a><\/div>\n<\/div>\n<\/div>\n<h2 class=\"posttitle list_posttitle \"><a title=\"Enlace Permanente a \u00bfQu\u00e9 \u00f3rganos intervienen en el Sistema Nacional Anticorrupci\u00f3n? Por Claves del Poder\" href=\"http:\/\/www.eloriente.net\/home\/2017\/10\/05\/organos-intervienen-sistema-nacional-anticorrupcion-claves-del-poder\/\" rel=\"bookmark\">\u00bfQu\u00e9 \u00f3rganos intervienen en el Sistema Nacional Anticorrupci\u00f3n? Por Claves del Poder<\/a><\/h2>\n<div class=\"toolbar-social\">\n<div class=\"social-widget\">\n<div id=\"sharing-widget\"><a class=\"button icon-share\">Compartir<\/a><\/div>\n<\/div>\n<\/div>\n<\/div>\n\n\t\t\t  <div \n\t\t\t  \tclass = \"fb-comments\" \n\t\t\t  \tdata-href = \"https:\/\/www.eloriente.net\/home\/2017\/10\/20\/oaxaca-quedan-33-elegidos-al-organo-superior-fiscalizacion\/\"\n\t\t\t  \tdata-numposts = \"10\"\n\t\t\t\tdata-colorscheme = \"dark\"\n\t\t\t\tdata-order-by = \"social\"\n\t\t\t\tdata-mobile=true>\n\t\t\t  <\/div>\n\t\t  <style>\n\t\t\t.fb_iframe_widget_fluid_desktop iframe {\n\t\t\t    width: 100% !important;\n\t\t\t}\n\t\t  <\/style>\n\t\t  ","protected":false},"excerpt":{"rendered":"<p>(www.eloriente.net, M\u00e9xico, 20 de octubre de 2017, por: Fernando Garc\u00eda Osorio).- La lista de aspirantes a ocupar los cargos de titular y subauditores del \u00d3rgano Superior de Fiscalizaci\u00f3n se redujo este jueves a un n\u00famero total de 33, aunque en algunos casos una misma persona se inscribi\u00f3 por cualquiera de los dos cargos. Cabe recordar [&hellip;]<\/p>\n","protected":false},"author":1,"featured_media":51045,"comment_status":"open","ping_status":"open","sticky":false,"template":"","format":"standard","meta":{"_jetpack_memberships_contains_paid_content":false,"footnotes":""},"categories":[2434,32,63,23,464,21],"tags":[8593,2637,8592,3534,4144],"class_list":["post-51044","post","type-post","status-publish","format-standard","has-post-thumbnail","hentry","category-lunesdepolitica","category-entradas","category-estados","category-municipios","category-oaxaca-estados","category-politica-y-gobierno","tag-auditoria-oaxaca","tag-congreso-oaxaca","tag-organo-superior-de-fiscalizacion","tag-rendicion-de-cuentas","tag-transparencia-oaxaca"],"jetpack_featured_media_url":"https:\/\/www.eloriente.net\/home\/wp-content\/uploads\/2017\/10\/LIsta-oficial-candidatos-a-organos-de-fiscalizacio\u0301n-oaxaca-@congreso63-oct17.jpg","jetpack_sharing_enabled":true,"_links":{"self":[{"href":"https:\/\/www.eloriente.net\/home\/wp-json\/wp\/v2\/posts\/51044"}],"collection":[{"href":"https:\/\/www.eloriente.net\/home\/wp-json\/wp\/v2\/posts"}],"about":[{"href":"https:\/\/www.eloriente.net\/home\/wp-json\/wp\/v2\/types\/post"}],"author":[{"embeddable":true,"href":"https:\/\/www.eloriente.net\/home\/wp-json\/wp\/v2\/users\/1"}],"replies":[{"embeddable":true,"href":"https:\/\/www.eloriente.net\/home\/wp-json\/wp\/v2\/comments?post=51044"}],"version-history":[{"count":1,"href":"https:\/\/www.eloriente.net\/home\/wp-json\/wp\/v2\/posts\/51044\/revisions"}],"predecessor-version":[{"id":51046,"href":"https:\/\/www.eloriente.net\/home\/wp-json\/wp\/v2\/posts\/51044\/revisions\/51046"}],"wp:featuredmedia":[{"embeddable":true,"href":"https:\/\/www.eloriente.net\/home\/wp-json\/wp\/v2\/media\/51045"}],"wp:attachment":[{"href":"https:\/\/www.eloriente.net\/home\/wp-json\/wp\/v2\/media?parent=51044"}],"wp:term":[{"taxonomy":"category","embeddable":true,"href":"https:\/\/www.eloriente.net\/home\/wp-json\/wp\/v2\/categories?post=51044"},{"taxonomy":"post_tag","embeddable":true,"href":"https:\/\/www.eloriente.net\/home\/wp-json\/wp\/v2\/tags?post=51044"}],"curies":[{"name":"wp","href":"https:\/\/api.w.org\/{rel}","templated":true}]}}