{"id":51199,"date":"2017-10-30T11:25:21","date_gmt":"2017-10-30T17:25:21","guid":{"rendered":"http:\/\/www.eloriente.net\/home\/?p=51199"},"modified":"2017-10-30T17:05:48","modified_gmt":"2017-10-30T23:05:48","slug":"la-cultura-festivales-culturales-cerrar-2017-2-juan-pablo-vasconcelos","status":"publish","type":"post","link":"https:\/\/www.eloriente.net\/home\/2017\/10\/30\/la-cultura-festivales-culturales-cerrar-2017-2-juan-pablo-vasconcelos\/","title":{"rendered":"ES LA CULTURA: Festivales culturales para cerrar 2017 (2), por Juan Pablo Vasconcelos"},"content":{"rendered":"<p><script src=\"\/\/pagead2.googlesyndication.com\/pagead\/js\/adsbygoogle.js\" async=\"\"><\/script><!-- BANNER ELORIENTE INCRUSTADO NOTAS --> <ins class=\"adsbygoogle\" style=\"display: inline-block; width: 300px; height: 250px;\" data-ad-client=\"ca-pub-1136171134853753\" data-ad-slot=\"7974633627\"><\/ins><script>\/\/ <![CDATA[\n(adsbygoogle = window.adsbygoogle || []).push({});\n\/\/ ]]><\/script><br \/>\n<strong>eloriente.net<\/strong><\/p>\n<p><strong>Es la Cultura\/Festivales culturales para cerrar 2017 (Segunda Parte)<\/strong><\/p>\n<p>30 de octubre de 207<\/p>\n<p>Por: Juan Pablo Vasconcelos <a href=\"https:\/\/twitter.com\/JPVmx\" target=\"_blank\">@JPVmx<\/a><\/p>\n<p style=\"text-align: right;\"><em>\u201cHoy completamos nuestro recorrido por Guadalajara, M\u00e9rida y Ciudad de M\u00e9xico<\/em><\/p>\n<p style=\"text-align: right;\"><em> La semana pasada Guanajuato y Morelia.<\/em><\/p>\n<p style=\"text-align: right;\"><em>Los festivales como espacios para comprender\u201d<\/em><\/p>\n<p><strong>Festival Internacional de la Cultura Maya<\/strong><\/p>\n<p>Nuestra \u00e9poca, nuestra civilizaci\u00f3n, ha de terminar alguna vez. Resulta dif\u00edcil pensarlo y a\u00fan imaginarlo. Anticipar que nuestras ciudades y nuestros pueblos han de extinguirse, produce una sensaci\u00f3n de incredulidad y desasosiego.<\/p>\n<p>Sin embargo, pueblos extraordinarios han ca\u00eddo y desaparecido, dejando a su paso solo vestigios y huellas. Solo rastros.<\/p>\n<p>El caso de los mayas es notable. Tuvieron dominio por 1,200 a\u00f1os de Am\u00e9rica Central. Aproximadamente en el a\u00f1o 900, sus ciudades eran densamente pobladas. Unas 2,000 personas por milla cuadrada. Pero de pronto, se esfum\u00f3.<\/p>\n<p>Hay un texto de la Agencia Espacial de los Estados Unidos (NASA) \u2014pues ustedes sabr\u00e1n que en nuestro tiempo \u201cla tecnolog\u00eda del espacio est\u00e1 revolucionando la arqueolog\u00eda\u201d, como dice Sever\u2014, que describe este pasaje: \u201cLos mayas casi siempre son descriptos como personas que viv\u00edan en total armon\u00eda con su entorno\u2026 pero al igual que muchas otras culturas que vivieron antes o despu\u00e9s de ellos, los mayas terminaron deforestando y destruyendo su paisaje como resultado de sus esfuerzos por ganarse la vida a duras penas en \u00e9pocas dif\u00edciles\u2026 una gran sequ\u00eda tuvo lugar cerca del momento hist\u00f3rico durante el cual los mayas comenzaron a desaparecer. Y, al momento de su ca\u00edda, ya los mayas hab\u00edan cortado la mayor parte de los \u00e1rboles ubicados a lo largo de grandes franjas de tierra con el fin de despejar el terreno para cultivar el ma\u00edz que alimentar\u00eda a su creciente poblaci\u00f3n. Ellos cortaron \u00e1rboles para usarlos como le\u00f1a y para hacer materiales de construcci\u00f3n\u201d.<\/p>\n<p>Fue una sequ\u00eda la causa m\u00e1s probable de su ca\u00edda, ellos afirman.<\/p>\n<p>Han pasado centurias desde entonces. Todas las comparaciones son forzadas. Pero es posible que asuntos como el cambio clim\u00e1tico y la deforestaci\u00f3n \u2014asuntos que la generalidad considera temas de activistas y especialistas\u2014, sean m\u00e1s bien materias de estudios preventivos. Es decir, hay datos hist\u00f3ricos para suponer que los pueblos pueden extinguirse. No se trata de ficci\u00f3n, ni a\u00fan de ciencia ficci\u00f3n.<\/p>\n<p>Por eso me parece tan relevante el Festival de la Cultura Maya de este a\u00f1o, que efectu\u00f3 la Conferencia Mundial \u201cLa Cosmogon\u00eda y la Mitolog\u00eda de las Civilizaciones Milenarias en la Preservaci\u00f3n del Planeta\u201d (del 24 al 26 de octubre). Pero tambi\u00e9n lo es, que un festival como este, que se extiende hasta el pr\u00f3ximo 5 de noviembre, se efect\u00fae con un objetivo extraordinario: ser un canal cultural que trascienda a trav\u00e9s del tiempo, promoviendo el intercambio de resultados en las investigaciones de los procesos de la lengua maya y de las expresiones humanas. Es decir, asegurar la persistencia del hilo de una cultura.<\/p>\n<p>El 2012 se marca como el inicio de la nueva era maya. En ese marco, el Festival celebr\u00f3 su primera edici\u00f3n, que para este a\u00f1o se extiende a 18 d\u00edas de actividades. Dicha Conferencia y un coloquio relacionado son el eje, pero la diversidad es el sello. Canad\u00e1 es el pa\u00eds invitado.<\/p>\n<p>Sobresale un concierto (30 de octubre) del virtuoso guitarrista yucateco Cecilio Perera en el Teatro Pe\u00f3n Contreras \u2014recinto que por s\u00ed mismo tambi\u00e9n es un placer.<\/p>\n<p>La Zona Arqueol\u00f3gica de Uxmal ser\u00e1 recinto de un espect\u00e1culo de luz y sonido (31 de octubre y otras fechas). La historia a presentar nos es familiar: \u201cun joven guerrero, enamorado de una joven princesa maya, lucha por el amor de \u00e9sta a costa del poder de un pueblo enemigo que no s\u00f3lo intenta evitar esa uni\u00f3n sino tambi\u00e9n conquistar Uxmal y someter otros pueblos cercanos\u201d.<\/p>\n<p>Y en Chich\u00e9n Itza tambi\u00e9n se mostrar\u00e1 un evento audiovisual sobre la cosmogon\u00eda maya.<\/p>\n<p>Mientras en otras zonas arqueol\u00f3gicas del pa\u00eds persisten resistencias para la presentaci\u00f3n de espect\u00e1culos, en este caso, se han superado.<br \/>\n<script src=\"\/\/pagead2.googlesyndication.com\/pagead\/js\/adsbygoogle.js\" async=\"\"><\/script><br \/>\n <ins class=\"adsbygoogle\" style=\"display: block; text-align: center;\" data-ad-layout=\"in-article\" data-ad-format=\"fluid\" data-ad-client=\"ca-pub-1136171134853753\" data-ad-slot=\"8578966557\"><\/ins><br \/>\n<script>\/\/ <![CDATA[\n(adsbygoogle = window.adsbygoogle || []).push({});\n\/\/ ]]><\/script><br \/>\n<strong>Geo Meneses y Lila Downs en el Auditorio Nacional (por separado)<\/strong><\/p>\n<p>Dos cantantes de raigambre com\u00fan pero de expresi\u00f3n opuesta. Ambas, con producciones discogr\u00e1ficas afectas a lo mexicano, pero con tempos, arreglos, orquestaciones y matices contrastantes.<\/p>\n<p>Por un lado, Geo Meneses estar\u00e1 en el Lunario el pr\u00f3ximo 24 de noviembre a las 21 horas. Su disco, Rojo Coraz\u00f3n, es un entramado de 12 canciones que da una vuelta de tuerca a la Georgina que conoc\u00edamos antes. M\u00e1s profunda, m\u00e1s ella. Su versi\u00f3n de \u201cNo Volver\u00e9\u201d es \u00edntima y su \u201cCanci\u00f3n de Cuna Oscura\u201d la consolida como una artista vers\u00e1til y dispuesta a nuevas fronteras.<\/p>\n<p>Por el otro, Lila Downs va por dos fechas (4 y 5 de noviembre) en el Auditorio, con Sal\u00f3n, L\u00e1grimas y Deseos, donde se entrega a la m\u00fasica rom\u00e1ntica m\u00e1s mexicana. Urge, Palabras de mujer, Seguir\u00e9 mi Viaje y, de Mon Laferte, Peligrosa, sellan las posibilidades de Downs, que ya puede hacer lo que desee en el escenario. Respetada, Lila se planta. Hay que ver su video de Urge para darse cuenta de que su estilo es un lujo.<\/p>\n<p>&nbsp;<\/p>\n<p><strong>Feria Internacional del Libro de Guadalajara<\/strong><\/p>\n<p>El a\u00f1o pasado, 800 mil personas asistieron a la Feria. 182 mil de ellos, espec\u00edficamente a la secci\u00f3n de ni\u00f1as y ni\u00f1os, cuesti\u00f3n de primera importancia cuando hablamos de fomento a la lectura y a la escritura.<\/p>\n<p>Este a\u00f1o, a realizarse del 25 de noviembre al 3 de diciembre, Madrid es la ciudad invitada. Entusiasma la presencia de los escritores Manuel Vicent (26); la lectura a dos voces \u201cPoes\u00eda y Prosa. Amor y Matrimonio\u201d, con Luis Garc\u00eda Montero y Almudena Grandes (27); la lectura de Rosa Montero (29); El humor en la narrativa con Antonio Orejudo, Mercedes Cebri\u00e1n y Vicente Molina Foix (30), as\u00ed como la presentaci\u00f3n de Olvido Garc\u00eda Vald\u00e9s (30 de noviembre).<\/p>\n<p>Los n\u00fameros, por su vocaci\u00f3n abarcadora, ganan al momento de hablar de esta Feria para profesionales del mundo editorial, cuyo crecimiento es imparable. Son alrededor de 34 Foros y encuentros los que tendr\u00e1n lugar en Guadalajara, con actividades literarias como las apuntadas l\u00edneas arriba, pero tambi\u00e9n teatrales, musicales, cinematogr\u00e1ficas.<\/p>\n<p>Resaltan dos categor\u00edas: Pensando la ciudad e Intervenci\u00f3n urbana. \u00c9sta \u00faltima considera la realizaci\u00f3n de una obra de arte urbano en la ciudad. Con la colaboraci\u00f3n de vecinos, se intervendr\u00e1 y pintar\u00e1 la fachada de edificios de la zona central de una Unidad Habitacional y otros espacios de una colonia.<\/p>\n<p>Los dise\u00f1os est\u00e1n basados en el pueblo wix\u00e1rika y en una filosof\u00eda donde \u201ctodo se relaciona: personas, plantas, animales\u2026 todos juntos formamos parte de un mismo universo\u201d. En ese concepto de Comunidad, por la fuerza de los lazos comunitarios para comprender el mundo.<\/p>\n<p>Guadalajara es una Feria.<\/p>\n<p>DA CLICK AQU\u00cd PARA VER PRIMERA PARTE:<\/p>\n<h4 class=\"entry_title\"><a href=\"http:\/\/www.eloriente.net\/home\/2017\/10\/23\/la-cultura-festivales-culturales-mexico-cerrar-2017-juan-pablo-vasconcelos\/\" target=\"_blank\">ES LA CULTURA: Festivales culturales en M\u00e9xico para cerrar 2017, por Juan Pablo Vasconcelos<\/a><\/h4>\n<p>&nbsp;<\/p>\n<p><a href=\"http:\/\/www.eloriente.net\/home\/wp-content\/uploads\/2017\/10\/@Festival-internacional-de-la-cultura-maya-Ficmaya-octubre-2017.jpg\" rel=\"attachment wp-att-51201\"><img loading=\"lazy\" decoding=\"async\" class=\"alignnone wp-image-51201\" src=\"http:\/\/www.eloriente.net\/home\/wp-content\/uploads\/2017\/10\/@Festival-internacional-de-la-cultura-maya-Ficmaya-octubre-2017.jpg\" alt=\"@Festival internacional de la cultura maya Ficmaya octubre 2017\" width=\"550\" height=\"367\" srcset=\"https:\/\/www.eloriente.net\/home\/wp-content\/uploads\/2017\/10\/@Festival-internacional-de-la-cultura-maya-Ficmaya-octubre-2017.jpg 960w, https:\/\/www.eloriente.net\/home\/wp-content\/uploads\/2017\/10\/@Festival-internacional-de-la-cultura-maya-Ficmaya-octubre-2017-300x200.jpg 300w, https:\/\/www.eloriente.net\/home\/wp-content\/uploads\/2017\/10\/@Festival-internacional-de-la-cultura-maya-Ficmaya-octubre-2017-768x512.jpg 768w\" sizes=\"(max-width: 550px) 100vw, 550px\" \/><\/a><\/p>\n<p>Imagen: @Festival Internacional de la Cultura Maya<\/p>\n<p><strong>OTRAS ENTRADAS:<\/strong><\/p>\n<div class=\"featuredpost\">\n<div class=\"flow_hide\">\n<h2 class=\"posttitle bigposttitle\"><a title=\"Enlace Permanente a Los or\u00edgenes de la celebraci\u00f3n de D\u00eda de Muertos\" href=\"http:\/\/www.eloriente.net\/home\/2017\/10\/30\/los-origenes-la-celebracion-dia-muertos\/\" rel=\"bookmark\">Los or\u00edgenes de la celebraci\u00f3n de D\u00eda de Muertos<\/a><\/h2>\n<\/div>\n<p>eloriente.net 30 de octubre de 2017 Por Valery L\u00f3pez Estamos en esa \u00e9poca donde el fr\u00edo de las ma\u00f1anas se mezcla con aromas a chocolate, mole, cempas\u00fachil,\u2026<\/p>\n<p class=\"postmeta\"><span class=\"meta_date\">octubre 30, 2017<\/span><\/p>\n<div class=\"toolbar-social\">\n<div class=\"social-widget\">\n<div id=\"sharing-widget\"><a class=\"button icon-share\">Compartir<\/a><\/div>\n<\/div>\n<\/div>\n<\/div>\n<div class=\"featuredpost\">\n<div class=\"flow_hide\">\n<p><a href=\"http:\/\/www.eloriente.net\/home\/2017\/10\/26\/oaxaca-del-4-al-12-noviembre-llega-la-fil-oaxaca-37\/\" rel=\"bookmark\"><img decoding=\"async\" class=\"alignleft\" title=\"OAXACA: Del 4 al 12 de noviembre llega la FIL Oaxaca 37\" src=\"http:\/\/www.eloriente.net\/home\/wp-content\/themes\/city-desk\/timthumb.php?src=http%3A%2F%2Fwww.eloriente.net%2Fhome%2Fwp-content%2Fuploads%2F2017%2F10%2FFilo2.jpg&amp;q=90&amp;w=70&amp;h=45&amp;zc=1\" alt=\"OAXACA: Del 4 al 12 de noviembre llega la FIL Oaxaca 37\" \/><\/a><\/p>\n<h2 class=\"posttitle \"><a title=\"Enlace Permanente a OAXACA: Del 4 al 12 de noviembre llega la FIL Oaxaca 37\" href=\"http:\/\/www.eloriente.net\/home\/2017\/10\/26\/oaxaca-del-4-al-12-noviembre-llega-la-fil-oaxaca-37\/\" rel=\"bookmark\">OAXACA: Del 4 al 12 de noviembre llega la FIL Oaxaca 37<\/a><\/h2>\n<\/div>\n<p>eloriente.net Por Territorio Score Bajo el eje rector que versar\u00e1 sobre Frontera y Migraci\u00f3n, del 4 al 12 de noviembre se realizar\u00e1 la edici\u00f3n 37 Feria Internacional\u2026<\/p>\n<p class=\"postmeta\"><span class=\"meta_date\">octubre 26, 2017<\/span><\/p>\n<div class=\"toolbar-social\">\n<div class=\"social-widget\">\n<div id=\"sharing-widget\"><a class=\"button icon-share\">Compartir<\/a><\/div>\n<\/div>\n<\/div>\n<\/div>\n\n\t\t\t  <div \n\t\t\t  \tclass = \"fb-comments\" \n\t\t\t  \tdata-href = \"https:\/\/www.eloriente.net\/home\/2017\/10\/30\/la-cultura-festivales-culturales-cerrar-2017-2-juan-pablo-vasconcelos\/\"\n\t\t\t  \tdata-numposts = \"10\"\n\t\t\t\tdata-colorscheme = \"dark\"\n\t\t\t\tdata-order-by = \"social\"\n\t\t\t\tdata-mobile=true>\n\t\t\t  <\/div>\n\t\t  <style>\n\t\t\t.fb_iframe_widget_fluid_desktop iframe {\n\t\t\t    width: 100% !important;\n\t\t\t}\n\t\t  <\/style>\n\t\t  ","protected":false},"excerpt":{"rendered":"<p>eloriente.net Es la Cultura\/Festivales culturales para cerrar 2017 (Segunda Parte) 30 de octubre de 207 Por: Juan Pablo Vasconcelos @JPVmx \u201cHoy completamos nuestro recorrido por Guadalajara, M\u00e9rida y Ciudad de M\u00e9xico La semana pasada Guanajuato y Morelia. Los festivales como espacios para comprender\u201d Festival Internacional de la Cultura Maya Nuestra \u00e9poca, nuestra civilizaci\u00f3n, ha de [&hellip;]<\/p>\n","protected":false},"author":13,"featured_media":51201,"comment_status":"open","ping_status":"open","sticky":false,"template":"","format":"standard","meta":{"_jetpack_memberships_contains_paid_content":false,"footnotes":""},"categories":[11,49,64,32,63,2628,54,10,24,31],"tags":[7355,3647,8646,4336,8645,8647,8648,3665],"class_list":["post-51199","post","type-post","status-publish","format-standard","has-post-thumbnail","hentry","category-colaboradores","category-destacadas","category-distrito-federal","category-entradas","category-estados","category-jalisco-estados","category-juan-pablo-vasconcelos","category-lo-mas-reciente","category-mexico-y-el-mundo","category-principal","tag-cervantino","tag-feria-del-libro","tag-feria-guadalajara","tag-festivales-culturales","tag-ficmaya","tag-fil","tag-georgina-meneses","tag-lila-downs"],"jetpack_featured_media_url":"https:\/\/www.eloriente.net\/home\/wp-content\/uploads\/2017\/10\/@Festival-internacional-de-la-cultura-maya-Ficmaya-octubre-2017.jpg","jetpack_sharing_enabled":true,"_links":{"self":[{"href":"https:\/\/www.eloriente.net\/home\/wp-json\/wp\/v2\/posts\/51199"}],"collection":[{"href":"https:\/\/www.eloriente.net\/home\/wp-json\/wp\/v2\/posts"}],"about":[{"href":"https:\/\/www.eloriente.net\/home\/wp-json\/wp\/v2\/types\/post"}],"author":[{"embeddable":true,"href":"https:\/\/www.eloriente.net\/home\/wp-json\/wp\/v2\/users\/13"}],"replies":[{"embeddable":true,"href":"https:\/\/www.eloriente.net\/home\/wp-json\/wp\/v2\/comments?post=51199"}],"version-history":[{"count":2,"href":"https:\/\/www.eloriente.net\/home\/wp-json\/wp\/v2\/posts\/51199\/revisions"}],"predecessor-version":[{"id":51212,"href":"https:\/\/www.eloriente.net\/home\/wp-json\/wp\/v2\/posts\/51199\/revisions\/51212"}],"wp:featuredmedia":[{"embeddable":true,"href":"https:\/\/www.eloriente.net\/home\/wp-json\/wp\/v2\/media\/51201"}],"wp:attachment":[{"href":"https:\/\/www.eloriente.net\/home\/wp-json\/wp\/v2\/media?parent=51199"}],"wp:term":[{"taxonomy":"category","embeddable":true,"href":"https:\/\/www.eloriente.net\/home\/wp-json\/wp\/v2\/categories?post=51199"},{"taxonomy":"post_tag","embeddable":true,"href":"https:\/\/www.eloriente.net\/home\/wp-json\/wp\/v2\/tags?post=51199"}],"curies":[{"name":"wp","href":"https:\/\/api.w.org\/{rel}","templated":true}]}}