{"id":51305,"date":"2017-11-03T19:41:32","date_gmt":"2017-11-04T01:41:32","guid":{"rendered":"http:\/\/www.eloriente.net\/home\/?p=51305"},"modified":"2017-11-03T19:41:32","modified_gmt":"2017-11-04T01:41:32","slug":"videocolumna-pobreza-responsabilidad-ciudadana-rodolfo-moreno","status":"publish","type":"post","link":"https:\/\/www.eloriente.net\/home\/2017\/11\/03\/videocolumna-pobreza-responsabilidad-ciudadana-rodolfo-moreno\/","title":{"rendered":"VIDEOCOLUMNA: Pobreza y responsabilidad ciudadana. Por Rodolfo Moreno"},"content":{"rendered":"<p><script src=\"\/\/pagead2.googlesyndication.com\/pagead\/js\/adsbygoogle.js\" async=\"\"><\/script><!-- BANNER ELORIENTE INCRUSTADO NOTAS --> <ins class=\"adsbygoogle\" style=\"display: inline-block; width: 300px; height: 250px;\" data-ad-client=\"ca-pub-1136171134853753\" data-ad-slot=\"7974633627\"><\/ins><script>\/\/ <![CDATA[\n(adsbygoogle = window.adsbygoogle || []).push({});\n\/\/ ]]><\/script><\/p>\n<p>&nbsp;<\/p>\n<p>eloriente.net<\/p>\n<p>3 de noviembre de 2017<\/p>\n<p>\u00abEl Centro de Estudios Econ\u00f3micos del Sector Privado ha anunciado que la pobreza aumentar\u00e1 en el<br \/>\n2018. Esta noticia, que ha sido constante en M\u00e9xico, es motivo de reflexi\u00f3n. A pesar de la<br \/>\nabundancia de nuestras riquezas naturales y del sinn\u00famero de oportunidades que M\u00e9xico tiene,<br \/>\nsus \u00edndices de pobreza son de los m\u00e1s alarmantes del mundo.\u00bb<\/p>\n<div class=\"text_exposed_show\">\n<p>Esta semana el doctor Rodolfo Moreno reflexiona sobre la pobreza en M\u00e9xico y nos expone en qui\u00e9n, o en quienes, recae la responsabildiad de este fen\u00f3meno.<\/p>\n<\/div>\n<p><iframe loading=\"lazy\" style=\"border: none; overflow: hidden;\" src=\"https:\/\/www.facebook.com\/plugins\/video.php?href=https%3A%2F%2Fwww.facebook.com%2F443535572345554%2Fvideos%2F1729367603762338%2F&amp;show_text=0&amp;width=560\" width=\"560\" height=\"315\" frameborder=\"0\" scrolling=\"no\" allowfullscreen=\"allowfullscreen\"><\/iframe><\/p>\n<p><script src=\"\/\/\" async=\"\"><\/script><br \/>\n <ins class=\"adsbygoogle\" style=\"display: block; text-align: center;\" data-ad-layout=\"in-article\" data-ad-format=\"fluid\" data-ad-client=\"ca-pub-1136171134853753\" data-ad-slot=\"8578966557\"><\/ins><br \/>\n<script>\/\/ <![CDATA[\n     (adsbygoogle = window.adsbygoogle || []).push({});\n\/\/ ]]><\/script><\/p>\n<p>&nbsp;<\/p>\n<p>Rodolfo Moreno Cruz es profesor en la Universidad Aut\u00f3noma Benito Ju\u00e1rez de Oaxaca y cuenta con estudios de posgrado en Estado de Derecho y Derechos Humanos por la Universidad Alcal\u00e1 de Henares y en Metodolog\u00eda y herramientas para la investigaci\u00f3n por la Universidad Complutense de Madrid; as\u00ed como un doctorado en derechos fundamentales por la Universidad Carlos III de Madrid.<\/p>\n<p>&nbsp;<\/p>\n<p><a href=\"http:\/\/www.eloriente.net\/home\/wp-content\/uploads\/2017\/11\/RODOLFO-MORENO-2-DE-NOVIEMBRE-2017.jpg\" rel=\"attachment wp-att-51306\"><img loading=\"lazy\" decoding=\"async\" class=\"alignnone wp-image-51306\" src=\"http:\/\/www.eloriente.net\/home\/wp-content\/uploads\/2017\/11\/RODOLFO-MORENO-2-DE-NOVIEMBRE-2017-1024x576.jpg\" alt=\"RODOLFO MORENO 2 DE NOVIEMBRE 2017\" width=\"599\" height=\"337\" srcset=\"https:\/\/www.eloriente.net\/home\/wp-content\/uploads\/2017\/11\/RODOLFO-MORENO-2-DE-NOVIEMBRE-2017-1024x576.jpg 1024w, https:\/\/www.eloriente.net\/home\/wp-content\/uploads\/2017\/11\/RODOLFO-MORENO-2-DE-NOVIEMBRE-2017-300x169.jpg 300w, https:\/\/www.eloriente.net\/home\/wp-content\/uploads\/2017\/11\/RODOLFO-MORENO-2-DE-NOVIEMBRE-2017-768x432.jpg 768w, https:\/\/www.eloriente.net\/home\/wp-content\/uploads\/2017\/11\/RODOLFO-MORENO-2-DE-NOVIEMBRE-2017.jpg 1920w\" sizes=\"(max-width: 599px) 100vw, 599px\" \/><\/a><\/p>\n<p><script src=\"\/\/\" async=\"\"><\/script><br \/>\n <ins class=\"adsbygoogle\" style=\"display: block;\" data-ad-format=\"autorelaxed\" data-ad-client=\"ca-pub-1136171134853753\" data-ad-slot=\"4595267748\"><\/ins><br \/>\n<script>\/\/ <![CDATA[\n     (adsbygoogle = window.adsbygoogle || []).push({});\n\/\/ ]]><\/script><\/p>\n\n\t\t\t  <div \n\t\t\t  \tclass = \"fb-comments\" \n\t\t\t  \tdata-href = \"https:\/\/www.eloriente.net\/home\/2017\/11\/03\/videocolumna-pobreza-responsabilidad-ciudadana-rodolfo-moreno\/\"\n\t\t\t  \tdata-numposts = \"10\"\n\t\t\t\tdata-colorscheme = \"dark\"\n\t\t\t\tdata-order-by = \"social\"\n\t\t\t\tdata-mobile=true>\n\t\t\t  <\/div>\n\t\t  <style>\n\t\t\t.fb_iframe_widget_fluid_desktop iframe {\n\t\t\t    width: 100% !important;\n\t\t\t}\n\t\t  <\/style>\n\t\t  ","protected":false},"excerpt":{"rendered":"<p>&nbsp; eloriente.net 3 de noviembre de 2017 \u00abEl Centro de Estudios Econ\u00f3micos del Sector Privado ha anunciado que la pobreza aumentar\u00e1 en el 2018. Esta noticia, que ha sido constante en M\u00e9xico, es motivo de reflexi\u00f3n. A pesar de la abundancia de nuestras riquezas naturales y del sinn\u00famero de oportunidades que M\u00e9xico tiene, sus \u00edndices [&hellip;]<\/p>\n","protected":false},"author":44,"featured_media":51306,"comment_status":"open","ping_status":"open","sticky":false,"template":"","format":"standard","meta":{"_jetpack_memberships_contains_paid_content":false,"footnotes":""},"categories":[22,32,35,10,21,6256,98],"tags":[8668,3400,136,8667,6380,6189],"class_list":["post-51305","post","type-post","status-publish","format-standard","has-post-thumbnail","hentry","category-derechos-humanos","category-entradas","category-secciones-oriente","category-lo-mas-reciente","category-politica-y-gobierno","category-rodolfo-moreno","category-videoblogs","tag-derechos-humanas","tag-estadisticas","tag-pobreza","tag-responsabilidad-ciudadana","tag-rodolfo-moreno","tag-videocolumnas"],"jetpack_featured_media_url":"https:\/\/www.eloriente.net\/home\/wp-content\/uploads\/2017\/11\/RODOLFO-MORENO-2-DE-NOVIEMBRE-2017.jpg","jetpack_sharing_enabled":true,"_links":{"self":[{"href":"https:\/\/www.eloriente.net\/home\/wp-json\/wp\/v2\/posts\/51305"}],"collection":[{"href":"https:\/\/www.eloriente.net\/home\/wp-json\/wp\/v2\/posts"}],"about":[{"href":"https:\/\/www.eloriente.net\/home\/wp-json\/wp\/v2\/types\/post"}],"author":[{"embeddable":true,"href":"https:\/\/www.eloriente.net\/home\/wp-json\/wp\/v2\/users\/44"}],"replies":[{"embeddable":true,"href":"https:\/\/www.eloriente.net\/home\/wp-json\/wp\/v2\/comments?post=51305"}],"version-history":[{"count":1,"href":"https:\/\/www.eloriente.net\/home\/wp-json\/wp\/v2\/posts\/51305\/revisions"}],"predecessor-version":[{"id":51307,"href":"https:\/\/www.eloriente.net\/home\/wp-json\/wp\/v2\/posts\/51305\/revisions\/51307"}],"wp:featuredmedia":[{"embeddable":true,"href":"https:\/\/www.eloriente.net\/home\/wp-json\/wp\/v2\/media\/51306"}],"wp:attachment":[{"href":"https:\/\/www.eloriente.net\/home\/wp-json\/wp\/v2\/media?parent=51305"}],"wp:term":[{"taxonomy":"category","embeddable":true,"href":"https:\/\/www.eloriente.net\/home\/wp-json\/wp\/v2\/categories?post=51305"},{"taxonomy":"post_tag","embeddable":true,"href":"https:\/\/www.eloriente.net\/home\/wp-json\/wp\/v2\/tags?post=51305"}],"curies":[{"name":"wp","href":"https:\/\/api.w.org\/{rel}","templated":true}]}}