{"id":5154,"date":"2012-11-16T13:20:42","date_gmt":"2012-11-16T19:20:42","guid":{"rendered":"http:\/\/www.eloriente.net\/home\/?p=5154"},"modified":"2019-08-21T16:14:18","modified_gmt":"2019-08-21T22:14:18","slug":"recibe-lila-downs-grammy-latino","status":"publish","type":"post","link":"https:\/\/www.eloriente.net\/home\/2012\/11\/16\/recibe-lila-downs-grammy-latino\/","title":{"rendered":"Recibe Lila Downs Grammy Latino"},"content":{"rendered":"<p>eloriente.net<\/p>\n<p>16 de noviembre de 2012<\/p>\n<p>Tal como lo hab\u00eda adelantado @El_Oriente el 25 de Septiembre, Lila Downs recibi\u00f3 el 15 de noviembre el Grammy Latino al Mejor Album Folk, aqu\u00ed una entrevista previa y abajo la informaci\u00f3n completa sobre la entrega global de los premios:<\/p>\n<p><span class=\"embed-youtube\" style=\"text-align:center; display: block;\"><iframe loading=\"lazy\" class=\"youtube-player\" width=\"640\" height=\"360\" src=\"https:\/\/www.youtube.com\/embed\/TGK3grZL3Nc?version=3&#038;rel=1&#038;showsearch=0&#038;showinfo=1&#038;iv_load_policy=1&#038;fs=1&#038;hl=es-ES&#038;autohide=2&#038;wmode=transparent\" allowfullscreen=\"true\" style=\"border:0;\" sandbox=\"allow-scripts allow-same-origin allow-popups allow-presentation allow-popups-to-escape-sandbox\"><\/iframe><\/span><\/p>\n<p style=\"text-align: right;\"><strong>OTRAS ENTRADAS SOBRE LILA DOWNS EN EL ORIENTE, LA P\u00c1GINA DE CONTENIDOS DE CALIDAD DE TODO OAXACA:<\/strong><\/p>\n<p style=\"text-align: right;\"><a title=\"Permalink to Lila Downs nominada a Mejor Album Folk en Grammy Latino\" href=\"http:\/\/www.eloriente.net\/home\/2012\/09\/25\/lila-downs-nominada-a-mejor-album-folk-en-grammy-latino\/\" rel=\"bookmark\">Lila Downs nominada a Mejor Album Folk en Grammy Latino<\/a><\/p>\n<p style=\"text-align: right;\"><a title=\"Permalink to Canal 3. Lila Dows y Jes\u00fas Navarro\" href=\"http:\/\/www.eloriente.net\/home\/gab_gallery\/canal-1-lila-dows-con-jesus-navarro\/\" rel=\"bookmark\">Canal 3. Lila Dows y Jes\u00fas Navarro<\/a><\/p>\n<p>Fuente: <a href=\"http:\/\/www.latingrammy.com\/es\" target=\"_blank\" rel=\"noopener\">Grammy Latino<\/a><\/p>\n<p>Las estrellas estaban presentes pero la XIII Entrega Anual del Latin GRAMMY el jueves, en el Mandalay Bay en Las Vegas, fue tambi\u00e9n una celebraci\u00f3n de artistas menos conocidos masivamente, como el d\u00fao de pop\u00a0 rock Jesse &amp; Joy, \u00a0y una bienvenida a reci\u00e9n llegados como la cantautora Carla Morrison y el grupo 3BallMTY (pronunciado Tribal Monterrey) un colectivo con deejays que ha creado su propio estilo,el tribal\u00a0<em>guarachoso<\/em>.<\/p>\n<p>A\u00fan as\u00ed, la gran ganadora de la noche fue la m\u00fasica latina, que tuvo un marco brillante para mostrar su diversidad y vitalidad.<\/p>\n<p>El cantante y compositor colombiano Juanes gan\u00f3 \u00c1lbum del A\u00f1o y Mejor Video Musical Versi\u00f3n Larga por\u00a0<em>MTV Unplugged,<\/em>\u00a0un trabajo producido por otra superestrella latina, el cantante y compositor Juan Luis Guerra. Con estos triunfos, Juanes ha ganado 19 Latin GRAMMYs, alcanzando a Calle 13.<\/p>\n<p>Guerra, un 12 veces ganador del Latin GRAMMY, comenz\u00f3 la noche con seis nominaciones y termin\u00f3 con dos triunfos.<\/p>\n<p>Pero as\u00ed y todo, fue el d\u00fao de Jesse &amp; Joy, quienes ganaron por Grabaci\u00f3n y Canci\u00f3n del A\u00f1o, as\u00ed tambi\u00e9n por Mejor \u00c1lbum Vocal\u00a0 Pop Contempor\u00e1neo y Mejor Video Musical Versi\u00f3n Corta; la cantante y compositora mejicana Carla Morrison, quien gan\u00f3 por Mejor \u00c1lbum de M\u00fasica Alternativa y Mejor Canci\u00f3n Alternativa y 3BallMTY, ganadores de la categor\u00eda Mejor Nuevo Artista, quienes sugirieron una nueva ola llegando en la m\u00fasica latina.<\/p>\n<p>Mas a\u00fan, el show dej\u00f3 a la audiencia algunas im\u00e1genes impactantes y varios momentos fuertes. Un ejemplo son las maravillosas im\u00e1genes ye l sonido de la colaboraci\u00f3n entre Lila Downs, Toto\u00a0 La Momposina y Celso Pi\u00f1a. Su actuaci\u00f3n ofreci\u00f3 un asombroso tapiz de color que habl\u00f3 vol\u00famenes de la riqueza y vitalidad de las tradiciones en la cultura latina. Estos no son artefactos de museo.<\/p>\n<p>Y tambi\u00e9n hubo momentos como el dueto de Prince Royce y Joan Sebastian, mezclando el sonido de bachata y mariachi en \u201cIncondicional;\u201d o la actuaci\u00f3n de Victor Manuelle cantando \u201cSi Tu Me Besas,\u201d la cual incluy\u00f3 la participaci\u00f3n del Ballet Nacional de la Salsa de Colombia, cuerdas y barriles de bomba de Puerto Rico. O si no piense en la participaci\u00f3n de La Persona del A\u00f1o 2012 de La Academia Latina de la Grabaci\u00f3n, del cantante y compositor brasile\u00f1o Caetano Veloso y el trompetista cubano Arturo Sandoval, quien ayer a la noche agrego a su caja de trofeos Latin GRAMMYs por discos de jazz y tango (el ahora tiene cuatro). Su colaboraci\u00f3n en el cl\u00e1sico de Rafael Hern\u00e1ndez \u201cCapullito de Aleli,\u201d y el tema de Veloso \u201cOdara,\u201d fue una celebraci\u00f3n de Fina Estampa, un disco de Veloso que represent\u00f3 su abrazo afectuoso al Gran Cancionero Latino Americano.<\/p>\n<p>Y por supuesto, en el show tambi\u00e9n hubo una representaci\u00f3n de pop cl\u00e1sico, y merengue, norte\u00f1o y hip hop y m\u00e1s, claro, mucho m\u00e1s.<\/p>\n<p>Ayer se entregaron 47 Latin GRAMMY. Pero la gran triunfadora fue la m\u00fasica latina.<\/p>\n<p>&nbsp;<br \/>\n<script async src=\"https:\/\/pagead2.googlesyndication.com\/pagead\/js\/adsbygoogle.js\"><\/script><br \/>\n<ins class=\"adsbygoogle\"\n     style=\"display:block; text-align:center;\"\n     data-ad-layout=\"in-article\"\n     data-ad-format=\"fluid\"\n     data-ad-client=\"ca-pub-1136171134853753\"\n     data-ad-slot=\"5545504441\"><\/ins><br \/>\n<script>\n     (adsbygoogle = window.adsbygoogle || []).push({});\n<\/script><\/p>\n\n\t\t\t  <div \n\t\t\t  \tclass = \"fb-comments\" \n\t\t\t  \tdata-href = \"https:\/\/www.eloriente.net\/home\/2012\/11\/16\/recibe-lila-downs-grammy-latino\/\"\n\t\t\t  \tdata-numposts = \"10\"\n\t\t\t\tdata-colorscheme = \"dark\"\n\t\t\t\tdata-order-by = \"social\"\n\t\t\t\tdata-mobile=true>\n\t\t\t  <\/div>\n\t\t  <style>\n\t\t\t.fb_iframe_widget_fluid_desktop iframe {\n\t\t\t    width: 100% !important;\n\t\t\t}\n\t\t  <\/style>\n\t\t  ","protected":false},"excerpt":{"rendered":"<p>eloriente.net 16 de noviembre de 2012 Tal como lo hab\u00eda adelantado @El_Oriente el 25 de Septiembre, Lila Downs recibi\u00f3 el 15 de noviembre el Grammy Latino al Mejor Album Folk, aqu\u00ed una entrevista previa y abajo la informaci\u00f3n completa sobre la entrega global de los premios: OTRAS ENTRADAS SOBRE LILA DOWNS EN EL ORIENTE, LA [&hellip;]<\/p>\n","protected":false},"author":1,"featured_media":5159,"comment_status":"open","ping_status":"open","sticky":false,"template":"","format":"standard","meta":{"_jetpack_memberships_contains_paid_content":false,"footnotes":""},"categories":[5,32,13,83,31],"tags":[],"class_list":["post-5154","post","type-post","status-publish","format-standard","has-post-thumbnail","hentry","category-canal-3-musica","category-entradas","category-especiales","category-musica-de-oaxaca","category-principal"],"jetpack_featured_media_url":"https:\/\/www.eloriente.net\/home\/wp-content\/uploads\/2012\/11\/Captura-lila-downs-grammy.jpg","jetpack_sharing_enabled":true,"_links":{"self":[{"href":"https:\/\/www.eloriente.net\/home\/wp-json\/wp\/v2\/posts\/5154"}],"collection":[{"href":"https:\/\/www.eloriente.net\/home\/wp-json\/wp\/v2\/posts"}],"about":[{"href":"https:\/\/www.eloriente.net\/home\/wp-json\/wp\/v2\/types\/post"}],"author":[{"embeddable":true,"href":"https:\/\/www.eloriente.net\/home\/wp-json\/wp\/v2\/users\/1"}],"replies":[{"embeddable":true,"href":"https:\/\/www.eloriente.net\/home\/wp-json\/wp\/v2\/comments?post=5154"}],"version-history":[{"count":5,"href":"https:\/\/www.eloriente.net\/home\/wp-json\/wp\/v2\/posts\/5154\/revisions"}],"predecessor-version":[{"id":5377,"href":"https:\/\/www.eloriente.net\/home\/wp-json\/wp\/v2\/posts\/5154\/revisions\/5377"}],"wp:featuredmedia":[{"embeddable":true,"href":"https:\/\/www.eloriente.net\/home\/wp-json\/wp\/v2\/media\/5159"}],"wp:attachment":[{"href":"https:\/\/www.eloriente.net\/home\/wp-json\/wp\/v2\/media?parent=5154"}],"wp:term":[{"taxonomy":"category","embeddable":true,"href":"https:\/\/www.eloriente.net\/home\/wp-json\/wp\/v2\/categories?post=5154"},{"taxonomy":"post_tag","embeddable":true,"href":"https:\/\/www.eloriente.net\/home\/wp-json\/wp\/v2\/tags?post=5154"}],"curies":[{"name":"wp","href":"https:\/\/api.w.org\/{rel}","templated":true}]}}