{"id":51851,"date":"2017-12-17T12:30:17","date_gmt":"2017-12-17T18:30:17","guid":{"rendered":"http:\/\/www.eloriente.net\/home\/?p=51851"},"modified":"2017-12-18T11:56:19","modified_gmt":"2017-12-18T17:56:19","slug":"51851","status":"publish","type":"post","link":"https:\/\/www.eloriente.net\/home\/2017\/12\/17\/51851\/","title":{"rendered":"VIDEOCOLUMNA: La Noche de R\u00e1banos en Oaxaca 120 a\u00f1os de tradici\u00f3n. Por Juan Antonio G\u00f3mez"},"content":{"rendered":"<p><script src=\"\/\/pagead2.googlesyndication.com\/pagead\/js\/adsbygoogle.js\" async=\"\"><\/script><!-- BANNER ELORIENTE INCRUSTADO NOTAS --> <ins class=\"adsbygoogle\" style=\"display: inline-block; width: 300px; height: 250px;\" data-ad-client=\"ca-pub-1136171134853753\" data-ad-slot=\"7974633627\"><\/ins><script>\/\/ <![CDATA[\n(adsbygoogle = window.adsbygoogle || []).push({});\n\/\/ ]]><\/script><\/p>\n<p>&nbsp;<\/p>\n<p>eloriente.net<\/p>\n<p>17 de diciembre de 2017<\/p>\n<p>\u00abEl 23 de diciembre de 1897 Don Francisco Vasconcelos, entonces presidente municipal de la ciudad de Oaxaca, inici\u00f3 a manera de concurso, una de las tradiciones y costumbres m\u00e1s representativas del siglo XIX, XX y de nuestra actualidad: La Noche de R\u00e1banos.<\/p>\n<p>La implant\u00f3 como una ceremonia con la que se cerraba con broche de oro una m\u00faltiple y a\u00f1eja serie de tradiciones navide\u00f1as que durante esta \u00e9poca se acostumbraba entre las familias oaxaque\u00f1as.\u00bb<\/p>\n<p>Esta semana Juan Antonio G\u00f3mez C\u00e1rdenas\u200b nos platica la historia de la importante tradici\u00f3n de la Noche de R\u00e1banos.<\/p>\n<p><iframe loading=\"lazy\" style=\"border: none; overflow: hidden;\" src=\"https:\/\/www.facebook.com\/plugins\/video.php?href=https%3A%2F%2Fwww.facebook.com%2F443535572345554%2Fvideos%2F1777196118979486%2F&amp;show_text=0&amp;width=560\" width=\"560\" height=\"315\" frameborder=\"0\" scrolling=\"no\" allowfullscreen=\"allowfullscreen\"><\/iframe><\/p>\n<p><script src=\"\/\/\" async=\"\"><\/script><br \/>\n <ins class=\"adsbygoogle\" style=\"display: block; text-align: center;\" data-ad-layout=\"in-article\" data-ad-format=\"fluid\" data-ad-client=\"ca-pub-1136171134853753\" data-ad-slot=\"8578966557\"><\/ins><br \/>\n<script>\/\/ <![CDATA[\n(adsbygoogle = window.adsbygoogle || []).push({});\n\/\/ ]]><\/script><\/p>\n<p>Juan Antonio G\u00f3mez C\u00e1rdenas es Licenciado en Turismo por la Universidad de Guadalajara. Cuenta tambi\u00e9n con una Maestr\u00eda en Educaci\u00f3n por el Instituto Tecnol\u00f3gico de Estudios Superiores de Monterrey.<\/p>\n<p>Fue Jefe del Departamento de Capacitaci\u00f3n y Desarrollo Tur\u00edstico de la Secretaria de Turismo del H. Ayuntamiento de Oaxaca de Ju\u00e1rez. Actualmente es Presidente de la Asociaci\u00f3n Mexicana de Profesionistas y T\u00e9cnicos en Turismo A.C. Oaxaca.<\/p>\n<p><a href=\"http:\/\/www.eloriente.net\/home\/wp-content\/uploads\/2017\/12\/JUAN-ANTONIO-GO\u0301MEZ-17-DE-DICIEMBRE-2017.jpg\" rel=\"attachment wp-att-51852\"><img loading=\"lazy\" decoding=\"async\" class=\"alignnone wp-image-51852\" src=\"http:\/\/www.eloriente.net\/home\/wp-content\/uploads\/2017\/12\/JUAN-ANTONIO-GO\u0301MEZ-17-DE-DICIEMBRE-2017-1024x576.jpg\" alt=\"JUAN ANTONIO GO\u0301MEZ 17 DE DICIEMBRE 2017\" width=\"600\" height=\"337\" srcset=\"https:\/\/www.eloriente.net\/home\/wp-content\/uploads\/2017\/12\/JUAN-ANTONIO-GO\u0301MEZ-17-DE-DICIEMBRE-2017-1024x576.jpg 1024w, https:\/\/www.eloriente.net\/home\/wp-content\/uploads\/2017\/12\/JUAN-ANTONIO-GO\u0301MEZ-17-DE-DICIEMBRE-2017-300x169.jpg 300w, https:\/\/www.eloriente.net\/home\/wp-content\/uploads\/2017\/12\/JUAN-ANTONIO-GO\u0301MEZ-17-DE-DICIEMBRE-2017-768x432.jpg 768w, https:\/\/www.eloriente.net\/home\/wp-content\/uploads\/2017\/12\/JUAN-ANTONIO-GO\u0301MEZ-17-DE-DICIEMBRE-2017.jpg 1920w\" sizes=\"(max-width: 600px) 100vw, 600px\" \/><\/a><\/p>\n<p><script src=\"\/\/\" async=\"\"><\/script><br \/>\n <ins class=\"adsbygoogle\" style=\"display: block;\" data-ad-format=\"autorelaxed\" data-ad-client=\"ca-pub-1136171134853753\" data-ad-slot=\"4595267748\"><\/ins><br \/>\n<script>\/\/ <![CDATA[\n(adsbygoogle = window.adsbygoogle || []).push({});\n\/\/ ]]><\/script><\/p>\n\n\t\t\t  <div \n\t\t\t  \tclass = \"fb-comments\" \n\t\t\t  \tdata-href = \"https:\/\/www.eloriente.net\/home\/2017\/12\/17\/51851\/\"\n\t\t\t  \tdata-numposts = \"10\"\n\t\t\t\tdata-colorscheme = \"dark\"\n\t\t\t\tdata-order-by = \"social\"\n\t\t\t\tdata-mobile=true>\n\t\t\t  <\/div>\n\t\t  <style>\n\t\t\t.fb_iframe_widget_fluid_desktop iframe {\n\t\t\t    width: 100% !important;\n\t\t\t}\n\t\t  <\/style>\n\t\t  ","protected":false},"excerpt":{"rendered":"<p>&nbsp; eloriente.net 17 de diciembre de 2017 \u00abEl 23 de diciembre de 1897 Don Francisco Vasconcelos, entonces presidente municipal de la ciudad de Oaxaca, inici\u00f3 a manera de concurso, una de las tradiciones y costumbres m\u00e1s representativas del siglo XIX, XX y de nuestra actualidad: La Noche de R\u00e1banos. La implant\u00f3 como una ceremonia con [&hellip;]<\/p>\n","protected":false},"author":44,"featured_media":51860,"comment_status":"open","ping_status":"open","sticky":false,"template":"","format":"standard","meta":{"_jetpack_memberships_contains_paid_content":false,"footnotes":""},"categories":[18,32,63,5297,7858,464,31,19,98],"tags":[477,180,7859,3086,197,109,6224],"class_list":["post-51851","post","type-post","status-publish","format-standard","has-post-thumbnail","hentry","category-educacion-y-cultura","category-entradas","category-estados","category-historia","category-juan-antonio-gomez","category-oaxaca-estados","category-principal","category-turismo-y-negocios","category-videoblogs","tag-el-oriente","tag-historia","tag-juan-antonio-gomez","tag-noche-de-rabanos","tag-opinion","tag-turismo","tag-videocolumna"],"jetpack_featured_media_url":"https:\/\/www.eloriente.net\/home\/wp-content\/uploads\/2017\/12\/JUAN-ANTONIO-GO\u0301MEZ-17-DE-DICIEMBRE-2017-1-e1513619756852.jpg","jetpack_sharing_enabled":true,"_links":{"self":[{"href":"https:\/\/www.eloriente.net\/home\/wp-json\/wp\/v2\/posts\/51851"}],"collection":[{"href":"https:\/\/www.eloriente.net\/home\/wp-json\/wp\/v2\/posts"}],"about":[{"href":"https:\/\/www.eloriente.net\/home\/wp-json\/wp\/v2\/types\/post"}],"author":[{"embeddable":true,"href":"https:\/\/www.eloriente.net\/home\/wp-json\/wp\/v2\/users\/44"}],"replies":[{"embeddable":true,"href":"https:\/\/www.eloriente.net\/home\/wp-json\/wp\/v2\/comments?post=51851"}],"version-history":[{"count":2,"href":"https:\/\/www.eloriente.net\/home\/wp-json\/wp\/v2\/posts\/51851\/revisions"}],"predecessor-version":[{"id":51854,"href":"https:\/\/www.eloriente.net\/home\/wp-json\/wp\/v2\/posts\/51851\/revisions\/51854"}],"wp:featuredmedia":[{"embeddable":true,"href":"https:\/\/www.eloriente.net\/home\/wp-json\/wp\/v2\/media\/51860"}],"wp:attachment":[{"href":"https:\/\/www.eloriente.net\/home\/wp-json\/wp\/v2\/media?parent=51851"}],"wp:term":[{"taxonomy":"category","embeddable":true,"href":"https:\/\/www.eloriente.net\/home\/wp-json\/wp\/v2\/categories?post=51851"},{"taxonomy":"post_tag","embeddable":true,"href":"https:\/\/www.eloriente.net\/home\/wp-json\/wp\/v2\/tags?post=51851"}],"curies":[{"name":"wp","href":"https:\/\/api.w.org\/{rel}","templated":true}]}}