{"id":51894,"date":"2017-12-20T18:11:22","date_gmt":"2017-12-21T00:11:22","guid":{"rendered":"http:\/\/www.eloriente.net\/home\/?p=51894"},"modified":"2017-12-20T18:26:13","modified_gmt":"2017-12-21T00:26:13","slug":"videocolumna-convocatoria-integrar-comite-participacion-ciudadana-alejandro-cruz","status":"publish","type":"post","link":"https:\/\/www.eloriente.net\/home\/2017\/12\/20\/videocolumna-convocatoria-integrar-comite-participacion-ciudadana-alejandro-cruz\/","title":{"rendered":"VIDEOCOLUMNA: Convocatoria para integrar el Comit\u00e9 de Participaci\u00f3n Ciudadana. Por Alejandro Cruz"},"content":{"rendered":"<p><script src=\"\/\/pagead2.googlesyndication.com\/pagead\/js\/adsbygoogle.js\" async=\"\"><\/script><!-- BANNER ELORIENTE INCRUSTADO NOTAS --> <ins class=\"adsbygoogle\" style=\"display: inline-block; width: 300px; height: 250px;\" data-ad-client=\"ca-pub-1136171134853753\" data-ad-slot=\"7974633627\"><\/ins><script>\/\/ <![CDATA[\n(adsbygoogle = window.adsbygoogle || []).push({});\n\/\/ ]]><\/script><\/p>\n<p>&nbsp;<\/p>\n<p>eloriente.net<\/p>\n<p>20 de diciembre de 2017<\/p>\n<p>\u00abEl 13 de diciembre pasado por fin sali\u00f3 a la luz la convocatoria para integrar el Comit\u00e9 de Participaci\u00f3n Ciudadana del Sistema estatal de combate a la corrupci\u00f3n.<\/p>\n<p>Oaxaca es uno de los 22 estados de la rep\u00fablica que no cuentan con este Comit\u00e9 ciudadano y en consecuencia no han puesto en marcha su Sistema Estatal Anticorrupci\u00f3n.<\/p>\n<p>Del 13 al 28 de diciembre ser\u00e1 el plazo para el registro de aspirantes, la fecha no es apropiada pero les daremos el beneficio de la duda.\u00bb<\/p>\n<p>Esta semana\u00a0<a class=\"profileLink\" href=\"https:\/\/www.facebook.com\/acruzpi68?fref=mentions\" data-hovercard=\"\/ajax\/hovercard\/user.php?id=100001021602250&amp;extragetparams=%7B%22fref%22%3A%22mentions%22%7D\" data-hovercard-prefer-more-content-show=\"1\">Alejandro S Cruz Pimentel<\/a>\u00a0nos habla sobre la convocatoria para Integrar el Comit\u00e9 de Participaci\u00f3n Ciudadana del Sistema estatal de combate a la corrupci\u00f3n. Hace \u00e9nfasis en las desatinadas fechas y nos invita a revisar esta convocatoria.<\/p>\n<p><a href=\"https:\/\/l.facebook.com\/l.php?u=http%3A%2F%2Fcomisiondeseleccionoaxaca.com.mx%2F&amp;h=ATMx_1hpD2jfnrGhmqfIljEk0JdmJB5_90x5kUQ7PLK4iQdJ3hPA8jDGrY-QnHe5gqmBBNpd1GYcjjt0xPyi5u-eSbwfAoCeLtYjlHr6n1s3dEzdWzckaO043wEm0SvmTqcFlyrP-TRh5DYQjF3T0CyE7ZF-wdVz7lOcukdU-GWU1Y-ehmyFi6EC-4HEkhMvUPuhR_uY1OAqe8kKJ3jYYIRjPLpItIlFZm_mFtxPxTUmPvHD5qB6RF8XTVBBv9j5W3zFAiWA6Oohm3aqf3Nx09a_GLkZHwxpR_QKvsoeJIpJoJQ7\" target=\"_blank\" rel=\"noopener nofollow\" data-ft=\"{&quot;tn&quot;:&quot;-U&quot;}\" data-lynx-mode=\"async\">http:\/\/comisiondeseleccionoaxaca.com.mx<\/a><\/p>\n<p><iframe loading=\"lazy\" style=\"border: none; overflow: hidden;\" src=\"https:\/\/www.facebook.com\/plugins\/video.php?href=https%3A%2F%2Fwww.facebook.com%2F443535572345554%2Fvideos%2F1781181965247568%2F&amp;show_text=0&amp;width=560\" width=\"560\" height=\"315\" frameborder=\"0\" scrolling=\"no\" allowfullscreen=\"allowfullscreen\"><\/iframe><\/p>\n<p><script src=\"\/\/\" async=\"\"><\/script><br \/>\n <ins class=\"adsbygoogle\" style=\"display: block; text-align: center;\" data-ad-layout=\"in-article\" data-ad-format=\"fluid\" data-ad-client=\"ca-pub-1136171134853753\" data-ad-slot=\"8578966557\"><\/ins><br \/>\n<script>\/\/ <![CDATA[\n     (adsbygoogle = window.adsbygoogle || []).push({});\n\/\/ ]]><\/script><\/p>\n<p>Alejandro Cruz Pimentel es egresado del Instituto Tecnol\u00f3gico de Oaxaca. Cuenta con el grado de Licenciatura de Ingeniero Industrial y Maestr\u00eda en Planificaci\u00f3n de Empresas y Desarrollo Regional.<\/p>\n<p>Ha laborado durante dos d\u00e9cadas en la administraci\u00f3n p\u00fablica.<\/p>\n<p>Cuenta con distintos Diplomados en Gobierno Abierto y Participativo; en Pol\u00edticas P\u00fablicas y Evaluaci\u00f3n; Administraci\u00f3n Municipal. Adem\u00e1s ha asistido a Seminarios Internacionales de Transparencia, Acceso a la Informaci\u00f3n y Combate a la corrupci\u00f3n. \u00a0Es consultor en obra p\u00fablica y adquisiciones gubernamentales.\u00a0Colaborador en varios medios de opini\u00f3n.\u00a0Profesor en la Maestr\u00eda de Gobierno y Pol\u00edticas P\u00fablicas en la Universidad Vasconcelos (UNIVAS).<\/p>\n<p><a href=\"http:\/\/www.eloriente.net\/home\/wp-content\/uploads\/2017\/12\/ALEJANDRO-CRUZ-19-DE-DICIEMBRE-2017.jpg\" rel=\"attachment wp-att-51895\"><img loading=\"lazy\" decoding=\"async\" class=\"alignnone  wp-image-51895\" src=\"http:\/\/www.eloriente.net\/home\/wp-content\/uploads\/2017\/12\/ALEJANDRO-CRUZ-19-DE-DICIEMBRE-2017-1024x576.jpg\" alt=\"ALEJANDRO CRUZ 19 DE DICIEMBRE 2017\" width=\"601\" height=\"338\" srcset=\"https:\/\/www.eloriente.net\/home\/wp-content\/uploads\/2017\/12\/ALEJANDRO-CRUZ-19-DE-DICIEMBRE-2017-1024x576.jpg 1024w, https:\/\/www.eloriente.net\/home\/wp-content\/uploads\/2017\/12\/ALEJANDRO-CRUZ-19-DE-DICIEMBRE-2017-300x169.jpg 300w, https:\/\/www.eloriente.net\/home\/wp-content\/uploads\/2017\/12\/ALEJANDRO-CRUZ-19-DE-DICIEMBRE-2017-768x432.jpg 768w, https:\/\/www.eloriente.net\/home\/wp-content\/uploads\/2017\/12\/ALEJANDRO-CRUZ-19-DE-DICIEMBRE-2017.jpg 1920w\" sizes=\"(max-width: 601px) 100vw, 601px\" \/><\/a><\/p>\n<p><script src=\"\/\/\" async=\"\"><\/script><br \/>\n <ins class=\"adsbygoogle\" style=\"display: block;\" data-ad-format=\"autorelaxed\" data-ad-client=\"ca-pub-1136171134853753\" data-ad-slot=\"4595267748\"><\/ins><br \/>\n<script>\/\/ <![CDATA[\n     (adsbygoogle = window.adsbygoogle || []).push({});\n\/\/ ]]><\/script><\/p>\n<p>&nbsp;<\/p>\n\n\t\t\t  <div \n\t\t\t  \tclass = \"fb-comments\" \n\t\t\t  \tdata-href = \"https:\/\/www.eloriente.net\/home\/2017\/12\/20\/videocolumna-convocatoria-integrar-comite-participacion-ciudadana-alejandro-cruz\/\"\n\t\t\t  \tdata-numposts = \"10\"\n\t\t\t\tdata-colorscheme = \"dark\"\n\t\t\t\tdata-order-by = \"social\"\n\t\t\t\tdata-mobile=true>\n\t\t\t  <\/div>\n\t\t  <style>\n\t\t\t.fb_iframe_widget_fluid_desktop iframe {\n\t\t\t    width: 100% !important;\n\t\t\t}\n\t\t  <\/style>\n\t\t  ","protected":false},"excerpt":{"rendered":"<p>&nbsp; eloriente.net 20 de diciembre de 2017 \u00abEl 13 de diciembre pasado por fin sali\u00f3 a la luz la convocatoria para integrar el Comit\u00e9 de Participaci\u00f3n Ciudadana del Sistema estatal de combate a la corrupci\u00f3n. Oaxaca es uno de los 22 estados de la rep\u00fablica que no cuentan con este Comit\u00e9 ciudadano y en consecuencia [&hellip;]<\/p>\n","protected":false},"author":36,"featured_media":51895,"comment_status":"open","ping_status":"open","sticky":false,"template":"","format":"standard","meta":{"_jetpack_memberships_contains_paid_content":false,"footnotes":""},"categories":[2829,6243,11,22,32,63,464,98],"tags":[3339,879,1066,477,197,8763,6224],"class_list":["post-51894","post","type-post","status-publish","format-standard","has-post-thumbnail","hentry","category-alejandro-cruz-pimentel","category-alejandro-cruz-pimentel-videoblogs","category-colaboradores","category-derechos-humanos","category-entradas","category-estados","category-oaxaca-estados","category-videoblogs","tag-alejandro-cruz","tag-columna","tag-corrupcion","tag-el-oriente","tag-opinion","tag-sistema-estatal-anticorrupcion","tag-videocolumna"],"jetpack_featured_media_url":"https:\/\/www.eloriente.net\/home\/wp-content\/uploads\/2017\/12\/ALEJANDRO-CRUZ-19-DE-DICIEMBRE-2017.jpg","jetpack_sharing_enabled":true,"_links":{"self":[{"href":"https:\/\/www.eloriente.net\/home\/wp-json\/wp\/v2\/posts\/51894"}],"collection":[{"href":"https:\/\/www.eloriente.net\/home\/wp-json\/wp\/v2\/posts"}],"about":[{"href":"https:\/\/www.eloriente.net\/home\/wp-json\/wp\/v2\/types\/post"}],"author":[{"embeddable":true,"href":"https:\/\/www.eloriente.net\/home\/wp-json\/wp\/v2\/users\/36"}],"replies":[{"embeddable":true,"href":"https:\/\/www.eloriente.net\/home\/wp-json\/wp\/v2\/comments?post=51894"}],"version-history":[{"count":1,"href":"https:\/\/www.eloriente.net\/home\/wp-json\/wp\/v2\/posts\/51894\/revisions"}],"predecessor-version":[{"id":51897,"href":"https:\/\/www.eloriente.net\/home\/wp-json\/wp\/v2\/posts\/51894\/revisions\/51897"}],"wp:featuredmedia":[{"embeddable":true,"href":"https:\/\/www.eloriente.net\/home\/wp-json\/wp\/v2\/media\/51895"}],"wp:attachment":[{"href":"https:\/\/www.eloriente.net\/home\/wp-json\/wp\/v2\/media?parent=51894"}],"wp:term":[{"taxonomy":"category","embeddable":true,"href":"https:\/\/www.eloriente.net\/home\/wp-json\/wp\/v2\/categories?post=51894"},{"taxonomy":"post_tag","embeddable":true,"href":"https:\/\/www.eloriente.net\/home\/wp-json\/wp\/v2\/tags?post=51894"}],"curies":[{"name":"wp","href":"https:\/\/api.w.org\/{rel}","templated":true}]}}