{"id":51954,"date":"2017-12-26T19:57:10","date_gmt":"2017-12-27T01:57:10","guid":{"rendered":"http:\/\/www.eloriente.net\/home\/?p=51954"},"modified":"2018-01-05T15:14:44","modified_gmt":"2018-01-05T21:14:44","slug":"videocolumna-quimica-medicinal-nuecas-alternativas-terapeuticas-adriana-moreno","status":"publish","type":"post","link":"https:\/\/www.eloriente.net\/home\/2017\/12\/26\/videocolumna-quimica-medicinal-nuecas-alternativas-terapeuticas-adriana-moreno\/","title":{"rendered":"VIDEOCOLUMNA: Qu\u00edmica Medicinal: Nuevas alternativas terap\u00e9uticas. Por Adriana Moreno"},"content":{"rendered":"<p><script src=\"\/\/pagead2.googlesyndication.com\/pagead\/js\/adsbygoogle.js\" async=\"\"><\/script><!-- BANNER ELORIENTE INCRUSTADO NOTAS --> <ins class=\"adsbygoogle\" style=\"display: inline-block; width: 300px; height: 250px;\" data-ad-client=\"ca-pub-1136171134853753\" data-ad-slot=\"7974633627\"><\/ins><script>\/\/ <![CDATA[\n(adsbygoogle = window.adsbygoogle || []).push({});\n\/\/ ]]><\/script><\/p>\n<p style=\"text-align: right;\">Qu\u00edmica Medicinal<\/p>\n<p>eloriente.net<\/p>\n<p>26 de diciembre de 2017<\/p>\n<p>\u00abLa Qu\u00edmica Medicinal tiene como objetivos la identificaci\u00f3n, s\u00edntesis y el desarrollo de nuevos compuestos qu\u00edmicos que sean adecuados para el uso terap\u00e9utico.<\/p>\n<p>Esto incluye el estudio de los f\u00e1rmacos existentes, sus propiedades biol\u00f3gicas y su relaci\u00f3n estructura &#8211; actividad cuantitativa.<\/p>\n<p>Es una disciplina cient\u00edfica que se ocupa del dise\u00f1o, s\u00edntesis, identificaci\u00f3n, evaluaci\u00f3n e interpretaci\u00f3n a nivel molecular del modo de acci\u00f3n de nuevos compuestos biol\u00f3gicamente activos. Estableciendo relaciones entre la estructura qu\u00edmica y la actividad farmacol\u00f3gica.\u00bb<\/p>\n<p>Hoy tenemos una nueva videocolumna cortes\u00eda de la UABJO\u200b. En esta ocasi\u00f3n contamos con la presencia de la Dra. Adriana Moreno Rodr\u00edguez, quien nos hablar\u00e1 sobre nuevas alternativas terap\u00e9uticas de la:<\/p>\n<h2>Qu\u00edmica Medicinal<\/h2>\n<p><iframe loading=\"lazy\" style=\"border: none; overflow: hidden;\" src=\"https:\/\/www.facebook.com\/plugins\/video.php?href=https%3A%2F%2Fwww.facebook.com%2F443535572345554%2Fvideos%2F1788204761211955%2F&amp;show_text=0&amp;width=560\" width=\"560\" height=\"315\" frameborder=\"0\" scrolling=\"no\" allowfullscreen=\"allowfullscreen\"><\/iframe><\/p>\n<p><script src=\"\/\/\" async=\"\"><\/script><br \/>\n <ins class=\"adsbygoogle\" style=\"display: block; text-align: center;\" data-ad-layout=\"in-article\" data-ad-format=\"fluid\" data-ad-client=\"ca-pub-1136171134853753\" data-ad-slot=\"8578966557\"><\/ins><br \/>\n<script>\/\/ <![CDATA[\n(adsbygoogle = window.adsbygoogle || []).push({});\n\/\/ ]]><\/script><\/p>\n<p>La doctora Adriana Moreno Rodr\u00edguez tiene una Licenciatura en Qu\u00edmico Bi\u00f3logo Universidad Aut\u00f3noma \u201cBenito Ju\u00e1rez\u201d de Oaxaca, Maestr\u00eda en Ciencias Qu\u00edmico Biol\u00f3gicas Universidad Aut\u00f3noma \u201cBenito Ju\u00e1rez\u201d de Oaxaca, Doctorado en Ciencias en Desarrollo Regional y Tecnol\u00f3gico en Bioqu\u00edmica en Tecnol\u00f3gico Nacional de M\u00e9xico. Pertenece al Sistema Nacional de Investigadores y es Profesora de tiempo completo en la Universidad Aut\u00f3noma Benito Ju\u00e1rez de Oaxaca.<\/p>\n<p><a href=\"http:\/\/www.eloriente.net\/home\/wp-content\/uploads\/2017\/12\/UABJO-26-DE-DICIEMBRE-2017.jpg\" rel=\"attachment wp-att-51957\"><img loading=\"lazy\" decoding=\"async\" class=\"alignnone wp-image-51957\" src=\"http:\/\/www.eloriente.net\/home\/wp-content\/uploads\/2017\/12\/UABJO-26-DE-DICIEMBRE-2017-1024x576.jpg\" alt=\"UABJO 26 DE DICIEMBRE 2017\" width=\"601\" height=\"338\" srcset=\"https:\/\/www.eloriente.net\/home\/wp-content\/uploads\/2017\/12\/UABJO-26-DE-DICIEMBRE-2017-1024x576.jpg 1024w, https:\/\/www.eloriente.net\/home\/wp-content\/uploads\/2017\/12\/UABJO-26-DE-DICIEMBRE-2017-300x169.jpg 300w, https:\/\/www.eloriente.net\/home\/wp-content\/uploads\/2017\/12\/UABJO-26-DE-DICIEMBRE-2017-768x432.jpg 768w, https:\/\/www.eloriente.net\/home\/wp-content\/uploads\/2017\/12\/UABJO-26-DE-DICIEMBRE-2017.jpg 1920w\" sizes=\"(max-width: 601px) 100vw, 601px\" \/><\/a><\/p>\n<p>&nbsp;<\/p>\n<h2>OTRAS ENTRADAS:<\/h2>\n<div class=\"featuredpost\">\n<h2 class=\"posttitle \"><a title=\"Enlace Permanente a Comunicado \u00edntegro de Oficina Alto Comisionado ONU sobre Ley de Seguridad Interior\" href=\"http:\/\/www.eloriente.net\/home\/2017\/12\/14\/comunicado-integro-oficina-alto-comisionado-onu-ley-seguridad-interior\/\" rel=\"bookmark\">Comunicado \u00edntegro de Oficina Alto Comisionado ONU sobre Ley de Seguridad Interior<\/a><\/h2>\n<p>Alto Comisionado ONU eloriente.net\/ONU-DH 14 de diciembre de 2017 GINEBRA (14 de diciembre de 2017) \u2013 Expertos y expertas de la ONU* han llamado\u00a0al Estado mexicano a rechazar\u2026<\/p>\n<p class=\"postmeta\"><span class=\"meta_date\">diciembre 14, 2017<\/span><\/p>\n<div class=\"toolbar-social\">\n<div class=\"social-widget\">\n<div id=\"sharing-widget\"><a class=\"button icon-share\">Compartir<\/a><\/div>\n<\/div>\n<\/div>\n<\/div>\n<div class=\"featuredpost lastpost\">\n<p><a href=\"http:\/\/www.eloriente.net\/home\/2017\/12\/12\/videocolumna-nuevas-terapias-cancer-veronica-vasquez-garzon\/\" rel=\"bookmark\"><img decoding=\"async\" class=\"alignleft\" title=\"VIDEOCOLUMNA: Nuevas terapias contra el c\u00e1ncer. Por Ver\u00f3nica V\u00e1squez Garz\u00f3n\" src=\"http:\/\/www.eloriente.net\/home\/wp-content\/themes\/city-desk\/timthumb.php?src=http%3A%2F%2Fwww.eloriente.net%2Fhome%2Fwp-content%2Fuploads%2F2017%2F12%2FUABJO-12-DE-DICIEMBRE-2017.jpg&amp;q=90&amp;w=200&amp;h=145&amp;zc=1\" alt=\"VIDEOCOLUMNA: Nuevas terapias contra el c\u00e1ncer. Por Ver\u00f3nica V\u00e1squez Garz\u00f3n\" \/><\/a><\/p>\n<h2 class=\"posttitle \"><a title=\"Enlace Permanente a VIDEOCOLUMNA: Nuevas terapias contra el c\u00e1ncer. Por Ver\u00f3nica V\u00e1squez Garz\u00f3n\" href=\"http:\/\/www.eloriente.net\/home\/2017\/12\/12\/videocolumna-nuevas-terapias-cancer-veronica-vasquez-garzon\/\" rel=\"bookmark\">VIDEOCOLUMNA: Nuevas terapias contra el c\u00e1ncer. Por Ver\u00f3nica V\u00e1squez Garz\u00f3n<\/a><\/h2>\n<p>12 de diciembre de 2017 \u201cDesafortunadamente, el c\u00e1ncer es un problema de salud p\u00fablica a nivel mundial. A pesar de los esfuerzos para tratar esta enfermedad los\u2026<\/p>\n<p class=\"postmeta\"><span class=\"meta_date\">diciembre 12, 2017<\/span><\/p>\n<div class=\"toolbar-social\">\n<div class=\"social-widget\">\n<div id=\"sharing-widget\"><a class=\"button icon-share\">Compartir<\/a><\/div>\n<div>\n<h2 class=\"posttitle\"><a title=\"Enlace Permanente a La tecnolog\u00eda antis\u00edsmica que M\u00e9xico necesita, por CONACYT\" href=\"http:\/\/www.eloriente.net\/home\/2017\/12\/19\/la-tecnologia-antisismica-mexico-necesita-conacyt\/\" rel=\"bookmark\">La tecnolog\u00eda antis\u00edsmica que M\u00e9xico necesita, por CONACYT<\/a><\/h2>\n<p>Tecnolog\u00eda antis\u00edsmica eloriente.net 19 de diciembre de 2017*<\/p>\n<p>Por Verenise S\u00e1nchez Ciudad de M\u00e9xico. (Agencia Informativa Consejo Nacional de Ciencia y Tecnolog\u00eda).\u2013Desde hace aproximadamente 32 a\u00f1os, el 19 de septiembre\u2026<\/p>\n<p class=\"postmeta\"><span class=\"meta_date\">diciembre 19, 2017<\/span><\/p>\n<\/div>\n<\/div>\n<\/div>\n<\/div>\n<p><script src=\"\/\/\" async=\"\"><\/script><br \/>\n <ins class=\"adsbygoogle\" style=\"display: block;\" data-ad-format=\"autorelaxed\" data-ad-client=\"ca-pub-1136171134853753\" data-ad-slot=\"4595267748\"><\/ins><br \/>\n<script>\/\/ <![CDATA[\n(adsbygoogle = window.adsbygoogle || []).push({});\n\/\/ ]]><\/script><\/p>\n\n\t\t\t  <div \n\t\t\t  \tclass = \"fb-comments\" \n\t\t\t  \tdata-href = \"https:\/\/www.eloriente.net\/home\/2017\/12\/26\/videocolumna-quimica-medicinal-nuecas-alternativas-terapeuticas-adriana-moreno\/\"\n\t\t\t  \tdata-numposts = \"10\"\n\t\t\t\tdata-colorscheme = \"dark\"\n\t\t\t\tdata-order-by = \"social\"\n\t\t\t\tdata-mobile=true>\n\t\t\t  <\/div>\n\t\t  <style>\n\t\t\t.fb_iframe_widget_fluid_desktop iframe {\n\t\t\t    width: 100% !important;\n\t\t\t}\n\t\t  <\/style>\n\t\t  ","protected":false},"excerpt":{"rendered":"<p>Qu\u00edmica Medicinal eloriente.net 26 de diciembre de 2017 \u00abLa Qu\u00edmica Medicinal tiene como objetivos la identificaci\u00f3n, s\u00edntesis y el desarrollo de nuevos compuestos qu\u00edmicos que sean adecuados para el uso terap\u00e9utico. Esto incluye el estudio de los f\u00e1rmacos existentes, sus propiedades biol\u00f3gicas y su relaci\u00f3n estructura &#8211; actividad cuantitativa. Es una disciplina cient\u00edfica que se [&hellip;]<\/p>\n","protected":false},"author":44,"featured_media":51957,"comment_status":"open","ping_status":"open","sticky":false,"template":"","format":"standard","meta":{"_jetpack_memberships_contains_paid_content":false,"footnotes":""},"categories":[3,4300,1588,18,32,63,35,464,8677,84,98],"tags":[8896,8895,477,8894,182,6189],"class_list":["post-51954","post","type-post","status-publish","format-standard","has-post-thumbnail","hentry","category-canal-1-tu-aula","category-comunicacion","category-comunicados-y-boletines","category-educacion-y-cultura","category-entradas","category-estados","category-secciones-oriente","category-oaxaca-estados","category-uabjo","category-universidades","category-videoblogs","tag-adriana-moreno","tag-alternativas-terapeuticas","tag-el-oriente","tag-quimica-medicinal","tag-uabjo","tag-videocolumnas"],"jetpack_featured_media_url":"https:\/\/www.eloriente.net\/home\/wp-content\/uploads\/2017\/12\/UABJO-26-DE-DICIEMBRE-2017.jpg","jetpack_sharing_enabled":true,"_links":{"self":[{"href":"https:\/\/www.eloriente.net\/home\/wp-json\/wp\/v2\/posts\/51954"}],"collection":[{"href":"https:\/\/www.eloriente.net\/home\/wp-json\/wp\/v2\/posts"}],"about":[{"href":"https:\/\/www.eloriente.net\/home\/wp-json\/wp\/v2\/types\/post"}],"author":[{"embeddable":true,"href":"https:\/\/www.eloriente.net\/home\/wp-json\/wp\/v2\/users\/44"}],"replies":[{"embeddable":true,"href":"https:\/\/www.eloriente.net\/home\/wp-json\/wp\/v2\/comments?post=51954"}],"version-history":[{"count":5,"href":"https:\/\/www.eloriente.net\/home\/wp-json\/wp\/v2\/posts\/51954\/revisions"}],"predecessor-version":[{"id":52077,"href":"https:\/\/www.eloriente.net\/home\/wp-json\/wp\/v2\/posts\/51954\/revisions\/52077"}],"wp:featuredmedia":[{"embeddable":true,"href":"https:\/\/www.eloriente.net\/home\/wp-json\/wp\/v2\/media\/51957"}],"wp:attachment":[{"href":"https:\/\/www.eloriente.net\/home\/wp-json\/wp\/v2\/media?parent=51954"}],"wp:term":[{"taxonomy":"category","embeddable":true,"href":"https:\/\/www.eloriente.net\/home\/wp-json\/wp\/v2\/categories?post=51954"},{"taxonomy":"post_tag","embeddable":true,"href":"https:\/\/www.eloriente.net\/home\/wp-json\/wp\/v2\/tags?post=51954"}],"curies":[{"name":"wp","href":"https:\/\/api.w.org\/{rel}","templated":true}]}}