{"id":52146,"date":"2018-01-10T19:18:28","date_gmt":"2018-01-11T01:18:28","guid":{"rendered":"http:\/\/www.eloriente.net\/home\/?p=52146"},"modified":"2018-01-10T20:31:39","modified_gmt":"2018-01-11T02:31:39","slug":"videocolumna-violencia-genero-mariana-aragon","status":"publish","type":"post","link":"https:\/\/www.eloriente.net\/home\/2018\/01\/10\/videocolumna-violencia-genero-mariana-aragon\/","title":{"rendered":"VIDEOCOLUMNA: Violencia de g\u00e9nero. Por Mariana Arag\u00f3n"},"content":{"rendered":"<p><script src=\"\/\/pagead2.googlesyndication.com\/pagead\/js\/adsbygoogle.js\" async=\"\"><\/script><!-- BANNER ELORIENTE INCRUSTADO NOTAS --> <ins class=\"adsbygoogle\" style=\"display: inline-block; width: 300px; height: 250px;\" data-ad-client=\"ca-pub-1136171134853753\" data-ad-slot=\"7974633627\"><\/ins><script>\/\/ <![CDATA[\n(adsbygoogle = window.adsbygoogle || []).push({});\n\/\/ ]]><\/script><\/p>\n<p>&nbsp;<\/p>\n<p>eloriente.net<\/p>\n<p>10 de enero de 2018<\/p>\n<p>\u00abFue en 2013 cuando la Organizaci\u00f3n Mundial de la Salud alert\u00f3 a la Comunidad Internacional, de que la violencia de g\u00e9nero estaba cobrando proporciones epid\u00e9micas, al revelar que al menos una de cada tres mujeres era v\u00edctima de violencia f\u00edsica o sexual por parte de su pareja; ojo, esto sin importar cultura, religi\u00f3n, pa\u00eds o condici\u00f3n socio econ\u00f3mica.<\/p>\n<p>Desde entonces, ciertamente gobierno y sociedades nos hemos hecho m\u00e1s conscientes de esta problem\u00e1tica, sin embargo las acci<span class=\"text_exposed_show\">ones implementadas siguen siendo t\u00edmidas, acompa\u00f1adas de un discurso rosa, como si se tratara de un problema que nos ata\u00f1e solo a las mujeres, cuando en realidad se trata de una pandemia social que atenta contra los derechos humanos, lacera la armon\u00eda social y por lo tanto denigra la calidad de vida.\u00bb<\/span><\/p>\n<p>En esta nueva videocolumna\u00a0<a class=\"profileLink\" href=\"https:\/\/www.facebook.com\/mariana.aragonmijangos?fref=mentions\" data-hovercard=\"\/ajax\/hovercard\/user.php?id=738790181&amp;extragetparams=%7B%22fref%22%3A%22mentions%22%7D\" data-hovercard-prefer-more-content-show=\"1\">Mariana Arag\u00f3n Mi<\/a>\u00a0nos habla sobre violencia de g\u00e9nero, la situaci\u00f3n actual de la misma en Oaxaca, y qu\u00e9 medidas se podr\u00edan implementar para combatirla.<\/p>\n<p><iframe loading=\"lazy\" style=\"border: none; overflow: hidden;\" src=\"https:\/\/www.facebook.com\/plugins\/video.php?href=https%3A%2F%2Fwww.facebook.com%2F443535572345554%2Fvideos%2F1804687759563655%2F&amp;show_text=0&amp;width=560\" width=\"560\" height=\"315\" frameborder=\"0\" scrolling=\"no\" allowfullscreen=\"allowfullscreen\"><\/iframe><\/p>\n<p><script src=\"\/\/\" async=\"\"><\/script><br \/>\n <ins class=\"adsbygoogle\" style=\"display: block; text-align: center;\" data-ad-layout=\"in-article\" data-ad-format=\"fluid\" data-ad-client=\"ca-pub-1136171134853753\" data-ad-slot=\"8578966557\"><\/ins><br \/>\n<script>\/\/ <![CDATA[\n(adsbygoogle = window.adsbygoogle || []).push({});\n\/\/ ]]><\/script><\/p>\n<p>Mariana Arag\u00f3n es Directora de PROYECTA, estrategias de Comunicaci\u00f3n Pol\u00edtica. Adem\u00e1s es articulista y tallerista<\/p>\n<p><a href=\"http:\/\/www.eloriente.net\/home\/wp-content\/uploads\/2018\/01\/MARIANA-ARAGO\u0301N-10-DE-ENERO-2018.jpg\" rel=\"attachment wp-att-52142\"><img loading=\"lazy\" decoding=\"async\" class=\"alignnone wp-image-52142\" src=\"http:\/\/www.eloriente.net\/home\/wp-content\/uploads\/2018\/01\/MARIANA-ARAGO\u0301N-10-DE-ENERO-2018-1024x576.jpg\" alt=\"MARIANA ARAGO\u0301N 10 DE ENERO 2018\" width=\"605\" height=\"340\" srcset=\"https:\/\/www.eloriente.net\/home\/wp-content\/uploads\/2018\/01\/MARIANA-ARAGO\u0301N-10-DE-ENERO-2018-1024x576.jpg 1024w, https:\/\/www.eloriente.net\/home\/wp-content\/uploads\/2018\/01\/MARIANA-ARAGO\u0301N-10-DE-ENERO-2018-300x169.jpg 300w, https:\/\/www.eloriente.net\/home\/wp-content\/uploads\/2018\/01\/MARIANA-ARAGO\u0301N-10-DE-ENERO-2018-768x432.jpg 768w, https:\/\/www.eloriente.net\/home\/wp-content\/uploads\/2018\/01\/MARIANA-ARAGO\u0301N-10-DE-ENERO-2018.jpg 1920w\" sizes=\"(max-width: 605px) 100vw, 605px\" \/><\/a><\/p>\n<p><script src=\"\/\/\" async=\"\"><\/script><br \/>\n <ins class=\"adsbygoogle\" style=\"display: block;\" data-ad-format=\"autorelaxed\" data-ad-client=\"ca-pub-1136171134853753\" data-ad-slot=\"4595267748\"><\/ins><br \/>\n<script>\/\/ <![CDATA[\n(adsbygoogle = window.adsbygoogle || []).push({});\n\/\/ ]]><\/script><\/p>\n\n\t\t\t  <div \n\t\t\t  \tclass = \"fb-comments\" \n\t\t\t  \tdata-href = \"https:\/\/www.eloriente.net\/home\/2018\/01\/10\/videocolumna-violencia-genero-mariana-aragon\/\"\n\t\t\t  \tdata-numposts = \"10\"\n\t\t\t\tdata-colorscheme = \"dark\"\n\t\t\t\tdata-order-by = \"social\"\n\t\t\t\tdata-mobile=true>\n\t\t\t  <\/div>\n\t\t  <style>\n\t\t\t.fb_iframe_widget_fluid_desktop iframe {\n\t\t\t    width: 100% !important;\n\t\t\t}\n\t\t  <\/style>\n\t\t  ","protected":false},"excerpt":{"rendered":"<p>&nbsp; eloriente.net 10 de enero de 2018 \u00abFue en 2013 cuando la Organizaci\u00f3n Mundial de la Salud alert\u00f3 a la Comunidad Internacional, de que la violencia de g\u00e9nero estaba cobrando proporciones epid\u00e9micas, al revelar que al menos una de cada tres mujeres era v\u00edctima de violencia f\u00edsica o sexual por parte de su pareja; ojo, [&hellip;]<\/p>\n","protected":false},"author":44,"featured_media":52142,"comment_status":"open","ping_status":"open","sticky":false,"template":"","format":"standard","meta":{"_jetpack_memberships_contains_paid_content":false,"footnotes":""},"categories":[22,32,63,8746,464,21,98],"tags":[477,8748,189,73,197,8976,6224,165,5005],"class_list":["post-52146","post","type-post","status-publish","format-standard","has-post-thumbnail","hentry","category-derechos-humanos","category-entradas","category-estados","category-mariana-aragon-mijangos","category-oaxaca-estados","category-politica-y-gobierno","category-videoblogs","tag-el-oriente","tag-mariana-aragon","tag-mujeres","tag-oaxaca","tag-opinion","tag-situacion-actual","tag-videocolumna","tag-violencia","tag-violencia-de-genero"],"jetpack_featured_media_url":"https:\/\/www.eloriente.net\/home\/wp-content\/uploads\/2018\/01\/MARIANA-ARAGO\u0301N-10-DE-ENERO-2018.jpg","jetpack_sharing_enabled":true,"_links":{"self":[{"href":"https:\/\/www.eloriente.net\/home\/wp-json\/wp\/v2\/posts\/52146"}],"collection":[{"href":"https:\/\/www.eloriente.net\/home\/wp-json\/wp\/v2\/posts"}],"about":[{"href":"https:\/\/www.eloriente.net\/home\/wp-json\/wp\/v2\/types\/post"}],"author":[{"embeddable":true,"href":"https:\/\/www.eloriente.net\/home\/wp-json\/wp\/v2\/users\/44"}],"replies":[{"embeddable":true,"href":"https:\/\/www.eloriente.net\/home\/wp-json\/wp\/v2\/comments?post=52146"}],"version-history":[{"count":2,"href":"https:\/\/www.eloriente.net\/home\/wp-json\/wp\/v2\/posts\/52146\/revisions"}],"predecessor-version":[{"id":52149,"href":"https:\/\/www.eloriente.net\/home\/wp-json\/wp\/v2\/posts\/52146\/revisions\/52149"}],"wp:featuredmedia":[{"embeddable":true,"href":"https:\/\/www.eloriente.net\/home\/wp-json\/wp\/v2\/media\/52142"}],"wp:attachment":[{"href":"https:\/\/www.eloriente.net\/home\/wp-json\/wp\/v2\/media?parent=52146"}],"wp:term":[{"taxonomy":"category","embeddable":true,"href":"https:\/\/www.eloriente.net\/home\/wp-json\/wp\/v2\/categories?post=52146"},{"taxonomy":"post_tag","embeddable":true,"href":"https:\/\/www.eloriente.net\/home\/wp-json\/wp\/v2\/tags?post=52146"}],"curies":[{"name":"wp","href":"https:\/\/api.w.org\/{rel}","templated":true}]}}