{"id":52240,"date":"2018-01-18T11:30:23","date_gmt":"2018-01-18T17:30:23","guid":{"rendered":"http:\/\/www.eloriente.net\/home\/?p=52240"},"modified":"2018-01-18T14:32:20","modified_gmt":"2018-01-18T20:32:20","slug":"no-puedes-dejar-ir-del-18-al-24-enero","status":"publish","type":"post","link":"https:\/\/www.eloriente.net\/home\/2018\/01\/18\/no-puedes-dejar-ir-del-18-al-24-enero\/","title":{"rendered":"\u00a1No puedes dejar de ir en Oaxaca!; del 18 al 24 de enero"},"content":{"rendered":"<p style=\"text-align: right;\"><script src=\"\/\/pagead2.googlesyndication.com\/pagead\/js\/adsbygoogle.js\" async=\"\"><\/script><!-- BANNER ELORIENTE INCRUSTADO NOTAS --> <ins class=\"adsbygoogle\" style=\"display: inline-block; width: 300px; height: 250px;\" data-ad-client=\"ca-pub-1136171134853753\" data-ad-slot=\"7974633627\"><\/ins><script>\/\/ <![CDATA[\n(adsbygoogle = window.adsbygoogle || []).push({});\n\/\/ ]]><\/script><\/p>\n<p style=\"text-align: right;\"><em>No puedes dejar de ir en Oaxaca<\/em><\/p>\n<p>Agenda Cultural Oaxaca<\/p>\n<p>(www.eloriente.net, M\u00e9xico, a 18 de enero de 2018. Por: Jessica Lamadrid).- Como todos los jueves en EL ORIENTE.NET les compartimos nuestra selecci\u00f3n de actividades culturales que se estar\u00e1n llevando a cabo en la ciudad gracias al trabajo que se realiza en los diferentes centros relacionados en Oaxaca, estas recomendaciones abordan tem\u00e1ticas distintas manteniendo la diversidad en la agenda de esta semana.<\/p>\n<p>As\u00ed las actividades culturales que abarcan del 18 al 24 de enero.<\/p>\n<h2>No puedes dejar de ir en Oaxaca:<\/h2>\n<h2><a href=\"https:\/\/www.facebook.com\/events\/1880735008884052\/?acontext=%7B%22ref%22%3A%223%22%2C%22ref_newsfeed_story_type%22%3A%22regular%22%2C%22action_history%22%3A%22null%22%7D\" target=\"_blank\">1.- \u00a1Trueque! Sesi\u00f3n Informativa<\/a><\/h2>\n<p>En la ciudad se estar\u00e1 realizando el Trueque Festival, un evento que surge de la oportunidad de intercambiar cultura, conocimientos, procesos y habilidades sobre el caf\u00e9 entre Australia y Oaxaca; logrando conectar a productores, comunidades, baristas, cafeter\u00edas, acad\u00e9micos, acad\u00e9micas y todos los interesados en el caf\u00e9<\/p>\n<p>Este evento cultural inicia con sus actividades este jueves 18 de enero con una sesi\u00f3n informativa sobre la convocatoria de baristas oaxaque\u00f1os y oaxaque\u00f1as para el Trueque Festival en el Convivio, esto con el fin de poder hacer preguntas a los organizadores. Lo anterior es valioso pues se puede recibir m\u00e1s informaci\u00f3n sobre la convocatoria de\u00a06 baristas locales para participar en las visitas y sobre el intercambio con los baristas australianos, para el mes de febrero.<\/p>\n<p>La reuni\u00f3n informativa iniciar\u00e1 las 18 horas en el <a href=\"https:\/\/www.facebook.com\/conviviooaxaca\/\" target=\"_blank\">Convivio Oaxaca<\/a>, ubicado en Avenida Ju\u00e1rez n\u00famero 805. La entrada es libre.<\/p>\n<p><a href=\"http:\/\/www.eloriente.net\/home\/wp-content\/uploads\/2018\/01\/18.jpg\" rel=\"attachment wp-att-52245\"><img loading=\"lazy\" decoding=\"async\" class=\" wp-image-52245 aligncenter\" src=\"http:\/\/www.eloriente.net\/home\/wp-content\/uploads\/2018\/01\/18.jpg\" alt=\"Fuente: Trueque Festival 18\/01\/18\" width=\"531\" height=\"299\" srcset=\"https:\/\/www.eloriente.net\/home\/wp-content\/uploads\/2018\/01\/18.jpg 960w, https:\/\/www.eloriente.net\/home\/wp-content\/uploads\/2018\/01\/18-300x169.jpg 300w, https:\/\/www.eloriente.net\/home\/wp-content\/uploads\/2018\/01\/18-768x432.jpg 768w\" sizes=\"(max-width: 531px) 100vw, 531px\" \/><\/a><\/p>\n<p>&nbsp;<\/p>\n<h2>2.- Orfebrer\u00eda Pacheco\u00b4s<\/h2>\n<p>El espacio cultural, <a href=\"https:\/\/www.facebook.com\/AndaresDelArtePopular\/\" target=\"_blank\">Andares del Arte Popular<\/a> ha organizado para este viernes 19 de enero el evento Orfebrer\u00eda Pacheco\u00b4s, actividad en la cual la familia Pacheco hablar\u00e1 con el p\u00fablico asistente sobre su formaci\u00f3n artesanal; el taller en el que trabajan para realizar sus productos, su marca, trayectoria, premios e intereses particulares que tienen los integrantes de la familia y proyecciones del taller.<\/p>\n<p>Lo anterior tiene el fin de intercambiar experiencias con otros artesanos, dise\u00f1adores, productores y p\u00fablico en general sensibilizando sobre el tema del arte popular y su sustentabilidad basado en la nueva generaci\u00f3n de creadores. Tambi\u00e9n hablar\u00e1n de\u00a0los retos que se enfrentan en la actualidad para continuar esta tradici\u00f3n familiar que cuenta ya con 60 a\u00f1os de historia.<\/p>\n<p>La entrada al evento es libre y comenzar\u00e1 a las 18 horas, en el espacio Andares el cual esta localizado en Avenida Independencia n\u00famero 1003.<\/p>\n<p><a href=\"http:\/\/www.eloriente.net\/home\/wp-content\/uploads\/2018\/01\/19.jpg\" rel=\"attachment wp-att-52246\"><img loading=\"lazy\" decoding=\"async\" class=\" wp-image-52246 aligncenter\" src=\"http:\/\/www.eloriente.net\/home\/wp-content\/uploads\/2018\/01\/19.jpg\" alt=\"Fuente: Andares del Arte Popular 18\/01\/18\" width=\"447\" height=\"691\" srcset=\"https:\/\/www.eloriente.net\/home\/wp-content\/uploads\/2018\/01\/19.jpg 621w, https:\/\/www.eloriente.net\/home\/wp-content\/uploads\/2018\/01\/19-194x300.jpg 194w\" sizes=\"(max-width: 447px) 100vw, 447px\" \/><\/a><\/p>\n<p>&nbsp;<\/p>\n<h2>3.-\u00abMal de Amores\u00bb<\/h2>\n<p>En la<a href=\"https:\/\/www.facebook.com\/galeriacodigotonal\/\" target=\"_blank\"> Galer\u00eda C\u00f3digo Tonal<\/a> se inaugurar\u00e1 la exposici\u00f3n colectiva de arte \u201cMAL DE AMORES ll\u201d (sue\u00f1os frustrados) este s\u00e1bado 20 de enero a las\u00a019:00 hrs., la cual muestra los trabajos de diferentes artistas oaxaque\u00f1os, entre los que encontramos a Omar Talledos, Roque Reyes, Jose Moises, Iv\u00e1n Rodrigues, Armando Flores, Eduardo A., Alexis Villafan y Rene Olvera.<\/p>\n<p>La finalidad de llevar a cabo la segunda edici\u00f3n de esta exposici\u00f3n es poder otorgarle a los artistas un espacio en donde se puedan dar a conocer con el p\u00fablico en general a trav\u00e9s de la muestra de su trabajo.<\/p>\n<p>Te recordamos que la Galer\u00eda C\u00f3digo Tonal se encuentra en Avenida Juarez n\u00famero 107, del Centro Hist\u00f3rico.<\/p>\n<p>La entrada es libre.<\/p>\n<p><a href=\"http:\/\/www.eloriente.net\/home\/wp-content\/uploads\/2018\/01\/20.jpg\" rel=\"attachment wp-att-52247\"><img loading=\"lazy\" decoding=\"async\" class=\" wp-image-52247 aligncenter\" src=\"http:\/\/www.eloriente.net\/home\/wp-content\/uploads\/2018\/01\/20.jpg\" alt=\"Fuente: Galer\u00eda C\u00f3digo Tonal 18\/01\/18\" width=\"448\" height=\"634\" srcset=\"https:\/\/www.eloriente.net\/home\/wp-content\/uploads\/2018\/01\/20.jpg 678w, https:\/\/www.eloriente.net\/home\/wp-content\/uploads\/2018\/01\/20-212x300.jpg 212w\" sizes=\"(max-width: 448px) 100vw, 448px\" \/><\/a><\/p>\n<p>&nbsp;<\/p>\n<h2>4.- Habitabilidad de los Centros Hist\u00f3ricos con Entornos Peatonales<\/h2>\n<p>La <a href=\"https:\/\/www.facebook.com\/Casa-de-La-Ciudad-213411298714654\/\" target=\"_blank\">Casa de la Ciudad<\/a> cumplir\u00e1 este a\u00f1o 14 a\u00f1os de trabajo y para celebrarlo ha organizado un programa de actividades culturales bajo el nombre \u00abSemana de la Casa\u00bb. Dicho programa, que les compartimos a continuaci\u00f3n, contempla actividades en las cuales se sigue fomentando la b\u00fasqueda de una planeaci\u00f3n estrat\u00e9gica de la ciudad para hacer viables alternativas de movilidad, c\u00f3mo el uso de la bicicleta.<\/p>\n<p><script src=\"\/\/pagead2.googlesyndication.com\/pagead\/js\/adsbygoogle.js\" async=\"\"><\/script><br \/>\n <ins class=\"adsbygoogle\" style=\"display: block; text-align: center;\" data-ad-layout=\"in-article\" data-ad-format=\"fluid\" data-ad-client=\"ca-pub-1136171134853753\" data-ad-slot=\"8578966557\"><\/ins><br \/>\n<script>\/\/ <![CDATA[\n(adsbygoogle\u00a0=\u00a0window.adsbygoogle\u00a0||\u00a0[]).push({});\n\/\/ ]]><\/script><\/p>\n<p>De los programados te sugerimos asistir a la conferencia Habitabilidad en Centros Hist\u00f3ricos con Entornos Peatonales, impartida por la Doctora Luz Cecilia Rodr\u00edguez S\u00e1nchez catedr\u00e1tica de la Universidad de Arquitectura de la UABJO, a las 17 horas el d\u00eda lunes 22 de enero en la Sala de Exposiciones de la Casa de la Ciudad.<\/p>\n<p>Te recordamos que la Casa de la Ciudad se ubica en la calle Porfirio D\u00edaz n\u00famero 115. La entrada es libre.<\/p>\n<p><a href=\"http:\/\/www.eloriente.net\/home\/wp-content\/uploads\/2018\/01\/INVITACIO\u0301N-GRAL-Y-RODADA-DE-14-ANIVERSARIO.jpg\" rel=\"attachment wp-att-52241\"><img loading=\"lazy\" decoding=\"async\" class=\" wp-image-52241 aligncenter\" src=\"http:\/\/www.eloriente.net\/home\/wp-content\/uploads\/2018\/01\/INVITACIO\u0301N-GRAL-Y-RODADA-DE-14-ANIVERSARIO-795x1024.jpg\" alt=\"Fuente: Bolet\u00edn de la Casa de la Ciudad \" width=\"442\" height=\"569\" srcset=\"https:\/\/www.eloriente.net\/home\/wp-content\/uploads\/2018\/01\/INVITACIO\u0301N-GRAL-Y-RODADA-DE-14-ANIVERSARIO-795x1024.jpg 795w, https:\/\/www.eloriente.net\/home\/wp-content\/uploads\/2018\/01\/INVITACIO\u0301N-GRAL-Y-RODADA-DE-14-ANIVERSARIO-233x300.jpg 233w, https:\/\/www.eloriente.net\/home\/wp-content\/uploads\/2018\/01\/INVITACIO\u0301N-GRAL-Y-RODADA-DE-14-ANIVERSARIO-768x990.jpg 768w, https:\/\/www.eloriente.net\/home\/wp-content\/uploads\/2018\/01\/INVITACIO\u0301N-GRAL-Y-RODADA-DE-14-ANIVERSARIO-1024x1319.jpg 1024w\" sizes=\"(max-width: 442px) 100vw, 442px\" \/><\/a><\/p>\n<p>&nbsp;<\/p>\n<h2><a href=\"https:\/\/www.facebook.com\/events\/188814461700496\/\" target=\"_blank\">5.- Taller de Bordado con Aros<\/a><\/h2>\n<p>El Espacio Malinalli ofrecer\u00e1 para el lunes 22 de enero el \u00abTaller de Bordado con Aros\u00bb impartido por\u00a0<a id=\"js_txf\" href=\"https:\/\/www.facebook.com\/yulyvelatextiles\/\" data-hovercard=\"\/ajax\/hovercard\/page.php?id=492584257588696&amp;extragetparams=%7B%22directed_target_id%22%3A188814461700496%7D\" data-hovercard-prefer-more-content-show=\"1\">Yuly Vela<\/a>,\u00a0quien es artesana dedicada a la creaci\u00f3n de prendas tradicionales de Oaxaca. El objetivo de esta actividad es difundir la riqueza cultural del estado en otras zonas del pa\u00eds.<\/p>\n<p>El taller tiene un cupo limitado de 12 personas y es ideal para las personas que quieran comenzar a bordar, debido a que en este taller se ense\u00f1ar\u00e1n t\u00e9cnicas de bordado para principiantes. El curso tiene un precio de $300.00 que incluye el material a utilizar. Si te encuentras interesado en participar en el taller es importante que te inscribas para apartar tu lugar en el Espacio Malinalli.<\/p>\n<p>Te recordamos que Malinalli se encuentra ubicado en Garc\u00eda Vigil n\u00famero 406 de la Colonia Centro.<\/p>\n<p><a href=\"http:\/\/www.eloriente.net\/home\/wp-content\/uploads\/2018\/01\/22.jpg\" rel=\"attachment wp-att-52248\"><img loading=\"lazy\" decoding=\"async\" class=\" wp-image-52248 aligncenter\" src=\"http:\/\/www.eloriente.net\/home\/wp-content\/uploads\/2018\/01\/22.jpg\" alt=\"Fuente: Espacio Malinalli 18\/01\/18\" width=\"445\" height=\"445\" srcset=\"https:\/\/www.eloriente.net\/home\/wp-content\/uploads\/2018\/01\/22.jpg 280w, https:\/\/www.eloriente.net\/home\/wp-content\/uploads\/2018\/01\/22-150x150.jpg 150w, https:\/\/www.eloriente.net\/home\/wp-content\/uploads\/2018\/01\/22-50x50.jpg 50w, https:\/\/www.eloriente.net\/home\/wp-content\/uploads\/2018\/01\/22-144x144.jpg 144w\" sizes=\"(max-width: 445px) 100vw, 445px\" \/><\/a><\/p>\n<p><script src=\"\/\/pagead2.googlesyndication.com\/pagead\/js\/adsbygoogle.js\" async=\"\"><\/script><br \/>\n <ins class=\"adsbygoogle\" style=\"display: block;\" data-ad-format=\"autorelaxed\" data-ad-client=\"ca-pub-1136171134853753\" data-ad-slot=\"4595267748\"><\/ins><br \/>\n<script>\/\/ <![CDATA[\n(adsbygoogle\u00a0=\u00a0window.adsbygoogle\u00a0||\u00a0[]).push({});\n\/\/ ]]><\/script><\/p>\n\n\t\t\t  <div \n\t\t\t  \tclass = \"fb-comments\" \n\t\t\t  \tdata-href = \"https:\/\/www.eloriente.net\/home\/2018\/01\/18\/no-puedes-dejar-ir-del-18-al-24-enero\/\"\n\t\t\t  \tdata-numposts = \"10\"\n\t\t\t\tdata-colorscheme = \"dark\"\n\t\t\t\tdata-order-by = \"social\"\n\t\t\t\tdata-mobile=true>\n\t\t\t  <\/div>\n\t\t  <style>\n\t\t\t.fb_iframe_widget_fluid_desktop iframe {\n\t\t\t    width: 100% !important;\n\t\t\t}\n\t\t  <\/style>\n\t\t  ","protected":false},"excerpt":{"rendered":"<p>No puedes dejar de ir en Oaxaca Agenda Cultural Oaxaca (www.eloriente.net, M\u00e9xico, a 18 de enero de 2018. Por: Jessica Lamadrid).- Como todos los jueves en EL ORIENTE.NET les compartimos nuestra selecci\u00f3n de actividades culturales que se estar\u00e1n llevando a cabo en la ciudad gracias al trabajo que se realiza en los diferentes centros relacionados [&hellip;]<\/p>\n","protected":false},"author":45,"featured_media":52243,"comment_status":"open","ping_status":"open","sticky":false,"template":"","format":"standard","meta":{"_jetpack_memberships_contains_paid_content":false,"footnotes":""},"categories":[8,18,32,10,464,31],"tags":[8231,8191,8849,9009,8369,9014,9015],"class_list":["post-52240","post","type-post","status-publish","format-standard","has-post-thumbnail","hentry","category-agenda","category-educacion-y-cultura","category-entradas","category-lo-mas-reciente","category-oaxaca-estados","category-principal","tag-no-puedes-dejar-de-ir-en-oaxaca","tag-que-hacer-en-oaxaca-de-juarez","tag-5-recomendaciones-culturales","tag-actividades-culturales-de-enero-2018","tag-agenda-cultural-de-el-oriente","tag-espacio-malinalli","tag-galeria-codigo-tonal"],"jetpack_featured_media_url":"https:\/\/www.eloriente.net\/home\/wp-content\/uploads\/2018\/01\/22917080005_97e1e631f2_k.jpg","jetpack_sharing_enabled":true,"_links":{"self":[{"href":"https:\/\/www.eloriente.net\/home\/wp-json\/wp\/v2\/posts\/52240"}],"collection":[{"href":"https:\/\/www.eloriente.net\/home\/wp-json\/wp\/v2\/posts"}],"about":[{"href":"https:\/\/www.eloriente.net\/home\/wp-json\/wp\/v2\/types\/post"}],"author":[{"embeddable":true,"href":"https:\/\/www.eloriente.net\/home\/wp-json\/wp\/v2\/users\/45"}],"replies":[{"embeddable":true,"href":"https:\/\/www.eloriente.net\/home\/wp-json\/wp\/v2\/comments?post=52240"}],"version-history":[{"count":5,"href":"https:\/\/www.eloriente.net\/home\/wp-json\/wp\/v2\/posts\/52240\/revisions"}],"predecessor-version":[{"id":52259,"href":"https:\/\/www.eloriente.net\/home\/wp-json\/wp\/v2\/posts\/52240\/revisions\/52259"}],"wp:featuredmedia":[{"embeddable":true,"href":"https:\/\/www.eloriente.net\/home\/wp-json\/wp\/v2\/media\/52243"}],"wp:attachment":[{"href":"https:\/\/www.eloriente.net\/home\/wp-json\/wp\/v2\/media?parent=52240"}],"wp:term":[{"taxonomy":"category","embeddable":true,"href":"https:\/\/www.eloriente.net\/home\/wp-json\/wp\/v2\/categories?post=52240"},{"taxonomy":"post_tag","embeddable":true,"href":"https:\/\/www.eloriente.net\/home\/wp-json\/wp\/v2\/tags?post=52240"}],"curies":[{"name":"wp","href":"https:\/\/api.w.org\/{rel}","templated":true}]}}