{"id":53659,"date":"2018-06-11T15:35:33","date_gmt":"2018-06-11T21:35:33","guid":{"rendered":"http:\/\/www.eloriente.net\/home\/?p=53659"},"modified":"2018-06-12T13:52:56","modified_gmt":"2018-06-12T19:52:56","slug":"videocolumna-los-ciclos-de-vida-del-paraiso-reencontrado-parte-2-por-juan-antonio-gomez","status":"publish","type":"post","link":"https:\/\/www.eloriente.net\/home\/2018\/06\/11\/videocolumna-los-ciclos-de-vida-del-paraiso-reencontrado-parte-2-por-juan-antonio-gomez\/","title":{"rendered":"VIDEOCOLUMNA: Los ciclos de vida del para\u00edso reencontrado (Parte 2). Por Juan Antonio G\u00f3mez"},"content":{"rendered":"<p><script src=\"\/\/pagead2.googlesyndication.com\/pagead\/js\/adsbygoogle.js\" async=\"\"><\/script><!-- BANNER ELORIENTE INCRUSTADO NOTAS --> <ins class=\"adsbygoogle\" style=\"display: inline-block; width: 300px; height: 250px;\" data-ad-client=\"ca-pub-1136171134853753\" data-ad-slot=\"7974633627\"><\/ins><script>\/\/ <![CDATA[ (adsbygoogle = window.adsbygoogle || []).push({}); \/\/ ]]><\/script><\/p>\n<p>&nbsp;<\/p>\n<p>eloriente.net<\/p>\n<p>11 de junio de 2018<\/p>\n<p>\u00abContinuando con la cr\u00f3nica de la semana pasada, la principal caracter\u00edstica del destino Huatulco, desde su creaci\u00f3n a diferencia de los otros Centros Integralmente Planeados fueron los contratiempos.<\/p>\n<p>La prensa se hac\u00eda presente sacando fotos y desacreditando al equipo de Fonatur. La planeaci\u00f3n y construcci\u00f3n de la Marina, se complic\u00f3 porque ah\u00ed se ubicaba una escuela y una casa propiedad del gobernador Heladio Ram\u00edrez L\u00f3pez. Pese a todo tipo de intimidaciones, el desarrollo e<span class=\"text_exposed_show\">staba en marcha, era evidente que el CIP Huatulco modificar\u00eda Ia geograf\u00eda de esa zona e impulsar\u00eda cambios pol\u00edticos, econ\u00f3micos y sociales, la creaci\u00f3n del destino y la llegada de inversionistas, ya no se detendr\u00eda.\u00bb<\/span><\/p>\n<p>Esta semana\u00a0<a class=\"profileLink\" href=\"https:\/\/www.facebook.com\/JuanAntonioGomezCardenas?fref=mentions\" data-hovercard=\"\/ajax\/hovercard\/user.php?id=1178523739&amp;extragetparams=%7B%22fref%22%3A%22mentions%22%7D\" data-hovercard-prefer-more-content-show=\"1\">Juan Antonio G\u00f3mez C\u00e1rdenas<\/a>\u00a0nos contin\u00faa contando sobre la creaci\u00f3n de Huatulco como destino tur\u00edstico.<\/p>\n<p><iframe loading=\"lazy\" style=\"border: none; overflow: hidden;\" src=\"https:\/\/www.facebook.com\/plugins\/video.php?href=https%3A%2F%2Fwww.facebook.com%2F443535572345554%2Fvideos%2F1975590379140058%2F&amp;show_text=0&amp;width=560\" width=\"560\" height=\"315\" frameborder=\"0\" scrolling=\"no\" allowfullscreen=\"allowfullscreen\"><\/iframe><\/p>\n<p><script async src=\"\/\/\"><\/script><br \/>\n<ins class=\"adsbygoogle\" style=\"display: block; text-align: center;\" data-ad-layout=\"in-article\" data-ad-format=\"fluid\" data-ad-client=\"ca-pub-1136171134853753\" data-ad-slot=\"8578966557\"><\/ins><br \/>\n<script>\n     (adsbygoogle = window.adsbygoogle || []).push({});\n<\/script><\/p>\n<h2>Juan Antonio G\u00f3mez C\u00e1rdenas<\/h2>\n<p>es Licenciado en Turismo por la Universidad de Guadalajara. Cuenta tambi\u00e9n con una Maestr\u00eda en Educaci\u00f3n por el Instituto Tecnol\u00f3gico de Estudios Superiores de Monterrey.<\/p>\n<p>Fue Jefe del Departamento de Capacitaci\u00f3n y Desarrollo Tur\u00edstico de la Secretaria de Turismo del H. Ayuntamiento de Oaxaca de Ju\u00e1rez. Actualmente es Presidente de la Asociaci\u00f3n Mexicana de Profesionistas y T\u00e9cnicos en Turismo A.C. Oaxaca.<\/p>\n<p><a href=\"http:\/\/www.eloriente.net\/home\/wp-content\/uploads\/2018\/06\/JUAN-ANTONIO-GO\u0301MEZ-10-DE-JUNIO-2018.jpg\"><img loading=\"lazy\" decoding=\"async\" class=\"alignnone wp-image-53660\" src=\"http:\/\/www.eloriente.net\/home\/wp-content\/uploads\/2018\/06\/JUAN-ANTONIO-GO\u0301MEZ-10-DE-JUNIO-2018-1024x576.jpg\" alt=\"\" width=\"603\" height=\"339\" srcset=\"https:\/\/www.eloriente.net\/home\/wp-content\/uploads\/2018\/06\/JUAN-ANTONIO-GO\u0301MEZ-10-DE-JUNIO-2018-1024x576.jpg 1024w, https:\/\/www.eloriente.net\/home\/wp-content\/uploads\/2018\/06\/JUAN-ANTONIO-GO\u0301MEZ-10-DE-JUNIO-2018-300x169.jpg 300w, https:\/\/www.eloriente.net\/home\/wp-content\/uploads\/2018\/06\/JUAN-ANTONIO-GO\u0301MEZ-10-DE-JUNIO-2018-768x432.jpg 768w, https:\/\/www.eloriente.net\/home\/wp-content\/uploads\/2018\/06\/JUAN-ANTONIO-GO\u0301MEZ-10-DE-JUNIO-2018.jpg 1920w\" sizes=\"(max-width: 603px) 100vw, 603px\" \/><\/a><\/p>\n<p><script async src=\"\/\/\"><\/script><br \/>\n<ins class=\"adsbygoogle\" style=\"display: block;\" data-ad-format=\"autorelaxed\" data-ad-client=\"ca-pub-1136171134853753\" data-ad-slot=\"4595267748\"><\/ins><br \/>\n<script>\n     (adsbygoogle = window.adsbygoogle || []).push({});\n<\/script><\/p>\n\n\t\t\t  <div \n\t\t\t  \tclass = \"fb-comments\" \n\t\t\t  \tdata-href = \"https:\/\/www.eloriente.net\/home\/2018\/06\/11\/videocolumna-los-ciclos-de-vida-del-paraiso-reencontrado-parte-2-por-juan-antonio-gomez\/\"\n\t\t\t  \tdata-numposts = \"10\"\n\t\t\t\tdata-colorscheme = \"dark\"\n\t\t\t\tdata-order-by = \"social\"\n\t\t\t\tdata-mobile=true>\n\t\t\t  <\/div>\n\t\t  <style>\n\t\t\t.fb_iframe_widget_fluid_desktop iframe {\n\t\t\t    width: 100% !important;\n\t\t\t}\n\t\t  <\/style>\n\t\t  ","protected":false},"excerpt":{"rendered":"<p>&nbsp; eloriente.net 11 de junio de 2018 \u00abContinuando con la cr\u00f3nica de la semana pasada, la principal caracter\u00edstica del destino Huatulco, desde su creaci\u00f3n a diferencia de los otros Centros Integralmente Planeados fueron los contratiempos. La prensa se hac\u00eda presente sacando fotos y desacreditando al equipo de Fonatur. La planeaci\u00f3n y construcci\u00f3n de la Marina, [&hellip;]<\/p>\n","protected":false},"author":44,"featured_media":53660,"comment_status":"open","ping_status":"open","sticky":false,"template":"","format":"standard","meta":{"_jetpack_memberships_contains_paid_content":false,"footnotes":""},"categories":[3,32,63,7858,464,19,98],"tags":[1349,477,180,785,7859,197,109,6224],"class_list":["post-53659","post","type-post","status-publish","format-standard","has-post-thumbnail","hentry","category-canal-1-tu-aula","category-entradas","category-estados","category-juan-antonio-gomez","category-oaxaca-estados","category-turismo-y-negocios","category-videoblogs","tag-cronica","tag-el-oriente","tag-historia","tag-huatulco","tag-juan-antonio-gomez","tag-opinion","tag-turismo","tag-videocolumna"],"jetpack_featured_media_url":"https:\/\/www.eloriente.net\/home\/wp-content\/uploads\/2018\/06\/JUAN-ANTONIO-GO\u0301MEZ-10-DE-JUNIO-2018.jpg","jetpack_sharing_enabled":true,"_links":{"self":[{"href":"https:\/\/www.eloriente.net\/home\/wp-json\/wp\/v2\/posts\/53659"}],"collection":[{"href":"https:\/\/www.eloriente.net\/home\/wp-json\/wp\/v2\/posts"}],"about":[{"href":"https:\/\/www.eloriente.net\/home\/wp-json\/wp\/v2\/types\/post"}],"author":[{"embeddable":true,"href":"https:\/\/www.eloriente.net\/home\/wp-json\/wp\/v2\/users\/44"}],"replies":[{"embeddable":true,"href":"https:\/\/www.eloriente.net\/home\/wp-json\/wp\/v2\/comments?post=53659"}],"version-history":[{"count":2,"href":"https:\/\/www.eloriente.net\/home\/wp-json\/wp\/v2\/posts\/53659\/revisions"}],"predecessor-version":[{"id":53662,"href":"https:\/\/www.eloriente.net\/home\/wp-json\/wp\/v2\/posts\/53659\/revisions\/53662"}],"wp:featuredmedia":[{"embeddable":true,"href":"https:\/\/www.eloriente.net\/home\/wp-json\/wp\/v2\/media\/53660"}],"wp:attachment":[{"href":"https:\/\/www.eloriente.net\/home\/wp-json\/wp\/v2\/media?parent=53659"}],"wp:term":[{"taxonomy":"category","embeddable":true,"href":"https:\/\/www.eloriente.net\/home\/wp-json\/wp\/v2\/categories?post=53659"},{"taxonomy":"post_tag","embeddable":true,"href":"https:\/\/www.eloriente.net\/home\/wp-json\/wp\/v2\/tags?post=53659"}],"curies":[{"name":"wp","href":"https:\/\/api.w.org\/{rel}","templated":true}]}}