{"id":53703,"date":"2018-06-15T16:23:36","date_gmt":"2018-06-15T22:23:36","guid":{"rendered":"http:\/\/www.eloriente.net\/home\/?p=53703"},"modified":"2018-06-15T18:08:50","modified_gmt":"2018-06-16T00:08:50","slug":"6-libros-para-reflexionar-sobre-futbol","status":"publish","type":"post","link":"https:\/\/www.eloriente.net\/home\/2018\/06\/15\/6-libros-para-reflexionar-sobre-futbol\/","title":{"rendered":"6 libros para reflexionar sobre futbol"},"content":{"rendered":"<p><script src=\"\/\/pagead2.googlesyndication.com\/pagead\/js\/adsbygoogle.js\" async=\"\"><\/script><!-- BANNER ELORIENTE INCRUSTADO NOTAS --> <ins class=\"adsbygoogle\" style=\"display: inline-block; width: 300px; height: 250px;\" data-ad-client=\"ca-pub-1136171134853753\" data-ad-slot=\"7974633627\"><\/ins><script>\/\/ <![CDATA[ (adsbygoogle = window.adsbygoogle || []).push({}); \/\/ ]]><\/script><\/p>\n<p>&nbsp;<\/p>\n<p>eloriente.net<\/p>\n<p>15 de junio de 2018<\/p>\n<p><a href=\"http:\/\/noticias.canal22.org.mx\/2018\/06\/14\/seis-libros-para-pensar-el-futbol-fuera-de-la-cancha\/\" target=\"_blank\" rel=\"noopener\">Canal 22<\/a><\/p>\n<h3><strong>Ayer que inicia el mundial y que la ilusi\u00f3n de llegar al quinto partido renace en muchos, tenemos una propuesta de lectura para complementar la pasi\u00f3n por este deporte<\/strong><\/h3>\n<h3><em><strong>Latitudes. Cr\u00f3nica, viaje y bal\u00f3n<\/strong><\/em><\/h3>\n<p><strong>Alberto Lati, Cal y Arena, 2013<\/strong><\/p>\n<p>En este libro, Alberto Lati nos cuenta las experiencias vividas durante sus viajes como reportero de eventos deportivos, principalmente del mundo futbol\u00edstico, desde mundiales hasta eurocopas. Lati nos muestra el choque cultural que le signific\u00f3 cubrir la Copa del Mundo del 2002, celebrada en Jap\u00f3n y Corea o las olimpiadas en Atenas. Un libro lleno de an\u00e9cdotas que van m\u00e1s all\u00e1 del mero evento deportivo y que nos muestra m\u00e1s sobre comportamientos culturales, historia y an\u00e9cdotas aleda\u00f1as a los eventos.<\/p>\n<p><a href=\"http:\/\/www.eloriente.net\/home\/wp-content\/uploads\/2018\/06\/libro-alberto-lati.jpg\"><img loading=\"lazy\" decoding=\"async\" class=\"alignnone wp-image-53706\" src=\"http:\/\/www.eloriente.net\/home\/wp-content\/uploads\/2018\/06\/libro-alberto-lati.jpg\" alt=\"\" width=\"500\" height=\"731\" srcset=\"https:\/\/www.eloriente.net\/home\/wp-content\/uploads\/2018\/06\/libro-alberto-lati.jpg 640w, https:\/\/www.eloriente.net\/home\/wp-content\/uploads\/2018\/06\/libro-alberto-lati-205x300.jpg 205w\" sizes=\"(max-width: 500px) 100vw, 500px\" \/><\/a><\/p>\n<h3><em><strong>Tiempo en compensaci\u00f3n. Para leer en la banca<\/strong><\/em><\/h3>\n<p><strong>Marcial Fern\u00e1ndez (antologador), Ficticia, 2014<\/strong><\/p>\n<p>\u00bfSab\u00edas que el \u201cChicharito\u201d Hern\u00e1ndez le salv\u00f3 la vida a un hombre en un estado de guerra? \u00bfCu\u00e1l es el primer bal\u00f3n de cuero que lleg\u00f3 a M\u00e9xico? \u00bfEs rebelde el futbol mexicano? Quiz\u00e1s alguna respuesta a estas preguntas est\u00e9n en el libro\u00a0<em>Tiempo en compensaci\u00f3n<\/em>. El editor Marcial Fern\u00e1ndez reuni\u00f3 a varios escritores, aficionados y no aficionados, para escribir sobre el deporte. Antonio Calera-Grobet, Javier Garc\u00eda-Galiano, Gustavo Marcovich, Jonathan Minila, Alejandro Toledo, entre otros, a trav\u00e9s de historias reales o ficticias, nos cuentan momentos trascendentales de este deporte que tendremos en la mira durante un mes.<\/p>\n<p><a href=\"http:\/\/www.eloriente.net\/home\/wp-content\/uploads\/2018\/06\/Tiempo-de-compensacio\u0301n.jpg\"><img loading=\"lazy\" decoding=\"async\" class=\"alignnone wp-image-53709\" src=\"http:\/\/www.eloriente.net\/home\/wp-content\/uploads\/2018\/06\/Tiempo-de-compensacio\u0301n.jpg\" alt=\"\" width=\"450\" height=\"690\" srcset=\"https:\/\/www.eloriente.net\/home\/wp-content\/uploads\/2018\/06\/Tiempo-de-compensacio\u0301n.jpg 326w, https:\/\/www.eloriente.net\/home\/wp-content\/uploads\/2018\/06\/Tiempo-de-compensacio\u0301n-196x300.jpg 196w\" sizes=\"(max-width: 450px) 100vw, 450px\" \/><\/a><\/p>\n<h3><em><strong>Ida y vuelta. Una correspondencia sobre futbol<\/strong><\/em><\/h3>\n<p><strong>Mart\u00edn Caparr\u00f3s, Juan Villoro, Seix Barral, 2012<\/strong><\/p>\n<p>Mucho se sabe del fanatismo de Juan Villoro al futbol. Pero los comentarios que hay detr\u00e1s de cada partido son a veces dif\u00edcil de imaginar. En el Mundial de Sud\u00e1frica 2010, Mart\u00edn Caparr\u00f3s y el escritor mexicano sostuvieron una conversaci\u00f3n a trav\u00e9s de correos, en donde vert\u00edan sus impresiones de cada partido que hab\u00edan visto: goles, contra goles, faltas, expulsiones y fueras de lugar a los que se enfrentan los \u201822 semi dioses del Olimpo\u2019. Lo que hace m\u00e1s rica la pl\u00e1tica son las acotaciones de enciclopedia futbol\u00edstica, que ambos escritores dominan. Originalmente las cartas se publicaron en las revistas digitales\u00a0<i>Soho<\/i>\u00a0y\u00a0<i>Letras Libres<\/i>. En 2012, la editorial Seix Barral las reuni\u00f3 en el libro\u00a0<i>Ida y vuelta.<\/i><\/p>\n<p><a href=\"http:\/\/www.eloriente.net\/home\/wp-content\/uploads\/2018\/06\/Marti\u0301n-Caparro\u0301s-y-Juan-Villoro-Ida-y-Vuelta.jpg\"><img loading=\"lazy\" decoding=\"async\" class=\"alignnone wp-image-53707\" src=\"http:\/\/www.eloriente.net\/home\/wp-content\/uploads\/2018\/06\/Marti\u0301n-Caparro\u0301s-y-Juan-Villoro-Ida-y-Vuelta.jpg\" alt=\"\" width=\"449\" height=\"256\" srcset=\"https:\/\/www.eloriente.net\/home\/wp-content\/uploads\/2018\/06\/Marti\u0301n-Caparro\u0301s-y-Juan-Villoro-Ida-y-Vuelta.jpg 648w, https:\/\/www.eloriente.net\/home\/wp-content\/uploads\/2018\/06\/Marti\u0301n-Caparro\u0301s-y-Juan-Villoro-Ida-y-Vuelta-300x171.jpg 300w\" sizes=\"(max-width: 449px) 100vw, 449px\" \/><\/a><\/p>\n<h3><em><strong>Tambi\u00e9n nos roban el futbol<\/strong><\/em><\/h3>\n<p><strong>\u00c1ngel y Mar\u00eda Cappa, Akal, 2017<\/strong><\/p>\n<p>Este libro puede romper el entusiasmo mundialista. No habla de la cancha, ni de los goles, ni de la afici\u00f3n de una forma romantizada, es una cr\u00edtica al lado mercantil del deporte m\u00e1s famoso del mundo. Utiliza el pensamiento marxista para realizar una cr\u00edtica al modelo neoliberal que se ha \u201capropiado\u201d del f\u00fatbol. Se aborda el caso del f\u00fatbol espa\u00f1ol, tambi\u00e9n se habla del balompi\u00e9 argentino, brasile\u00f1o, alem\u00e1n, ingl\u00e9s, italiano y mexicano y abunda en las negociaciones que suceden tras bambalinas. Los autores dan algunas ideas que podr\u00edan revertir el proceso neoliberal, emitidas por intelectuales, entrenadores y los futbolistas.<\/p>\n<p><a href=\"http:\/\/www.eloriente.net\/home\/wp-content\/uploads\/2018\/06\/tambie\u0301n-nos-roban-el-fu\u0301bol.jpg\"><img loading=\"lazy\" decoding=\"async\" class=\"alignnone wp-image-53708\" src=\"http:\/\/www.eloriente.net\/home\/wp-content\/uploads\/2018\/06\/tambie\u0301n-nos-roban-el-fu\u0301bol-661x1024.jpg\" alt=\"\" width=\"450\" height=\"697\" srcset=\"https:\/\/www.eloriente.net\/home\/wp-content\/uploads\/2018\/06\/tambie\u0301n-nos-roban-el-fu\u0301bol-661x1024.jpg 661w, https:\/\/www.eloriente.net\/home\/wp-content\/uploads\/2018\/06\/tambie\u0301n-nos-roban-el-fu\u0301bol-194x300.jpg 194w, https:\/\/www.eloriente.net\/home\/wp-content\/uploads\/2018\/06\/tambie\u0301n-nos-roban-el-fu\u0301bol-768x1190.jpg 768w, https:\/\/www.eloriente.net\/home\/wp-content\/uploads\/2018\/06\/tambie\u0301n-nos-roban-el-fu\u0301bol-1024x1587.jpg 1024w, https:\/\/www.eloriente.net\/home\/wp-content\/uploads\/2018\/06\/tambie\u0301n-nos-roban-el-fu\u0301bol.jpg 1677w\" sizes=\"(max-width: 450px) 100vw, 450px\" \/><\/a><\/p>\n<p><script async src=\"\/\/\"><\/script><br \/>\n<ins class=\"adsbygoogle\" style=\"display: block; text-align: center;\" data-ad-layout=\"in-article\" data-ad-format=\"fluid\" data-ad-client=\"ca-pub-1136171134853753\" data-ad-slot=\"8578966557\"><\/ins><br \/>\n<script>\n     (adsbygoogle = window.adsbygoogle || []).push({});\n<\/script><\/p>\n<h3><strong>\u201cEl \u00e1rbitro que expuls\u00f3 a Pel\u00e9\u201d, en\u00a0<em>Los \u00e1ngeles de Lupe Pintor<\/em><\/strong><\/h3>\n<p><strong>Alberto Salcedo Ramos, editorial Almad\u00eda, 2015<\/strong><\/p>\n<p>Guillermo Vel\u00e1squez (el Chato) antes de ser \u00e1rbitro fue boxeador. No es raro entonces que se le describa como el \u00a0\u201c\u00fanico \u00e1rbitro del futbol del mundo que registra en su hoja de vida por lo menos cinco jugadores noqueados\u201d, escribe Salcedo Ramos que en esta cr\u00f3nica relata, con su ya caracter\u00edstica prosa magn\u00e9tica, las an\u00e9cdotas generadas por el \u201ctemperamento sangu\u00edneo\u201d de este personaje en la cancha y, sobre todo, \u00e9sa que lo puso en la mira del mundo cuando el 17 de julio de 1968 en un partido amistoso entre Santos de Brasil y la selecci\u00f3n de Colombia, expuls\u00f3 a Pel\u00e9.<\/p>\n<p><a href=\"http:\/\/www.eloriente.net\/home\/wp-content\/uploads\/2018\/06\/ficha-LOS-A\u0301NGELES-DE-LUPE-PINTOR-prensa-1.jpg\"><img loading=\"lazy\" decoding=\"async\" class=\"alignnone wp-image-53704\" src=\"http:\/\/www.eloriente.net\/home\/wp-content\/uploads\/2018\/06\/ficha-LOS-A\u0301NGELES-DE-LUPE-PINTOR-prensa-1-632x1024.jpg\" alt=\"\" width=\"451\" height=\"731\" srcset=\"https:\/\/www.eloriente.net\/home\/wp-content\/uploads\/2018\/06\/ficha-LOS-A\u0301NGELES-DE-LUPE-PINTOR-prensa-1-632x1024.jpg 632w, https:\/\/www.eloriente.net\/home\/wp-content\/uploads\/2018\/06\/ficha-LOS-A\u0301NGELES-DE-LUPE-PINTOR-prensa-1-185x300.jpg 185w, https:\/\/www.eloriente.net\/home\/wp-content\/uploads\/2018\/06\/ficha-LOS-A\u0301NGELES-DE-LUPE-PINTOR-prensa-1-768x1244.jpg 768w, https:\/\/www.eloriente.net\/home\/wp-content\/uploads\/2018\/06\/ficha-LOS-A\u0301NGELES-DE-LUPE-PINTOR-prensa-1.jpg 774w\" sizes=\"(max-width: 451px) 100vw, 451px\" \/><\/a><\/p>\n<h3><em><strong>El futbol a sol y sombra<\/strong><\/em><\/h3>\n<p><strong>Eduardo Galeano, Siglo XXI Editores, 1995<\/strong><\/p>\n<p>Dec\u00eda Eduardo Galeano que Messi jugaba como jugaba porque en la cancha segu\u00eda siendo un ni\u00f1o. Este ensayista y escritor, autor de libros tan diversos como\u00a0<em>Las venas abiertas de Am\u00e9rica Latina<\/em>\u00a0y\u00a0<em>El libro de los abrazos<\/em>, tambi\u00e9n reflexionaba sobre el f\u00fatbol. Y es que de ni\u00f1o el uruguayo quer\u00eda ser futbolista. En este texto, Galeano rinde un homenaje a este deporte al tiempo que denuncia las estructuras de poder de uno de los negocios m\u00e1s lucrativos del mundo.<\/p>\n<p><a href=\"http:\/\/www.eloriente.net\/home\/wp-content\/uploads\/2018\/06\/Futbol-a-sol-y-sombra.jpg\"><img loading=\"lazy\" decoding=\"async\" class=\"alignnone wp-image-53705\" src=\"http:\/\/www.eloriente.net\/home\/wp-content\/uploads\/2018\/06\/Futbol-a-sol-y-sombra-663x1024.jpg\" alt=\"\" width=\"450\" height=\"695\" srcset=\"https:\/\/www.eloriente.net\/home\/wp-content\/uploads\/2018\/06\/Futbol-a-sol-y-sombra-663x1024.jpg 663w, https:\/\/www.eloriente.net\/home\/wp-content\/uploads\/2018\/06\/Futbol-a-sol-y-sombra-194x300.jpg 194w, https:\/\/www.eloriente.net\/home\/wp-content\/uploads\/2018\/06\/Futbol-a-sol-y-sombra-768x1186.jpg 768w, https:\/\/www.eloriente.net\/home\/wp-content\/uploads\/2018\/06\/Futbol-a-sol-y-sombra.jpg 777w\" sizes=\"(max-width: 450px) 100vw, 450px\" \/><\/a><\/p>\n<p><script async src=\"\/\/\"><\/script><br \/>\n<ins class=\"adsbygoogle\" style=\"display: block;\" data-ad-format=\"autorelaxed\" data-ad-client=\"ca-pub-1136171134853753\" data-ad-slot=\"4595267748\"><\/ins><br \/>\n<script>\n     (adsbygoogle = window.adsbygoogle || []).push({});\n<\/script><\/p>\n<p>&nbsp;<\/p>\n<p>&nbsp;<\/p>\n\n\t\t\t  <div \n\t\t\t  \tclass = \"fb-comments\" \n\t\t\t  \tdata-href = \"https:\/\/www.eloriente.net\/home\/2018\/06\/15\/6-libros-para-reflexionar-sobre-futbol\/\"\n\t\t\t  \tdata-numposts = \"10\"\n\t\t\t\tdata-colorscheme = \"dark\"\n\t\t\t\tdata-order-by = \"social\"\n\t\t\t\tdata-mobile=true>\n\t\t\t  <\/div>\n\t\t  <style>\n\t\t\t.fb_iframe_widget_fluid_desktop iframe {\n\t\t\t    width: 100% !important;\n\t\t\t}\n\t\t  <\/style>\n\t\t  ","protected":false},"excerpt":{"rendered":"<p>&nbsp; eloriente.net 15 de junio de 2018 Canal 22 Ayer que inicia el mundial y que la ilusi\u00f3n de llegar al quinto partido renace en muchos, tenemos una propuesta de lectura para complementar la pasi\u00f3n por este deporte Latitudes. Cr\u00f3nica, viaje y bal\u00f3n Alberto Lati, Cal y Arena, 2013 En este libro, Alberto Lati nos [&hellip;]<\/p>\n","protected":false},"author":44,"featured_media":53710,"comment_status":"open","ping_status":"open","sticky":false,"template":"","format":"standard","meta":{"_jetpack_memberships_contains_paid_content":false,"footnotes":""},"categories":[1588,15,18,32,13,3153,10],"tags":[266,2101,350,297,267,433,9424],"class_list":["post-53703","post","type-post","status-publish","format-standard","has-post-thumbnail","hentry","category-comunicados-y-boletines","category-deportes","category-educacion-y-cultura","category-entradas","category-especiales","category-letras-educacion-y-cultura","category-lo-mas-reciente","tag-futbol","tag-letras","tag-libros","tag-literatura","tag-mundial","tag-rusia","tag-rusia-2018"],"jetpack_featured_media_url":"https:\/\/www.eloriente.net\/home\/wp-content\/uploads\/2018\/06\/FUBTOL-por-Kate-Brady.jpg","jetpack_sharing_enabled":true,"_links":{"self":[{"href":"https:\/\/www.eloriente.net\/home\/wp-json\/wp\/v2\/posts\/53703"}],"collection":[{"href":"https:\/\/www.eloriente.net\/home\/wp-json\/wp\/v2\/posts"}],"about":[{"href":"https:\/\/www.eloriente.net\/home\/wp-json\/wp\/v2\/types\/post"}],"author":[{"embeddable":true,"href":"https:\/\/www.eloriente.net\/home\/wp-json\/wp\/v2\/users\/44"}],"replies":[{"embeddable":true,"href":"https:\/\/www.eloriente.net\/home\/wp-json\/wp\/v2\/comments?post=53703"}],"version-history":[{"count":2,"href":"https:\/\/www.eloriente.net\/home\/wp-json\/wp\/v2\/posts\/53703\/revisions"}],"predecessor-version":[{"id":53715,"href":"https:\/\/www.eloriente.net\/home\/wp-json\/wp\/v2\/posts\/53703\/revisions\/53715"}],"wp:featuredmedia":[{"embeddable":true,"href":"https:\/\/www.eloriente.net\/home\/wp-json\/wp\/v2\/media\/53710"}],"wp:attachment":[{"href":"https:\/\/www.eloriente.net\/home\/wp-json\/wp\/v2\/media?parent=53703"}],"wp:term":[{"taxonomy":"category","embeddable":true,"href":"https:\/\/www.eloriente.net\/home\/wp-json\/wp\/v2\/categories?post=53703"},{"taxonomy":"post_tag","embeddable":true,"href":"https:\/\/www.eloriente.net\/home\/wp-json\/wp\/v2\/tags?post=53703"}],"curies":[{"name":"wp","href":"https:\/\/api.w.org\/{rel}","templated":true}]}}