{"id":53789,"date":"2018-06-24T17:59:52","date_gmt":"2018-06-24T23:59:52","guid":{"rendered":"http:\/\/www.eloriente.net\/home\/?p=53789"},"modified":"2018-06-24T17:59:52","modified_gmt":"2018-06-24T23:59:52","slug":"indicio-esmeralda-que-pasa-con-el-sector-ambiental-por-jarumy-mendez","status":"publish","type":"post","link":"https:\/\/www.eloriente.net\/home\/2018\/06\/24\/indicio-esmeralda-que-pasa-con-el-sector-ambiental-por-jarumy-mendez\/","title":{"rendered":"Indicio Esmeralda: \u00bfQu\u00e9 pasa con el sector ambiental?, por Jarumy M\u00e9ndez"},"content":{"rendered":"<p><script src=\"\/\/pagead2.googlesyndication.com\/pagead\/js\/adsbygoogle.js\" async=\"\"><\/script><!-- BANNER ELORIENTE INCRUSTADO NOTAS --> <ins class=\"adsbygoogle\" style=\"display: inline-block; width: 300px; height: 250px;\" data-ad-client=\"ca-pub-1136171134853753\" data-ad-slot=\"7974633627\"><\/ins><script>\/\/ <![CDATA[ (adsbygoogle = window.adsbygoogle || []).push({}); \/\/ ]]><\/script><br \/>\n(www.eloriente.net, M\u00e9xico, a 24 de junio de 2018, por: Jarumy M\u00e9ndez).- Este mes celebramos dos fechas importantes: El D\u00eda Mundial del Medio Ambiente y el D\u00eda Estatal de la Riqueza Natural de Oaxaca, el 5 y 22 de junio respectivamente. Lejos de seguir el estigma que describe Octavio Paz sobre la condici\u00f3n del mexicano sin memoria hist\u00f3rica que celebra un d\u00eda para ser indiferente el resto del a\u00f1o, las conmemoraciones se establecen con el fin de unir esfuerzos para la atenci\u00f3n de un problema. En este caso, para preservar nuestro medio ambiente y conservar nuestra riqueza natural pues estamos conscientes que existe un deterioro en nuestros ecosistemas que ponen en riesgo la biodiversidad en nuestro Estado.<\/p>\n<p>Es decir, instituciones p\u00fablicas, academia y sociedad civil realizamos esfuerzos todos los d\u00edas para entregar resultados en estas conmemoraciones y no se conviertan en flor de un d\u00eda.<\/p>\n<p>Frente a una larga lista de retos que nos aguardan en el sector ambiental, el principal reto a consolidar es coordinar esfuerzos con el sector privado, el sector acad\u00e9mico y con la sociedad civil, ya que sabemos que acciones aisladas pueden ser gotas en el desierto.<\/p>\n<p>Este mes de junio de fiebre mundialista nos emociona a todos, aficionados al f\u00fatbol o no, porque nos recuerda eso, el valor de saber hacer equipo y el sentimiento de pasi\u00f3n y entrega por alcanzar un objetivo. A veces no reparamos en ello, pero casi todo lo que nos rodea ha sido posible por la actuaci\u00f3n coordinada de varias o muchas personas. Esto cobra a\u00fan m\u00e1s valor cuando el resultado es tan extraordinario que sublima la suma de talentos y el sacrificio de todo un equipo.<\/p>\n<p>No es casualidad que el lema de esta administraci\u00f3n sea \u201cJuntos construimos el cambio \u201c , es el resultado de una filosof\u00eda de trabajo en equipo que el Gobernador Alejandro Murat tiene presente y que contagia en su gabinete.<\/p>\n<p>Este es el caso del sector ambiental, que est\u00e1 conformado por aquellas dependencias a las que la ley otorga facultades en materia de equilibrio ecol\u00f3gico, dependencias estatales, municipales y federales: la Secretar\u00eda de Medio Ambiente, Energ\u00edas y Desarrollo Sustentable (SEMAEDESO); la Comisi\u00f3n Estatal Forestal (COESFO); la Comisi\u00f3n Estatal del Agua (CEA) y los municipios con sus \u00e1reas encargadas en la materia, en algunos regidurias y en otros direcciones. Por parte de la federaci\u00f3n las delegaciones de la Secretar\u00eda de Medio Ambiente y Recursos Naturales (SEMARNAT), la Procuradur\u00eda Federal de Protecci\u00f3n Ambiental (PROFEPA), la Comisi\u00f3n Nacional Forestal (CONAFOR), la Comisi\u00f3n Nacional del Agua (CONAGUA), la Comisi\u00f3n Nacional de \u00c1reas Naturales Protegidas (CONANP) y la Comisi\u00f3n Nacional para el Conocimiento y Uso de la Biodiversidad (CONABIO).<\/p>\n<p><script async src=\"\/\/pagead2.googlesyndication.com\/pagead\/js\/adsbygoogle.js\"><\/script><br \/>\n<ins class=\"adsbygoogle\" style=\"display: block; text-align: center;\" data-ad-layout=\"in-article\" data-ad-format=\"fluid\" data-ad-client=\"ca-pub-1136171134853753\" data-ad-slot=\"8578966557\"><\/ins><br \/>\n<script>\n\u00a0\u00a0\u00a0\u00a0\u00a0(adsbygoogle\u00a0=\u00a0window.adsbygoogle\u00a0||\u00a0[]).push({});\n<\/script><br \/>\nTanto al Secretario, a directores y delegados federales del sector se les ve juntos en reuniones de trabajo, en primer lugar para unificar una agenda ambiental y segundo para darle seguimiento. Podemos decir que su trabajo coordinado est\u00e1 teniendo acertados resultados.<\/p>\n<p>El pasado 12 de junio el Gobernador presidi\u00f3 la primer sesi\u00f3n de la Comisi\u00f3n Intersecretarial de Cambio Clim\u00e1tico en la que se tom\u00f3 protesta a los titulares de las secretar\u00edas e instituciones estatales y se aprob\u00f3 la publicaci\u00f3n del Programa Estatal de Cambio Clim\u00e1tico, con esto se logra tratar el tema de forma transversal y garantizar el cumplimiento de estrategias y l\u00edneas de acci\u00f3n que contribuyan a mejorar en la materia.<\/p>\n<p>Dos d\u00edas despu\u00e9s el Gobernador, acompa\u00f1ado del Secretario de Medio Ambiente y el Presidente municipal de Oaxaca de Ju\u00e1rez, firmaba convenio de colaboraci\u00f3n con la Secretar\u00eda de Energ\u00eda del Gobierno Federal para cambiar el alumbrado p\u00fablico de la capital implementando energ\u00edas amigables con el medio ambiente. La visi\u00f3n del Secretario Jos\u00e9 Luis Calvo ha logrado consolidar a Oaxaca como una potencia en generaci\u00f3n de energ\u00edas limpias, logrando desarrollar el proyecto m\u00e1s grande de Latinoam\u00e9rica que el sexenio pasado ten\u00eda olvidado. Adem\u00e1s de lograr el financiamiento con BANOBRAS para solucionar el problema del sitio de disposici\u00f3n final de residuos s\u00f3lidos de los municipios de Oaxaca de Ju\u00e1rez y conurbados, un proyecto que llevaba cerca de treinta a\u00f1os sin actualizarse y en esta administraci\u00f3n ser\u00e1 una realidad.<\/p>\n<p>Oaxaca hoy muestra un mejor rostro ambiental ante M\u00e9xico y ante el mundo. El sector ambiental ha logrado consolidar la entrada de nuestro Estado al Grupo Internacional de Gobernadores para el clima y los bosques, lo que representa una importante ventana de oportunidad para ayudar con recursos internacionales a la protecci\u00f3n y aprovechamiento sustentable de nuestros bosques. Aunado a esto, Oaxaca ha logrado entrar a la Red Nacional de Procuraci\u00f3n de Justicia Ambiental al crear la Procuradur\u00eda Ambiental del Estado, esto permitir\u00e1 intercambiar buenas pr\u00e1cticas y fortalecer esta instituci\u00f3n recientemente creada con gestiones federales que en conjunto con la Red se emprendan.<\/p>\n<p>Finalmente, la pr\u00f3xima semana Huatulco ser\u00e1 sede del XIII Encuentro Nacional de Playas limpias que tiene como objetivo coordinar a los tres niveles de gobierno para mejorar la calidad ambiental de las playas nacionales. Todas estas acciones son resultado de saber trabajar en equipo por nuestro Estado. El sector ambiental seguir\u00e1 entregando buenas cuentas al Gobernador y principalmente a las y los oaxaque\u00f1os.<\/p>\n<p>Subsecretaria de Normatividad Ecol\u00f3gica y Gesti\u00f3n Ambiental<\/p>\n<p>@jarumymendez<\/p>\n<p><script async src=\"\/\/pagead2.googlesyndication.com\/pagead\/js\/adsbygoogle.js\"><\/script><br \/>\n<ins class=\"adsbygoogle\" style=\"display: block;\" data-ad-format=\"autorelaxed\" data-ad-client=\"ca-pub-1136171134853753\" data-ad-slot=\"4595267748\"><\/ins><br \/>\n<script>\n\u00a0\u00a0\u00a0\u00a0\u00a0(adsbygoogle\u00a0=\u00a0window.adsbygoogle\u00a0||\u00a0[]).push({});\n<\/script><\/p>\n\n\t\t\t  <div \n\t\t\t  \tclass = \"fb-comments\" \n\t\t\t  \tdata-href = \"https:\/\/www.eloriente.net\/home\/2018\/06\/24\/indicio-esmeralda-que-pasa-con-el-sector-ambiental-por-jarumy-mendez\/\"\n\t\t\t  \tdata-numposts = \"10\"\n\t\t\t\tdata-colorscheme = \"dark\"\n\t\t\t\tdata-order-by = \"social\"\n\t\t\t\tdata-mobile=true>\n\t\t\t  <\/div>\n\t\t  <style>\n\t\t\t.fb_iframe_widget_fluid_desktop iframe {\n\t\t\t    width: 100% !important;\n\t\t\t}\n\t\t  <\/style>\n\t\t  ","protected":false},"excerpt":{"rendered":"<p>(www.eloriente.net, M\u00e9xico, a 24 de junio de 2018, por: Jarumy M\u00e9ndez).- Este mes celebramos dos fechas importantes: El D\u00eda Mundial del Medio Ambiente y el D\u00eda Estatal de la Riqueza Natural de Oaxaca, el 5 y 22 de junio respectivamente. Lejos de seguir el estigma que describe Octavio Paz sobre la condici\u00f3n del mexicano sin [&hellip;]<\/p>\n","protected":false},"author":1,"featured_media":53605,"comment_status":"open","ping_status":"open","sticky":false,"template":"","format":"standard","meta":{"_jetpack_memberships_contains_paid_content":false,"footnotes":""},"categories":[32,63,20,464,31],"tags":[8557,956,9460,9459],"class_list":["post-53789","post","type-post","status-publish","format-standard","has-post-thumbnail","hentry","category-entradas","category-estados","category-medio-ambiente","category-oaxaca-estados","category-principal","tag-jarumy-mendez","tag-medio-ambiente-2","tag-oaxaca-ecologia","tag-sector-ambiental"],"jetpack_featured_media_url":"https:\/\/www.eloriente.net\/home\/wp-content\/uploads\/2018\/06\/unenvironment-plastico-dia-mundial-medio-ambiente-2018.jpg","jetpack_sharing_enabled":true,"_links":{"self":[{"href":"https:\/\/www.eloriente.net\/home\/wp-json\/wp\/v2\/posts\/53789"}],"collection":[{"href":"https:\/\/www.eloriente.net\/home\/wp-json\/wp\/v2\/posts"}],"about":[{"href":"https:\/\/www.eloriente.net\/home\/wp-json\/wp\/v2\/types\/post"}],"author":[{"embeddable":true,"href":"https:\/\/www.eloriente.net\/home\/wp-json\/wp\/v2\/users\/1"}],"replies":[{"embeddable":true,"href":"https:\/\/www.eloriente.net\/home\/wp-json\/wp\/v2\/comments?post=53789"}],"version-history":[{"count":1,"href":"https:\/\/www.eloriente.net\/home\/wp-json\/wp\/v2\/posts\/53789\/revisions"}],"predecessor-version":[{"id":53790,"href":"https:\/\/www.eloriente.net\/home\/wp-json\/wp\/v2\/posts\/53789\/revisions\/53790"}],"wp:featuredmedia":[{"embeddable":true,"href":"https:\/\/www.eloriente.net\/home\/wp-json\/wp\/v2\/media\/53605"}],"wp:attachment":[{"href":"https:\/\/www.eloriente.net\/home\/wp-json\/wp\/v2\/media?parent=53789"}],"wp:term":[{"taxonomy":"category","embeddable":true,"href":"https:\/\/www.eloriente.net\/home\/wp-json\/wp\/v2\/categories?post=53789"},{"taxonomy":"post_tag","embeddable":true,"href":"https:\/\/www.eloriente.net\/home\/wp-json\/wp\/v2\/tags?post=53789"}],"curies":[{"name":"wp","href":"https:\/\/api.w.org\/{rel}","templated":true}]}}