{"id":53911,"date":"2018-07-03T18:02:36","date_gmt":"2018-07-04T00:02:36","guid":{"rendered":"http:\/\/www.eloriente.net\/home\/?p=53911"},"modified":"2018-07-04T11:49:51","modified_gmt":"2018-07-04T17:49:51","slug":"efemerides-para-el-mes-de-julio","status":"publish","type":"post","link":"https:\/\/www.eloriente.net\/home\/2018\/07\/03\/efemerides-para-el-mes-de-julio\/","title":{"rendered":"Efem\u00e9rides culturales para el mes de julio"},"content":{"rendered":"<p><script src=\"\/\/pagead2.googlesyndication.com\/pagead\/js\/adsbygoogle.js\" async=\"\"><\/script><!-- BANNER ELORIENTE INCRUSTADO NOTAS --> <ins class=\"adsbygoogle\" style=\"display: inline-block; width: 300px; height: 250px;\" data-ad-client=\"ca-pub-1136171134853753\" data-ad-slot=\"7974633627\"><\/ins><script>\/\/ <![CDATA[ (adsbygoogle = window.adsbygoogle || []).push({}); \/\/ ]]><\/script><\/p>\n<p>&nbsp;<\/p>\n<p>eloriente.net<\/p>\n<p>3 de julio de 2018<\/p>\n<p>Por: Valery L\u00f3pez<\/p>\n<p>En un ejercicio por mantener eventos importantes en la memoria colectiva, nos dimos a la tarea de buscar sucesos relevantes de a\u00f1os pasados que sucedieron durante los meses de julio.<\/p>\n<p>A continuaci\u00f3n presentamos una lista con los hechos relevantes de este mes, as\u00ed mismo recordamos los nacimientos de personajes importantes y los fallecimientos de algunos de ellos.<\/p>\n<p><strong>3 de julio de 1883<\/strong>: Nace en Praga el escritor checo Franz Kafka, autor de La metamorfosis y El proceso, entre otras obras.<\/p>\n<p><span class=\"embed-youtube\" style=\"text-align:center; display: block;\"><iframe loading=\"lazy\" class=\"youtube-player\" width=\"640\" height=\"360\" src=\"https:\/\/www.youtube.com\/embed\/g4LyzhkDNBM?version=3&#038;rel=1&#038;showsearch=0&#038;showinfo=1&#038;iv_load_policy=1&#038;fs=1&#038;hl=es-ES&#038;autohide=2&#038;wmode=transparent\" allowfullscreen=\"true\" style=\"border:0;\" sandbox=\"allow-scripts allow-same-origin allow-popups allow-presentation allow-popups-to-escape-sandbox\"><\/iframe><\/span><\/p>\n<p><strong>3 de julio de 1971<\/strong>: Muere Jim Morrison, cantante y poeta estadounidense, vocalista de The Doors. La versi\u00f3n oficial habla de un paro cardiaco aunque existen muchas teor\u00edas que versan sobre un suicidio o asesinato.<\/p>\n<p><span class=\"embed-youtube\" style=\"text-align:center; display: block;\"><iframe loading=\"lazy\" class=\"youtube-player\" width=\"640\" height=\"360\" src=\"https:\/\/www.youtube.com\/embed\/M76T1UG5gB4?version=3&#038;rel=1&#038;showsearch=0&#038;showinfo=1&#038;iv_load_policy=1&#038;fs=1&#038;hl=es-ES&#038;autohide=2&#038;wmode=transparent\" allowfullscreen=\"true\" style=\"border:0;\" sandbox=\"allow-scripts allow-same-origin allow-popups allow-presentation allow-popups-to-escape-sandbox\"><\/iframe><\/span><\/p>\n<p><strong>4 de julio de 1926<\/strong>: Nace Alfredo Di St\u00e9fano, futbolista argentino nacionalizado espa\u00f1ol, considerado por la FIFA como uno de los cuatro mejores jugadores de todos los tiempos. Ganador de 8 Campeonatos de Liga y 5 Copas de Campeones de Europa con el Real Madrid.<\/p>\n<p><span class=\"embed-youtube\" style=\"text-align:center; display: block;\"><iframe loading=\"lazy\" class=\"youtube-player\" width=\"640\" height=\"360\" src=\"https:\/\/www.youtube.com\/embed\/H2Xn57_uTYc?version=3&#038;rel=1&#038;showsearch=0&#038;showinfo=1&#038;iv_load_policy=1&#038;fs=1&#038;hl=es-ES&#038;autohide=2&#038;wmode=transparent\" allowfullscreen=\"true\" style=\"border:0;\" sandbox=\"allow-scripts allow-same-origin allow-popups allow-presentation allow-popups-to-escape-sandbox\"><\/iframe><\/span><\/p>\n<p><strong>6 de julio de 1885<\/strong>: Louis Pasteur vacuna contra la rabia con \u00e9xito al ni\u00f1o Joseph Meister.<\/p>\n<p><span class=\"embed-youtube\" style=\"text-align:center; display: block;\"><iframe loading=\"lazy\" class=\"youtube-player\" width=\"640\" height=\"360\" src=\"https:\/\/www.youtube.com\/embed\/vPGcszfMZjM?version=3&#038;rel=1&#038;showsearch=0&#038;showinfo=1&#038;iv_load_policy=1&#038;fs=1&#038;hl=es-ES&#038;autohide=2&#038;wmode=transparent\" allowfullscreen=\"true\" style=\"border:0;\" sandbox=\"allow-scripts allow-same-origin allow-popups allow-presentation allow-popups-to-escape-sandbox\"><\/iframe><\/span><\/p>\n<p>&nbsp;<\/p>\n<p><script async src=\"\/\/\"><\/script><br \/>\n<ins class=\"adsbygoogle\" style=\"display: block; text-align: center;\" data-ad-layout=\"in-article\" data-ad-format=\"fluid\" data-ad-client=\"ca-pub-1136171134853753\" data-ad-slot=\"8578966557\"><\/ins><br \/>\n<script>\n     (adsbygoogle = window.adsbygoogle || []).push({});\n<\/script><\/p>\n<p><strong>7 de julio de 1930<\/strong>: Fallece Arthur Conan Doyle, novelista brit\u00e1nico creador de Sherlock Holmes.<\/p>\n<p><span class=\"embed-youtube\" style=\"text-align:center; display: block;\"><iframe loading=\"lazy\" class=\"youtube-player\" width=\"640\" height=\"360\" src=\"https:\/\/www.youtube.com\/embed\/JOLQ7fXJsnU?version=3&#038;rel=1&#038;showsearch=0&#038;showinfo=1&#038;iv_load_policy=1&#038;fs=1&#038;hl=es-ES&#038;autohide=2&#038;wmode=transparent\" allowfullscreen=\"true\" style=\"border:0;\" sandbox=\"allow-scripts allow-same-origin allow-popups allow-presentation allow-popups-to-escape-sandbox\"><\/iframe><\/span><\/p>\n<p><strong>15 de julio de de 1606<\/strong>: Nace Rembrandt, pintor holand\u00e9s considerado uno de los mayores expositores del barroco.<\/p>\n<p><span class=\"embed-youtube\" style=\"text-align:center; display: block;\"><iframe loading=\"lazy\" class=\"youtube-player\" width=\"640\" height=\"360\" src=\"https:\/\/www.youtube.com\/embed\/64HaXNWfgoE?version=3&#038;rel=1&#038;showsearch=0&#038;showinfo=1&#038;iv_load_policy=1&#038;fs=1&#038;hl=es-ES&#038;autohide=2&#038;wmode=transparent\" allowfullscreen=\"true\" style=\"border:0;\" sandbox=\"allow-scripts allow-same-origin allow-popups allow-presentation allow-popups-to-escape-sandbox\"><\/iframe><\/span><\/p>\n<p><strong>21 de julio de 1911<\/strong>: Nace Marshall McLuhan, educador, fil\u00f3sofo y soci\u00f3logo canadiense, creador del t\u00e9rmino \u00abaldea global\u00bb.<\/p>\n<p><span class=\"embed-youtube\" style=\"text-align:center; display: block;\"><iframe loading=\"lazy\" class=\"youtube-player\" width=\"640\" height=\"360\" src=\"https:\/\/www.youtube.com\/embed\/OpexbEcsN2A?version=3&#038;rel=1&#038;showsearch=0&#038;showinfo=1&#038;iv_load_policy=1&#038;fs=1&#038;hl=es-ES&#038;autohide=2&#038;wmode=transparent\" allowfullscreen=\"true\" style=\"border:0;\" sandbox=\"allow-scripts allow-same-origin allow-popups allow-presentation allow-popups-to-escape-sandbox\"><\/iframe><\/span><\/p>\n<p><strong>El 21 de julio de 1969<\/strong>: En uno de los sucesos m\u00e1s representativos del Siglo XX, Neil Armstrong a bordo de la misi\u00f3n Apolo 11 llega a la Luna.<\/p>\n<p><span class=\"embed-youtube\" style=\"text-align:center; display: block;\"><iframe loading=\"lazy\" class=\"youtube-player\" width=\"640\" height=\"360\" src=\"https:\/\/www.youtube.com\/embed\/v5u9GU20hvE?version=3&#038;rel=1&#038;showsearch=0&#038;showinfo=1&#038;iv_load_policy=1&#038;fs=1&#038;hl=es-ES&#038;autohide=2&#038;wmode=transparent\" allowfullscreen=\"true\" style=\"border:0;\" sandbox=\"allow-scripts allow-same-origin allow-popups allow-presentation allow-popups-to-escape-sandbox\"><\/iframe><\/span><\/p>\n<p><strong>23 de julio de 2011<\/strong>: Muere a los 27 a\u00f1os Amy Winehouse, cantautora de soul brit\u00e1nica de origen jud\u00edo. Posterior a su muerte el \u00e1lbum <em>Back to Black<\/em> se convirti\u00f3 en al \u00e1lbum m\u00e1s vendido del Siglo XXI en el Reino Unido.<\/p>\n<p><span class=\"embed-youtube\" style=\"text-align:center; display: block;\"><iframe loading=\"lazy\" class=\"youtube-player\" width=\"640\" height=\"360\" src=\"https:\/\/www.youtube.com\/embed\/TJAfLE39ZZ8?version=3&#038;rel=1&#038;showsearch=0&#038;showinfo=1&#038;iv_load_policy=1&#038;fs=1&#038;hl=es-ES&#038;autohide=2&#038;wmode=transparent\" allowfullscreen=\"true\" style=\"border:0;\" sandbox=\"allow-scripts allow-same-origin allow-popups allow-presentation allow-popups-to-escape-sandbox\"><\/iframe><\/span><\/p>\n<p><strong>28 de julio de 1750<\/strong>: Fallece Johann Sebastian Bach, compositor, organista, clavecinista, violinista, violista, maestro de capilla y Kantor alem\u00e1n.<\/p>\n<p><span class=\"embed-youtube\" style=\"text-align:center; display: block;\"><iframe loading=\"lazy\" class=\"youtube-player\" width=\"640\" height=\"360\" src=\"https:\/\/www.youtube.com\/embed\/_OA_wOqgec0?version=3&#038;rel=1&#038;showsearch=0&#038;showinfo=1&#038;iv_load_policy=1&#038;fs=1&#038;hl=es-ES&#038;autohide=2&#038;wmode=transparent\" allowfullscreen=\"true\" style=\"border:0;\" sandbox=\"allow-scripts allow-same-origin allow-popups allow-presentation allow-popups-to-escape-sandbox\"><\/iframe><\/span><\/p>\n<figure id=\"attachment_53913\" aria-describedby=\"caption-attachment-53913\" style=\"width: 550px\" class=\"wp-caption alignnone\"><a href=\"http:\/\/www.eloriente.net\/home\/wp-content\/uploads\/2018\/07\/Amy-Winehouse-por-Fionn-Kidney.jpg\"><img loading=\"lazy\" decoding=\"async\" class=\" wp-image-53913\" src=\"http:\/\/www.eloriente.net\/home\/wp-content\/uploads\/2018\/07\/Amy-Winehouse-por-Fionn-Kidney.jpg\" alt=\"\" width=\"550\" height=\"366\" srcset=\"https:\/\/www.eloriente.net\/home\/wp-content\/uploads\/2018\/07\/Amy-Winehouse-por-Fionn-Kidney.jpg 640w, https:\/\/www.eloriente.net\/home\/wp-content\/uploads\/2018\/07\/Amy-Winehouse-por-Fionn-Kidney-300x200.jpg 300w\" sizes=\"(max-width: 550px) 100vw, 550px\" \/><\/a><figcaption id=\"caption-attachment-53913\" class=\"wp-caption-text\">Amy Winehouse<\/figcaption><\/figure>\n<p><script async src=\"\/\/\"><\/script><br \/>\n<ins class=\"adsbygoogle\" style=\"display: block;\" data-ad-format=\"autorelaxed\" data-ad-client=\"ca-pub-1136171134853753\" data-ad-slot=\"4595267748\"><\/ins><br \/>\n<script>\n     (adsbygoogle = window.adsbygoogle || []).push({});\n<\/script><\/p>\n<p>&nbsp;<\/p>\n\n\t\t\t  <div \n\t\t\t  \tclass = \"fb-comments\" \n\t\t\t  \tdata-href = \"https:\/\/www.eloriente.net\/home\/2018\/07\/03\/efemerides-para-el-mes-de-julio\/\"\n\t\t\t  \tdata-numposts = \"10\"\n\t\t\t\tdata-colorscheme = \"dark\"\n\t\t\t\tdata-order-by = \"social\"\n\t\t\t\tdata-mobile=true>\n\t\t\t  <\/div>\n\t\t  <style>\n\t\t\t.fb_iframe_widget_fluid_desktop iframe {\n\t\t\t    width: 100% !important;\n\t\t\t}\n\t\t  <\/style>\n\t\t  ","protected":false},"excerpt":{"rendered":"<p>&nbsp; eloriente.net 3 de julio de 2018 Por: Valery L\u00f3pez En un ejercicio por mantener eventos importantes en la memoria colectiva, nos dimos a la tarea de buscar sucesos relevantes de a\u00f1os pasados que sucedieron durante los meses de julio. A continuaci\u00f3n presentamos una lista con los hechos relevantes de este mes, as\u00ed mismo recordamos [&hellip;]<\/p>\n","protected":false},"author":44,"featured_media":53921,"comment_status":"open","ping_status":"open","sticky":false,"template":"","format":"standard","meta":{"_jetpack_memberships_contains_paid_content":false,"footnotes":""},"categories":[4300,18,32,13,3153,10,31],"tags":[9493,9492,6760,1084,317,9491,1989,9490,9489],"class_list":["post-53911","post","type-post","status-publish","format-standard","has-post-thumbnail","hentry","category-comunicacion","category-educacion-y-cultura","category-entradas","category-especiales","category-letras-educacion-y-cultura","category-lo-mas-reciente","category-principal","tag-alfredo-di-stefano","tag-alunizaje","tag-amy-winehouse","tag-efemerides","tag-eventos","tag-jim-morrison","tag-julio","tag-kafka","tag-nacimientos"],"jetpack_featured_media_url":"https:\/\/www.eloriente.net\/home\/wp-content\/uploads\/2018\/07\/Amy-Winehouse-por-Fionn-Kidney-1-e1530726584414.jpg","jetpack_sharing_enabled":true,"_links":{"self":[{"href":"https:\/\/www.eloriente.net\/home\/wp-json\/wp\/v2\/posts\/53911"}],"collection":[{"href":"https:\/\/www.eloriente.net\/home\/wp-json\/wp\/v2\/posts"}],"about":[{"href":"https:\/\/www.eloriente.net\/home\/wp-json\/wp\/v2\/types\/post"}],"author":[{"embeddable":true,"href":"https:\/\/www.eloriente.net\/home\/wp-json\/wp\/v2\/users\/44"}],"replies":[{"embeddable":true,"href":"https:\/\/www.eloriente.net\/home\/wp-json\/wp\/v2\/comments?post=53911"}],"version-history":[{"count":4,"href":"https:\/\/www.eloriente.net\/home\/wp-json\/wp\/v2\/posts\/53911\/revisions"}],"predecessor-version":[{"id":53918,"href":"https:\/\/www.eloriente.net\/home\/wp-json\/wp\/v2\/posts\/53911\/revisions\/53918"}],"wp:featuredmedia":[{"embeddable":true,"href":"https:\/\/www.eloriente.net\/home\/wp-json\/wp\/v2\/media\/53921"}],"wp:attachment":[{"href":"https:\/\/www.eloriente.net\/home\/wp-json\/wp\/v2\/media?parent=53911"}],"wp:term":[{"taxonomy":"category","embeddable":true,"href":"https:\/\/www.eloriente.net\/home\/wp-json\/wp\/v2\/categories?post=53911"},{"taxonomy":"post_tag","embeddable":true,"href":"https:\/\/www.eloriente.net\/home\/wp-json\/wp\/v2\/tags?post=53911"}],"curies":[{"name":"wp","href":"https:\/\/api.w.org\/{rel}","templated":true}]}}