{"id":53998,"date":"2018-07-13T17:28:09","date_gmt":"2018-07-13T23:28:09","guid":{"rendered":"http:\/\/www.eloriente.net\/home\/?p=53998"},"modified":"2018-07-13T17:28:09","modified_gmt":"2018-07-13T23:28:09","slug":"india-y-aguascalientes-invitados-de-honor-al-xlvi-festival-internacional-cervantino","status":"publish","type":"post","link":"https:\/\/www.eloriente.net\/home\/2018\/07\/13\/india-y-aguascalientes-invitados-de-honor-al-xlvi-festival-internacional-cervantino\/","title":{"rendered":"India y Aguascalientes invitados de honor al XLVI Festival Internacional Cervantino"},"content":{"rendered":"<p><script src=\"\/\/pagead2.googlesyndication.com\/pagead\/js\/adsbygoogle.js\" async=\"\"><\/script><!-- BANNER ELORIENTE INCRUSTADO NOTAS --> <ins class=\"adsbygoogle\" style=\"display: inline-block; width: 300px; height: 250px;\" data-ad-client=\"ca-pub-1136171134853753\" data-ad-slot=\"7974633627\"><\/ins><script>\/\/ <![CDATA[ (adsbygoogle = window.adsbygoogle || []).push({}); \/\/ ]]><\/script><\/p>\n<p>&nbsp;<\/p>\n<p>eloriente.net<\/p>\n<p>13 de julio de 2018<\/p>\n<p>Pocos huecos son tan dif\u00edciles de llenar como el que deja la Copa Mundial de la FIFA luego de su finalizaci\u00f3n, sin embargo en el \u00e1mbito cultural los eventos que m\u00e1s se le asemejan son los festivales culturales, y en ese sentido uno de los m\u00e1s importantes a nivel global es el Festival Internacional Cervantino.<\/p>\n<p>Para alegr\u00eda de los que gustan de viajar bajo cualquier pretexto, y de los amantes de la cultura el pasado 10 de julio la secretaria de Cultura, Mar\u00eda Cristina Garc\u00eda Cepeda; la directora general del Instituto Nacional de Bellas Artes (INBA), Lidia Camacho; la directora del Festival Internacional Cervantino, Marcela D\u00edez Mart\u00ednez; el gobernador del estado de Guanajuato, Miguel M\u00e1rquez M\u00e1rquez; el gobernador de Aguascalientes, Mart\u00edn Orozco Sandoval, y el embajador de la India en M\u00e9xico, Shri Muktesh K. Pardesh presentaron la programaci\u00f3n que tendr\u00e1 la edici\u00f3n XLVI del Festival Internacional Cervantino.<\/p>\n<p>Como parte de dicho anuncio se dio a conocer que en Guanajuato se encuentran listos para recibir a los creadores y artistas procedentes de los 34 pa\u00edses que participar\u00e1n en esta edici\u00f3n del festival Que se realizar\u00e1 del 10 al 28 de agosto de 2018.<\/p>\n<p><script async src=\"\/\/\"><\/script><br \/>\n<ins class=\"adsbygoogle\" style=\"display: block; text-align: center;\" data-ad-layout=\"in-article\" data-ad-format=\"fluid\" data-ad-client=\"ca-pub-1136171134853753\" data-ad-slot=\"8578966557\"><\/ins><br \/>\n<script>\n     (adsbygoogle = window.adsbygoogle || []).push({});\n<\/script><\/p>\n<p>A pesar de los m\u00faltiples pa\u00edses que asistir\u00e1n, desde 2001 se ha convertido en una tradici\u00f3n que asista un pa\u00eds y estado invitados, que en esta edici\u00f3n ser\u00e1n la India y Aguascalientes respectivamente; los cuales, de acuerdo a los organizadores, mostrar\u00e1n un abanico art\u00edstico rico en tradiciones y modernidad, inserto en el eje tem\u00e1tico del FIC: El futuro es hoy.<\/p>\n<p>Entre las m\u00faltiples actividades que se llevar\u00e1n a cabo en el marco del festival, se ha mencionado que se realizar\u00e1n 195 espect\u00e1culos con un total de 327 funciones distribuidas en \u00f3pera y m\u00fasica vocal, m\u00fasica, danza, teatro, espect\u00e1culos de calle, exposiciones y actividades acad\u00e9micas, lo que representar\u00e1 un despliegue de 110 grupos art\u00edsticos, de 35 pa\u00edses, incluido M\u00e9xico.<\/p>\n<p>Es importante mencionar que en el programa tiene un apartado llamda \u201cCervantino en tu Comunidad\u201d el cual busca aumentar el alcance del festival llevando la presentaci\u00f3n de artistas nacionales e internacionales en barrios lejanos, escuelas, asilos y reclusorios. De manera similar el programa \u201cUna Comunidad al Cervantino\u201d promueve que habitantes de poblaciones alejadas de la ciudad de Guanajuato puedan ser llevados al festival para presenciar de manera gratuita de las funciones.<\/p>\n<p>Para mayor informaci\u00f3n sobre el Festival Internacional Cervantino visita <a href=\"https:\/\/www.festivalcervantino.gob.mx\/\" target=\"_blank\" rel=\"noopener\">www.festivalcervantino.gob.mx<\/a><\/p>\n<p><span class=\"embed-youtube\" style=\"text-align:center; display: block;\"><iframe loading=\"lazy\" class=\"youtube-player\" width=\"640\" height=\"360\" src=\"https:\/\/www.youtube.com\/embed\/kWB8GzXVwxw?version=3&#038;rel=1&#038;showsearch=0&#038;showinfo=1&#038;iv_load_policy=1&#038;fs=1&#038;hl=es-ES&#038;autohide=2&#038;wmode=transparent\" allowfullscreen=\"true\" style=\"border:0;\" sandbox=\"allow-scripts allow-same-origin allow-popups allow-presentation allow-popups-to-escape-sandbox\"><\/iframe><\/span><\/p>\n<p><a href=\"http:\/\/www.eloriente.net\/home\/wp-content\/uploads\/2018\/07\/CERVANTINO-2018.jpg\"><img loading=\"lazy\" decoding=\"async\" class=\"alignnone  wp-image-53999\" src=\"http:\/\/www.eloriente.net\/home\/wp-content\/uploads\/2018\/07\/CERVANTINO-2018.jpg\" alt=\"\" width=\"554\" height=\"416\" srcset=\"https:\/\/www.eloriente.net\/home\/wp-content\/uploads\/2018\/07\/CERVANTINO-2018.jpg 960w, https:\/\/www.eloriente.net\/home\/wp-content\/uploads\/2018\/07\/CERVANTINO-2018-300x225.jpg 300w, https:\/\/www.eloriente.net\/home\/wp-content\/uploads\/2018\/07\/CERVANTINO-2018-768x576.jpg 768w\" sizes=\"(max-width: 554px) 100vw, 554px\" \/><\/a><\/p>\n<p><script async src=\"\/\/\"><\/script><br \/>\n<ins class=\"adsbygoogle\" style=\"display: block;\" data-ad-format=\"autorelaxed\" data-ad-client=\"ca-pub-1136171134853753\" data-ad-slot=\"4595267748\"><\/ins><br \/>\n<script>\n     (adsbygoogle = window.adsbygoogle || []).push({});\n<\/script><\/p>\n\n\t\t\t  <div \n\t\t\t  \tclass = \"fb-comments\" \n\t\t\t  \tdata-href = \"https:\/\/www.eloriente.net\/home\/2018\/07\/13\/india-y-aguascalientes-invitados-de-honor-al-xlvi-festival-internacional-cervantino\/\"\n\t\t\t  \tdata-numposts = \"10\"\n\t\t\t\tdata-colorscheme = \"dark\"\n\t\t\t\tdata-order-by = \"social\"\n\t\t\t\tdata-mobile=true>\n\t\t\t  <\/div>\n\t\t  <style>\n\t\t\t.fb_iframe_widget_fluid_desktop iframe {\n\t\t\t    width: 100% !important;\n\t\t\t}\n\t\t  <\/style>\n\t\t  ","protected":false},"excerpt":{"rendered":"<p>&nbsp; eloriente.net 13 de julio de 2018 Pocos huecos son tan dif\u00edciles de llenar como el que deja la Copa Mundial de la FIFA luego de su finalizaci\u00f3n, sin embargo en el \u00e1mbito cultural los eventos que m\u00e1s se le asemejan son los festivales culturales, y en ese sentido uno de los m\u00e1s importantes a [&hellip;]<\/p>\n","protected":false},"author":44,"featured_media":53999,"comment_status":"open","ping_status":"open","sticky":false,"template":"","format":"standard","meta":{"_jetpack_memberships_contains_paid_content":false,"footnotes":""},"categories":[8,18,32,10,24],"tags":[241,477,4449,1548,9527],"class_list":["post-53998","post","type-post","status-publish","format-standard","has-post-thumbnail","hentry","category-agenda","category-educacion-y-cultura","category-entradas","category-lo-mas-reciente","category-mexico-y-el-mundo","tag-cultura","tag-el-oriente","tag-festival-internacional-cervantino","tag-festivales","tag-fic"],"jetpack_featured_media_url":"https:\/\/www.eloriente.net\/home\/wp-content\/uploads\/2018\/07\/CERVANTINO-2018.jpg","jetpack_sharing_enabled":true,"_links":{"self":[{"href":"https:\/\/www.eloriente.net\/home\/wp-json\/wp\/v2\/posts\/53998"}],"collection":[{"href":"https:\/\/www.eloriente.net\/home\/wp-json\/wp\/v2\/posts"}],"about":[{"href":"https:\/\/www.eloriente.net\/home\/wp-json\/wp\/v2\/types\/post"}],"author":[{"embeddable":true,"href":"https:\/\/www.eloriente.net\/home\/wp-json\/wp\/v2\/users\/44"}],"replies":[{"embeddable":true,"href":"https:\/\/www.eloriente.net\/home\/wp-json\/wp\/v2\/comments?post=53998"}],"version-history":[{"count":1,"href":"https:\/\/www.eloriente.net\/home\/wp-json\/wp\/v2\/posts\/53998\/revisions"}],"predecessor-version":[{"id":54000,"href":"https:\/\/www.eloriente.net\/home\/wp-json\/wp\/v2\/posts\/53998\/revisions\/54000"}],"wp:featuredmedia":[{"embeddable":true,"href":"https:\/\/www.eloriente.net\/home\/wp-json\/wp\/v2\/media\/53999"}],"wp:attachment":[{"href":"https:\/\/www.eloriente.net\/home\/wp-json\/wp\/v2\/media?parent=53998"}],"wp:term":[{"taxonomy":"category","embeddable":true,"href":"https:\/\/www.eloriente.net\/home\/wp-json\/wp\/v2\/categories?post=53998"},{"taxonomy":"post_tag","embeddable":true,"href":"https:\/\/www.eloriente.net\/home\/wp-json\/wp\/v2\/tags?post=53998"}],"curies":[{"name":"wp","href":"https:\/\/api.w.org\/{rel}","templated":true}]}}