{"id":54321,"date":"2018-08-28T12:33:28","date_gmt":"2018-08-28T18:33:28","guid":{"rendered":"http:\/\/www.eloriente.net\/home\/?p=54321"},"modified":"2018-08-28T12:37:02","modified_gmt":"2018-08-28T18:37:02","slug":"alejandro-murat-y-mezcaleros-marchan-en-cdmx-no-estan-solos-reafirma-ante-impi","status":"publish","type":"post","link":"https:\/\/www.eloriente.net\/home\/2018\/08\/28\/alejandro-murat-y-mezcaleros-marchan-en-cdmx-no-estan-solos-reafirma-ante-impi\/","title":{"rendered":"Alejandro Murat y mezcaleros marchan en CDMX; \u00abNo est\u00e1n solos\u00bb, reafirma ante IMPI"},"content":{"rendered":"<p><script src=\"\/\/pagead2.googlesyndication.com\/pagead\/js\/adsbygoogle.js\" async=\"\"><\/script><!-- BANNER ELORIENTE INCRUSTADO NOTAS --> <ins class=\"adsbygoogle\" style=\"display: inline-block; width: 300px; height: 250px;\" data-ad-client=\"ca-pub-1136171134853753\" data-ad-slot=\"7974633627\"><\/ins><script>\/\/ <![CDATA[ (adsbygoogle = window.adsbygoogle || []).push({}); \/\/ ]]><\/script><\/p>\n<p>(www.eloriente.net, M\u00e9xico, a 28 de agosto de 2018, por: Fernando Garc\u00eda Osorio).- \u00abEl derecho a la denominaci\u00f3n de origen del Mezcal, le pertenece a aquellos que tradicionalmente han creado un producto homog\u00e9neo y con cualidades espec\u00edficas identificadas por el p\u00fablico consumidor, como los oaxaque\u00f1os, quienes contamos con la geograf\u00eda y tradiciones\u00bb, as\u00ed lo afirmo hoy el gobernador de Oaxaca, Alejandro Murat, luego de emprender junto con mezcaleros, una marcha en la Ciudad de M\u00e9xico.<\/p>\n<p>Lo anterior, luego de que el Instituto Mexicano de la Propiedad Industrial (IMPI), decidiera otorgar una ampliaci\u00f3n de la denominaci\u00f3n de origen del Mezcal, a favor de los estados de Morelos, M\u00e9xico y Aguascalientes, en supuesto detrimento del estado de Oaxaca,<\/p>\n<p>Ante esta circunstancia y en un hecho in\u00e9dito, Murat realiz\u00f3 esta movilizaci\u00f3n previa a una reuni\u00f3n en que los mezcaleros fueran recibidos por la autoridad se\u00f1alada.<\/p>\n<p>All\u00ed, el gobernador se limita a mencionar que desea dejar por sentado que \u00abno est\u00e1n solos\u00bb y que est\u00e1n dispuesto a hacer \u00ablo que sea necesario\u00bb para apoyar a los productores de Oaxaca.<\/p>\n<p>&nbsp;<\/p>\n<blockquote class=\"twitter-tweet\" data-lang=\"es\">\n<p dir=\"ltr\" lang=\"es\"><a href=\"https:\/\/twitter.com\/alejandromurat?ref_src=twsrc%5Etfw\">@alejandromurat<\/a>: los mezcaleros \u00abno est\u00e1n solos. Haremos lo que sea necesario.<br \/>\nFueron las palabras del gobernador de <a href=\"https:\/\/twitter.com\/hashtag\/Oaxaca?src=hash&amp;ref_src=twsrc%5Etfw\">#Oaxaca<\/a> en el <a href=\"https:\/\/twitter.com\/IMPI_Mexico?ref_src=twsrc%5Etfw\">@IMPI_Mexico<\/a> por haberse ampliado denominaci\u00f3n de origen.<br \/>\nAqu\u00ed las razones:<a href=\"https:\/\/t.co\/IZlNBeA5Gt\">https:\/\/t.co\/IZlNBeA5Gt<\/a><a href=\"https:\/\/twitter.com\/Alfonso_Mtz_?ref_src=twsrc%5Etfw\">@Alfonso_Mtz_<\/a> <a href=\"https:\/\/twitter.com\/todooaxacaradio?ref_src=twsrc%5Etfw\">@todooaxacaradio<\/a> <a href=\"https:\/\/t.co\/qoE9IrKeVr\">pic.twitter.com\/qoE9IrKeVr<\/a><\/p>\n<p>\u2014 El Oriente (@El_Oriente) <a href=\"https:\/\/twitter.com\/El_Oriente\/status\/1034509822593560582?ref_src=twsrc%5Etfw\">28 de agosto de 2018<\/a><\/p><\/blockquote>\n<p><script async src=\"https:\/\/platform.twitter.com\/widgets.js\" charset=\"utf-8\"><\/script><\/p>\n<p><script async src=\"\/\/\"><\/script><br \/>\n<ins class=\"adsbygoogle\" style=\"display: block; text-align: center;\" data-ad-layout=\"in-article\" data-ad-format=\"fluid\" data-ad-client=\"ca-pub-1136171134853753\" data-ad-slot=\"8578966557\"><\/ins><br \/>\n<script>\n     (adsbygoogle = window.adsbygoogle || []).push({});\n<\/script><\/p>\n<h3>Pronunciamientos<\/h3>\n<p>Ante la ampliaci\u00f3n se\u00f1alada, organizaciones como la CANAIMEZ, Sistema Producto Maguey Mezcal Nacional, se pronunciaron porque \u00ablos estados que tengan la Denominaci\u00f3n de Origen Mezcal cumplan cabalmente con tres factores: Poblaci\u00f3n Silvestre de Magueyes, Ancestralidad y Persistencia Cultural en la producci\u00f3n del mezcal. As\u00ed como, principalmente, en todas las decisiones que se involucre el sector mezcal, los pueblos del mezcal y las comunidades ind\u00edgenas que lo integran sean tomados en cuenta\u00bb.<\/p>\n<p>Dicha C\u00e1mara considera que ninguno de los anteriores factores fueron tomados en cuenta en la ampliaci\u00f3n autorizada por el IMPI.<\/p>\n<p>Ante esta circunstancia, la CANAIMEZ incluso hace un llamado al presidente electo L\u00f3pez Obrador, pues \u00abeste atropello en contra de miles de familias originarias de los estados de Oaxaca, Guerrero, Michoac\u00e1n, Tamaulipas, Durango, Guanajuato, San Luis Potos\u00ed, Zacatecas y Puebla, que d\u00eda a d\u00eda preservan y defienden las m\u00faltiples cualidades del mezcal&#8230; para: Ordenar la cancelaci\u00f3n de los actos administrativos mediante los cuales se otorg\u00f3 la incorporaci\u00f3n de las tres entidades antes mencionadas\u00bb.<\/p>\n<p>&nbsp;<\/p>\n<blockquote class=\"twitter-tweet\" data-lang=\"es\">\n<p dir=\"ltr\" lang=\"es\">Marcha en defensa de la denominaci\u00f3n de origen hacia el <a href=\"https:\/\/twitter.com\/IMPI_Mexico?ref_src=twsrc%5Etfw\">@IMPI_Mexico<\/a> encabezada por <a href=\"https:\/\/twitter.com\/alejandromurat?ref_src=twsrc%5Etfw\">@alejandromurat<\/a> y mezcaleros <a href=\"https:\/\/t.co\/S3oZbLYUqi\">pic.twitter.com\/S3oZbLYUqi<\/a><\/p>\n<p>\u2014 CANAIMEZ (@canaimez) <a href=\"https:\/\/twitter.com\/canaimez\/status\/1034482273544941568?ref_src=twsrc%5Etfw\">28 de agosto de 2018<\/a><\/p><\/blockquote>\n<p><script async src=\"https:\/\/platform.twitter.com\/widgets.js\" charset=\"utf-8\"><\/script><\/p>\n<p><script async src=\"\/\/\"><\/script><br \/>\n<ins class=\"adsbygoogle\" style=\"display: block;\" data-ad-format=\"autorelaxed\" data-ad-client=\"ca-pub-1136171134853753\" data-ad-slot=\"4595267748\"><\/ins><br \/>\n<script>\n     (adsbygoogle = window.adsbygoogle || []).push({});\n<\/script><\/p>\n\n\t\t\t  <div \n\t\t\t  \tclass = \"fb-comments\" \n\t\t\t  \tdata-href = \"https:\/\/www.eloriente.net\/home\/2018\/08\/28\/alejandro-murat-y-mezcaleros-marchan-en-cdmx-no-estan-solos-reafirma-ante-impi\/\"\n\t\t\t  \tdata-numposts = \"10\"\n\t\t\t\tdata-colorscheme = \"dark\"\n\t\t\t\tdata-order-by = \"social\"\n\t\t\t\tdata-mobile=true>\n\t\t\t  <\/div>\n\t\t  <style>\n\t\t\t.fb_iframe_widget_fluid_desktop iframe {\n\t\t\t    width: 100% !important;\n\t\t\t}\n\t\t  <\/style>\n\t\t  ","protected":false},"excerpt":{"rendered":"<p>(www.eloriente.net, M\u00e9xico, a 28 de agosto de 2018, por: Fernando Garc\u00eda Osorio).- \u00abEl derecho a la denominaci\u00f3n de origen del Mezcal, le pertenece a aquellos que tradicionalmente han creado un producto homog\u00e9neo y con cualidades espec\u00edficas identificadas por el p\u00fablico consumidor, como los oaxaque\u00f1os, quienes contamos con la geograf\u00eda y tradiciones\u00bb, as\u00ed lo afirmo hoy [&hellip;]<\/p>\n","protected":false},"author":1,"featured_media":54322,"comment_status":"open","ping_status":"open","sticky":false,"template":"","format":"standard","meta":{"_jetpack_memberships_contains_paid_content":false,"footnotes":""},"categories":[6,9,32,63,20,24,464,21],"tags":[4052,9620,9619,9621,73],"class_list":["post-54321","post","type-post","status-publish","format-standard","has-post-thumbnail","hentry","category-canal-4-especiales","category-editorial","category-entradas","category-estados","category-medio-ambiente","category-mexico-y-el-mundo","category-oaxaca-estados","category-politica-y-gobierno","tag-alejandro-murat","tag-denominacion-de-origen","tag-mezcal-oaxaca","tag-mezcaleros-oaxaca","tag-oaxaca"],"jetpack_featured_media_url":"https:\/\/www.eloriente.net\/home\/wp-content\/uploads\/2018\/08\/@alejandromurat-manifestacio\u0301n-denominacio\u0301n-de-origan-mezcal-cdmx.jpg","jetpack_sharing_enabled":true,"_links":{"self":[{"href":"https:\/\/www.eloriente.net\/home\/wp-json\/wp\/v2\/posts\/54321"}],"collection":[{"href":"https:\/\/www.eloriente.net\/home\/wp-json\/wp\/v2\/posts"}],"about":[{"href":"https:\/\/www.eloriente.net\/home\/wp-json\/wp\/v2\/types\/post"}],"author":[{"embeddable":true,"href":"https:\/\/www.eloriente.net\/home\/wp-json\/wp\/v2\/users\/1"}],"replies":[{"embeddable":true,"href":"https:\/\/www.eloriente.net\/home\/wp-json\/wp\/v2\/comments?post=54321"}],"version-history":[{"count":2,"href":"https:\/\/www.eloriente.net\/home\/wp-json\/wp\/v2\/posts\/54321\/revisions"}],"predecessor-version":[{"id":54324,"href":"https:\/\/www.eloriente.net\/home\/wp-json\/wp\/v2\/posts\/54321\/revisions\/54324"}],"wp:featuredmedia":[{"embeddable":true,"href":"https:\/\/www.eloriente.net\/home\/wp-json\/wp\/v2\/media\/54322"}],"wp:attachment":[{"href":"https:\/\/www.eloriente.net\/home\/wp-json\/wp\/v2\/media?parent=54321"}],"wp:term":[{"taxonomy":"category","embeddable":true,"href":"https:\/\/www.eloriente.net\/home\/wp-json\/wp\/v2\/categories?post=54321"},{"taxonomy":"post_tag","embeddable":true,"href":"https:\/\/www.eloriente.net\/home\/wp-json\/wp\/v2\/tags?post=54321"}],"curies":[{"name":"wp","href":"https:\/\/api.w.org\/{rel}","templated":true}]}}