{"id":54451,"date":"2018-09-14T08:09:41","date_gmt":"2018-09-14T14:09:41","guid":{"rendered":"http:\/\/www.eloriente.net\/home\/?p=54451"},"modified":"2018-09-17T15:15:07","modified_gmt":"2018-09-17T21:15:07","slug":"iniciativa-revocacion-de-mandato-y-consulta-popular-presenta-salomon-jara","status":"publish","type":"post","link":"https:\/\/www.eloriente.net\/home\/2018\/09\/14\/iniciativa-revocacion-de-mandato-y-consulta-popular-presenta-salomon-jara\/","title":{"rendered":"Iniciativa Revocaci\u00f3n de mandato y consulta popular, presenta Salom\u00f3n Jara"},"content":{"rendered":"<p><script src=\"\/\/pagead2.googlesyndication.com\/pagead\/js\/adsbygoogle.js\" async=\"\"><\/script><!-- BANNER ELORIENTE INCRUSTADO NOTAS --> <ins class=\"adsbygoogle\" style=\"display: inline-block; width: 300px; height: 250px;\" data-ad-client=\"ca-pub-1136171134853753\" data-ad-slot=\"7974633627\"><\/ins><script>\/\/ <![CDATA[ (adsbygoogle = window.adsbygoogle || []).push({}); \/\/ ]]><\/script><\/p>\n<p>(www.eloriente.net, M\u00e9xico, a 14 de septiembre de 2018, por: Fernando Garc\u00eda Osorio).- En uno de los temas m\u00e1s \u00e1lgidos durante la campa\u00f1a presidencial pasada, el senador oaxaque\u00f1o Salom\u00f3n Jara Cruz, present\u00f3 ayer ante el Senado de la Rep\u00fablica una iniciativa para reformar la Constituci\u00f3n en relaci\u00f3n a la revocaci\u00f3n de mandato y consulta popular.<\/p>\n<p><iframe loading=\"lazy\" src=\"https:\/\/www.youtube.com\/embed\/6sBJX-M7lqA\" width=\"450\" height=\"315\" frameborder=\"0\" allowfullscreen=\"allowfullscreen\"><\/iframe><\/p>\n<p>En efecto, el\u00a0integrante del Grupo Parlamentario de Morena de la LXIV Legislatura de Congreso de la Uni\u00f3n, \u00abrefiri\u00f3 que la consulta popular es un gran ejercicio de democracia que permite calificar y evaluar el desempe\u00f1o que tienen los gobernantes, por lo cual la revocaci\u00f3n de mandato ser\u00eda el instrumento del pueblo para poder respaldar o revocar el papel de sus gobernantes.\u00bb<\/p>\n<p style=\"font-weight: 400;\">Como bien se recuerda, este ha sido uno de los compromisos del presidente de la Rep\u00fablica electo Lic. Andr\u00e9s Manuel L\u00f3pez Obrador, e inclusive se prev\u00e9 que podr\u00eda ser en el a\u00f1o 2021 cuando se realice por primera vez en nuestro pa\u00eds. Sin embargo, para hacerlo posible es necesaria una reforma que la haga viable jur\u00eddica y materialmente.<\/p>\n<p style=\"font-weight: 400;\">La iniciativa presentada por Jara considera las reformas a los art\u00edculos 35, 36, 83, 84, 86,108, 105 y 116 de la Constituci\u00f3n, con las cuales se ampl\u00edan los Derechos y Obligaciones de los mexicanos, y las facultades del Congreso de la Uni\u00f3n para legislar en este terreno.<\/p>\n<p style=\"font-weight: 400;\">Adem\u00e1s se incluyen nuevas medidas en las responsabilidades de los servidores p\u00fablicos y se establecen facultades a los Congresos Locales y los municipios para actuar en consecuencia con la Carta Magna.<\/p>\n<p style=\"font-weight: 400;\">La revocaci\u00f3n de mandato incluir\u00eda a todos los servidores p\u00fablicos, cuya representaci\u00f3n provenga de una elecci\u00f3n popular, al presidente de la Rep\u00fablica, Gobernadores, Presidentes Municipales y alcaldes, Senadores Diputados Locales y Federales.<\/p>\n<p style=\"font-weight: 400;\">La iniciativa se apoyar\u00eda en el INE para realizar la consulta a los mexicanos y se empata con la elecci\u00f3n intermedia para reducir gastos, agilizando y fomentando la participaci\u00f3n ciudadana, la consulta sobre revocaci\u00f3n de mandato se realizar\u00eda por primera vez en 2021, a\u00f1o intermedio de la administraci\u00f3n federal.<\/p>\n<h3>Texto Iniciativa<\/h3>\n<p>A continuaci\u00f3n, el texto \u00edntegro de la iniciativa presentada al Senado este jueves 13 de septiembre:<\/p>\n<div class=\"issuuembed\" style=\"width: 100%; height: 340px;\" data-configid=\"5422719\/64501037\"><\/div>\n<p><script type=\"text\/javascript\" src=\"\/\/e.issuu.com\/embed.js\" async=\"true\"><\/script><\/p>\n<p><script async src=\"\/\/\"><\/script><br \/>\n<ins class=\"adsbygoogle\" style=\"display: block;\" data-ad-format=\"autorelaxed\" data-ad-client=\"ca-pub-1136171134853753\" data-ad-slot=\"4595267748\"><\/ins><br \/>\n<script>\n     (adsbygoogle = window.adsbygoogle || []).push({});\n<\/script><\/p>\n\n\t\t\t  <div \n\t\t\t  \tclass = \"fb-comments\" \n\t\t\t  \tdata-href = \"https:\/\/www.eloriente.net\/home\/2018\/09\/14\/iniciativa-revocacion-de-mandato-y-consulta-popular-presenta-salomon-jara\/\"\n\t\t\t  \tdata-numposts = \"10\"\n\t\t\t\tdata-colorscheme = \"dark\"\n\t\t\t\tdata-order-by = \"social\"\n\t\t\t\tdata-mobile=true>\n\t\t\t  <\/div>\n\t\t  <style>\n\t\t\t.fb_iframe_widget_fluid_desktop iframe {\n\t\t\t    width: 100% !important;\n\t\t\t}\n\t\t  <\/style>\n\t\t  ","protected":false},"excerpt":{"rendered":"<p>(www.eloriente.net, M\u00e9xico, a 14 de septiembre de 2018, por: Fernando Garc\u00eda Osorio).- En uno de los temas m\u00e1s \u00e1lgidos durante la campa\u00f1a presidencial pasada, el senador oaxaque\u00f1o Salom\u00f3n Jara Cruz, present\u00f3 ayer ante el Senado de la Rep\u00fablica una iniciativa para reformar la Constituci\u00f3n en relaci\u00f3n a la revocaci\u00f3n de mandato y consulta popular. En [&hellip;]<\/p>\n","protected":false},"author":1,"featured_media":54455,"comment_status":"open","ping_status":"open","sticky":false,"template":"","format":"standard","meta":{"_jetpack_memberships_contains_paid_content":false,"footnotes":""},"categories":[2434,1588,32,35,10,24,21],"tags":[9654,3857,73,4047,9653],"class_list":["post-54451","post","type-post","status-publish","format-standard","has-post-thumbnail","hentry","category-lunesdepolitica","category-comunicados-y-boletines","category-entradas","category-secciones-oriente","category-lo-mas-reciente","category-mexico-y-el-mundo","category-politica-y-gobierno","tag-camara-de-senadores","tag-legisladores-oaxaca","tag-oaxaca","tag-salomon-jara","tag-senador-oaxaca"],"jetpack_featured_media_url":"https:\/\/www.eloriente.net\/home\/wp-content\/uploads\/2018\/09\/Intervencio\u0301n-Senador-SJC-13092018-_-Salomon-Jara.jpg","jetpack_sharing_enabled":true,"_links":{"self":[{"href":"https:\/\/www.eloriente.net\/home\/wp-json\/wp\/v2\/posts\/54451"}],"collection":[{"href":"https:\/\/www.eloriente.net\/home\/wp-json\/wp\/v2\/posts"}],"about":[{"href":"https:\/\/www.eloriente.net\/home\/wp-json\/wp\/v2\/types\/post"}],"author":[{"embeddable":true,"href":"https:\/\/www.eloriente.net\/home\/wp-json\/wp\/v2\/users\/1"}],"replies":[{"embeddable":true,"href":"https:\/\/www.eloriente.net\/home\/wp-json\/wp\/v2\/comments?post=54451"}],"version-history":[{"count":1,"href":"https:\/\/www.eloriente.net\/home\/wp-json\/wp\/v2\/posts\/54451\/revisions"}],"predecessor-version":[{"id":54453,"href":"https:\/\/www.eloriente.net\/home\/wp-json\/wp\/v2\/posts\/54451\/revisions\/54453"}],"wp:featuredmedia":[{"embeddable":true,"href":"https:\/\/www.eloriente.net\/home\/wp-json\/wp\/v2\/media\/54455"}],"wp:attachment":[{"href":"https:\/\/www.eloriente.net\/home\/wp-json\/wp\/v2\/media?parent=54451"}],"wp:term":[{"taxonomy":"category","embeddable":true,"href":"https:\/\/www.eloriente.net\/home\/wp-json\/wp\/v2\/categories?post=54451"},{"taxonomy":"post_tag","embeddable":true,"href":"https:\/\/www.eloriente.net\/home\/wp-json\/wp\/v2\/tags?post=54451"}],"curies":[{"name":"wp","href":"https:\/\/api.w.org\/{rel}","templated":true}]}}