{"id":54466,"date":"2018-09-15T12:58:25","date_gmt":"2018-09-15T18:58:25","guid":{"rendered":"http:\/\/www.eloriente.net\/home\/?p=54466"},"modified":"2018-09-17T13:19:56","modified_gmt":"2018-09-17T19:19:56","slug":"ruben-vasconcelos-nuevo-vocero-de-la-cnpj","status":"publish","type":"post","link":"https:\/\/www.eloriente.net\/home\/2018\/09\/15\/ruben-vasconcelos-nuevo-vocero-de-la-cnpj\/","title":{"rendered":"Rub\u00e9n Vasconcelos, nuevo vocero de la CNPJ"},"content":{"rendered":"<p><script src=\"\/\/pagead2googlesyndication.com\/pagead\/js\/adsbygoogle.js\" async=\"\"><\/script><!-- BANNER ELORIENTE INCRUSTADO NOTAS --> <ins class=\"adsbygoogle\" style=\"display: inline-block; width: 300px; height: 250px;\" data-ad-client=\"ca-pub-1136171134853753\" data-ad-slot=\"7974633627\"><\/ins><script>\/\/ <![CDATA[ (adsbygoogle = window.adsbygoogle || []).push({}); \/\/ ]]><\/script><\/p>\n<p class=\"p1\"><span class=\"s1\">(www.eloriente.net, M\u00e9xico, a 15 de septiembre de 2018, por Luis Alberto Osorio Ochoa).- En 2a Sesi\u00f3n Ordinaria 2018 de la <strong>Conferencia Nacional de Procuraci\u00f3n de Justicia (CNPJ)<\/strong>, el <strong>Fiscal General del Estado de Oaxaca, Rub\u00e9n Vasconcelos M\u00e9ndez fue nombrado como nuevo vocero<\/strong> de este \u00f3rgano colegiado nacional que agrupa los esfuerzos de procuraci\u00f3n de justicia del pa\u00eds.<\/span><\/p>\n<figure id=\"attachment_54467\" aria-describedby=\"caption-attachment-54467\" style=\"width: 550px\" class=\"wp-caption alignnone\"><a href=\"http:\/\/www.eloriente.net\/home\/wp-content\/uploads\/2018\/09\/41804316_2111475622500437_429121615746301952_n.jpg\"><img loading=\"lazy\" decoding=\"async\" class=\" wp-image-54467\" src=\"http:\/\/www.eloriente.net\/home\/wp-content\/uploads\/2018\/09\/41804316_2111475622500437_429121615746301952_n.jpg\" alt=\"\" width=\"550\" height=\"366\" \/><\/a><figcaption id=\"caption-attachment-54467\" class=\"wp-caption-text\">Rub\u00e9n Vasconcelos, Fiscal General del Estado de Oaxaca, vocero de la Conferencia Nacional de Procuraci\u00f3n de Justicia. Foto: @Fiscal\u00edaGobOax<\/figcaption><\/figure>\n<p class=\"p1\"><span class=\"s1\">Durante su primer intervenci\u00f3n, Vasconcelos anunci\u00f3 que procuradores y fiscales de la zona centro de M\u00e9xico, exhortar\u00e1n a las legislaturas locales de cada entidad federativa, otorguen el presupuesto necesario para la instalaci\u00f3n de Comisiones Estatales de B\u00fasqueda; a las Secretar\u00edas de Seguridad P\u00fablica Estatales la conformaci\u00f3n de grupos de b\u00fasqueda; mientras que a los municipios, la creaci\u00f3n de celular de reacci\u00f3n inmediata.<\/span><\/p>\n<p class=\"p1\"><span class=\"s1\">Otro de los acuerdos, fue la presentaci\u00f3n del \u00abConvenio de Colaboraci\u00f3n para el intercambio de informaci\u00f3n sobre Veh\u00edculos Robados, Datos para su recuperaci\u00f3n y Devoluci\u00f3n\u201d que sumar\u00e1 esfuerzos con las dem\u00e1s instancias de procuraci\u00f3n de justicia.<\/span><\/p>\n<p class=\"p1\"><span class=\"s1\">Procuradores y fiscales tambi\u00e9n dieron seguimiento a los avances en el ejercicio de recursos del Fondo de Aportaciones para la Seguridad P\u00fablica (FASP) 2018, para programas con prioridad nacional vinculados a la procuraci\u00f3n de justicia.<\/span><\/p>\n<p><script async src=\"\/\/pagead2.googlesyndication.com\/pagead\/js\/adsbygoogle.js\"><\/script> <ins class=\"adsbygoogle\" style=\"display: block; text-align: center;\" data-ad-layout=\"in-article\" data-ad-format=\"fluid\" data-ad-client=\"ca-pub-1136171134853753\" data-ad-slot=\"7980763077\"><\/ins> <script> (adsbygoogle = window.adsbygoogle || []).push({}); <\/script><\/p>\n<p class=\"p1\"><span class=\"s1\">Por otro lado, dieron seguimiento a la integraci\u00f3n de un diagn\u00f3stico a nivel nacional que permita identificar los est\u00e1ndares de atenci\u00f3n en materia de violencia contra las mujeres, a fin de elaborar una gu\u00eda metodol\u00f3gica para la implementaci\u00f3n de los lineamientos de Calidad para la Atenci\u00f3n Ministerial de la Violencia contra las Mujeres.<\/span><\/p>\n<p class=\"p1\"><span class=\"s1\">De igual manera, tomaron conocimiento de la realizaci\u00f3n de la Reuni\u00f3n Nacional de Enlaces y Fiscales de \u00c9lite en Litigaci\u00f3n Estrat\u00e9gica en el Sistema de Justicia Penal Acusatorio, y acordaron que a trav\u00e9s de una plataforma digital, se establezcan y proyecten las mejores pr\u00e1cticas en materia de investigaci\u00f3n y procuraci\u00f3n de justicia que contribuya a la consolidaci\u00f3n del sistema de justicia.\u00a0<\/span><\/p>\n<p class=\"p1\"><span class=\"s1\">Asimismo, analizaron la creaci\u00f3n del Centro Nacional de Apoyo T\u00e9cnico al Combate Contra el Secuestro y analizaron los detalles t\u00e9cnicos y administrativos, as\u00ed como el impulso de la posible aplicaci\u00f3n de recursos del Fondo de Aportaciones para la Seguridad P\u00fablica para la realizaci\u00f3n del proyecto.<\/span><\/p>\n<p class=\"p1\"><span class=\"s1\">Finalmente, presentaron la propuesta de texto a reformar en materia de delitos electorales por parte de la Fiscal\u00eda Especializada para la Atenci\u00f3n de Delitos Electorales, y los Procuradores y Fiscales Generales acordaron enviar las opiniones y propuestas sobre el texto a la Secretar\u00eda T\u00e9cnica en los pr\u00f3ximos quince d\u00edas para su remisi\u00f3n a la FEPADE.<\/span><\/p>\n<h3>VIDEO: Mensaje a medios de comunicaci\u00f3n del vocero CNPJ<\/h3>\n<p><iframe loading=\"lazy\" src=\"https:\/\/www.youtube.com\/embed\/m-YxQ_h-ikc\" width=\"560\" height=\"315\" frameborder=\"0\" allowfullscreen=\"allowfullscreen\"><\/iframe><\/p>\n<p><script async src=\"\/\/pagead2.googlesyndication.com\/pagead\/js\/adsbygoogle.js\"><\/script><\/p>\n<p>&nbsp;<\/p>\n<p><script><\/p>\n<p>     (adsbygoogle = window.adsbygoogle || []).push({});<\/p>\n<p><\/script><\/p>\n\n\t\t\t  <div \n\t\t\t  \tclass = \"fb-comments\" \n\t\t\t  \tdata-href = \"https:\/\/www.eloriente.net\/home\/2018\/09\/15\/ruben-vasconcelos-nuevo-vocero-de-la-cnpj\/\"\n\t\t\t  \tdata-numposts = \"10\"\n\t\t\t\tdata-colorscheme = \"dark\"\n\t\t\t\tdata-order-by = \"social\"\n\t\t\t\tdata-mobile=true>\n\t\t\t  <\/div>\n\t\t  <style>\n\t\t\t.fb_iframe_widget_fluid_desktop iframe {\n\t\t\t    width: 100% !important;\n\t\t\t}\n\t\t  <\/style>\n\t\t  ","protected":false},"excerpt":{"rendered":"<p>(www.eloriente.net, M\u00e9xico, a 15 de septiembre de 2018, por Luis Alberto Osorio Ochoa).- En 2a Sesi\u00f3n Ordinaria 2018 de la Conferencia Nacional de Procuraci\u00f3n de Justicia (CNPJ), el Fiscal General del Estado de Oaxaca, Rub\u00e9n Vasconcelos M\u00e9ndez fue nombrado como nuevo vocero de este \u00f3rgano colegiado nacional que agrupa los esfuerzos de procuraci\u00f3n de justicia [&hellip;]<\/p>\n","protected":false},"author":48,"featured_media":54467,"comment_status":"open","ping_status":"open","sticky":false,"template":"","format":"standard","meta":{"_jetpack_memberships_contains_paid_content":false,"footnotes":""},"categories":[6,32,63,10,21,31],"tags":[9656,8262,7339],"class_list":["post-54466","post","type-post","status-publish","format-standard","has-post-thumbnail","hentry","category-canal-4-especiales","category-entradas","category-estados","category-lo-mas-reciente","category-politica-y-gobierno","category-principal","tag-conferencia-nacional-de-procuracion-de-justicia","tag-fiscalia-general-del-estado-de-oaxaca","tag-ruben-vasconcelos-mendez"],"jetpack_featured_media_url":"https:\/\/www.eloriente.net\/home\/wp-content\/uploads\/2018\/09\/41804316_2111475622500437_429121615746301952_n-e1537037737734.jpg","jetpack_sharing_enabled":true,"_links":{"self":[{"href":"https:\/\/www.eloriente.net\/home\/wp-json\/wp\/v2\/posts\/54466"}],"collection":[{"href":"https:\/\/www.eloriente.net\/home\/wp-json\/wp\/v2\/posts"}],"about":[{"href":"https:\/\/www.eloriente.net\/home\/wp-json\/wp\/v2\/types\/post"}],"author":[{"embeddable":true,"href":"https:\/\/www.eloriente.net\/home\/wp-json\/wp\/v2\/users\/48"}],"replies":[{"embeddable":true,"href":"https:\/\/www.eloriente.net\/home\/wp-json\/wp\/v2\/comments?post=54466"}],"version-history":[{"count":1,"href":"https:\/\/www.eloriente.net\/home\/wp-json\/wp\/v2\/posts\/54466\/revisions"}],"predecessor-version":[{"id":54468,"href":"https:\/\/www.eloriente.net\/home\/wp-json\/wp\/v2\/posts\/54466\/revisions\/54468"}],"wp:featuredmedia":[{"embeddable":true,"href":"https:\/\/www.eloriente.net\/home\/wp-json\/wp\/v2\/media\/54467"}],"wp:attachment":[{"href":"https:\/\/www.eloriente.net\/home\/wp-json\/wp\/v2\/media?parent=54466"}],"wp:term":[{"taxonomy":"category","embeddable":true,"href":"https:\/\/www.eloriente.net\/home\/wp-json\/wp\/v2\/categories?post=54466"},{"taxonomy":"post_tag","embeddable":true,"href":"https:\/\/www.eloriente.net\/home\/wp-json\/wp\/v2\/tags?post=54466"}],"curies":[{"name":"wp","href":"https:\/\/api.w.org\/{rel}","templated":true}]}}