{"id":54755,"date":"2018-10-10T11:16:52","date_gmt":"2018-10-10T17:16:52","guid":{"rendered":"http:\/\/www.eloriente.net\/home\/?p=54755"},"modified":"2018-10-11T09:26:39","modified_gmt":"2018-10-11T15:26:39","slug":"edzna-maravilla-por-los-cuatro-costados","status":"publish","type":"post","link":"https:\/\/www.eloriente.net\/home\/2018\/10\/10\/edzna-maravilla-por-los-cuatro-costados\/","title":{"rendered":"Edzn\u00e1, maravilla por los cuatro costados"},"content":{"rendered":"<p>eloriente.net\/INAH<\/p>\n<p>10 de octubre de 2018<\/p>\n<p>Especialistas del Instituto Nacional de Antropolog\u00eda e Historia (INAH) han completado en la Zona Arqueol\u00f3gica de Edzn\u00e1, en el estado de Campeche, la liberaci\u00f3n de los cuatro costados de la estructura monumental m\u00e1s ic\u00f3nica de esta urbe prehisp\u00e1nica: el Edificio de los Cinco Pisos (de 31.50 metros de altura y 60 metros de largo en cada lado de sus bases), un esfuerzo arqueol\u00f3gico que se remonta a mediados del siglo pasado.<\/p>\n<p><iframe loading=\"lazy\" src=\"https:\/\/www.youtube.com\/embed\/K1Rpd-UEU10\" width=\"450\" height=\"315\" frameborder=\"0\" allowfullscreen=\"allowfullscreen\"><span data-mce-type=\"bookmark\" style=\"display: inline-block; width: 0px; overflow: hidden; line-height: 0;\" class=\"mce_SELRES_start\">\ufeff<\/span><\/iframe><\/p>\n<p>Para el arque\u00f3logo Antonio Benavides Castillo, director del Centro INAH Campeche y coordinador de la m\u00e1s reciente temporada de trabajo en el referido edificio maya, la limpieza del costado sur cumple con dos cometidos: concluir una labor que inici\u00f3 en 1959, cuando un equipo liderado por Alberto Ruz Lhuillier y Ra\u00fal Pav\u00f3n Abreu, emprendi\u00f3 la liberaci\u00f3n del costado poniente, continuada a\u00f1os m\u00e1s tarde por el propio Benavides Castillo en los sectores norte y oriente; y verificar que el basamento piramidal no tiene problem\u00e1ticas de estabilidad.<\/p>\n<p>Coment\u00f3 que fue a partir de una intensa lluvia en la ciudad antigua que se crey\u00f3 que el inmueble prehisp\u00e1nico presentaba afectaciones, por lo que se pudieron obtener recursos del Fondo de Desastres Naturales, y se intervino entre agosto de 2017 y mayo del a\u00f1o en curso.<\/p>\n<p>\u201cEl proceso que seguimos fue excavar y consolidar de la base a la punta, lo que adem\u00e1s de comprobar la estabilidad del basamento, nos permiti\u00f3 constatar la existencia en este sector de las distintas \u00e9pocas por las que atraves\u00f3 la construcci\u00f3n\u201d.<\/p>\n<p>&nbsp;<\/p>\n<p><script src=\"\/\/pagead2.googlesyndication.com\/pagead\/js\/adsbygoogle.js\" async=\"\"><\/script><!-- BANNER ELORIENTE INCRUSTADO NOTAS --> <ins class=\"adsbygoogle\" style=\"display: inline-block; width: 300px; height: 250px;\" data-ad-client=\"ca-pub-1136171134853753\" data-ad-slot=\"7974633627\"><\/ins><script>\/\/ <![CDATA[ (adsbygoogle = window.adsbygoogle || []).push({}); \/\/ ]]><\/script><\/p>\n<p>As\u00ed, en la parte baja del costado sur se encontraron rastros arquitect\u00f3nicos de la llamada fase Pet\u00e9n, que se desarroll\u00f3 en Edzn\u00e1 entre los a\u00f1os 200 y 600 d.C., de la denominada Arquitectura Tard\u00eda, que tuvo lugar hacia 800 d.C.; y remanentes en los niveles superiores de la \u00e9poca Poscl\u00e1sica (1200-1450 d.C.).<\/p>\n<p>Benavides explic\u00f3 que tales temporalidades corresponden, respectivamente, a la fase inicial de la ciudad cuyo nombre significa \u201cla casa de los itz\u00e1es\u201d, a su \u00e9poca de auge y a la etapa en la que estaba en declive; carec\u00eda de una estructura gobernante y entraba paulatinamente en el abandono.<\/p>\n<p>Se\u00f1al\u00f3 tambi\u00e9n que a pesar de que desde el reci\u00e9n liberado costado sur es posible apreciar los nueve niveles que en realidad integran al coloquialmente llamado Edificio de los Cinco Pisos \u2014hallazgo que se remonta a la exploraci\u00f3n de los segmentos norte y oriente en la d\u00e9cada de 1990\u2014, no se contempla su apertura al p\u00fablico.<\/p>\n<p>Abund\u00f3 que lo anterior se debe, en primer lugar, a que en el \u00e1rea existen numerosos bloques de piedra que dificultan el paso de los visitantes, y en segundo, a que el acceso a toda esta estructura est\u00e1 vedado porque anteriormente, cuando se permit\u00eda subir por la escalinata del costado poniente (v\u00eda la Gran Acr\u00f3polis), llegaron a registrarse pintas y acumulaciones de basura que tuvieron que ser remediadas por el instituto.<\/p>\n<p><script async src=\"\/\/\"><\/script><br \/>\n<ins class=\"adsbygoogle\" style=\"display: block; text-align: center;\" data-ad-layout=\"in-article\" data-ad-format=\"fluid\" data-ad-client=\"ca-pub-1136171134853753\" data-ad-slot=\"8578966557\"><\/ins><br \/>\n<script>\n     (adsbygoogle = window.adsbygoogle || []).push({});\n<\/script><\/p>\n<p>&nbsp;<\/p>\n<h3>Los mayas desplantaban un edificio sobre construcciones anteriores<\/h3>\n<p>\u201cMuchos espacios en Edzn\u00e1 est\u00e1n abiertos, sin embargo, en este caso se decidi\u00f3 restringir el acceso ya que, desafortunadamente, algunos visitantes no saben reconocer la calidad patrimonial de estos sitios\u201d.<\/p>\n<p>Asimismo, aunque no se tienen planeadas nuevas intervenciones en este ic\u00f3nico edificio, se trabaja en su continuo mantenimiento ante los efectos de elementos medioambientales, como la humedad y la vegetaci\u00f3n.<\/p>\n<p>El arque\u00f3logo Antonio Benavides refiri\u00f3 que el Edificio de los Cinco Pisos es ejemplo de la importancia que para los mayas prehisp\u00e1nicos ten\u00eda el construir edificaciones principales sobre templos o edificios previos, toda vez que \u00e9stos \u00faltimos eran vistos como lugares de importancia hist\u00f3rica que resguardaban la energ\u00eda de sus ancestros.<\/p>\n<p>\u201cEn la cultura occidental estamos acostumbrados a destruir lo antiguo para construir algo nuevo, pero en la cosmovisi\u00f3n maya, desplantar un edificio sobre alguna construcci\u00f3n anterior, equival\u00eda a volver todav\u00eda m\u00e1s sagradas a las nuevas estructuras\u201d, finaliz\u00f3.<\/p>\n<figure id=\"attachment_54756\" aria-describedby=\"caption-attachment-54756\" style=\"width: 450px\" class=\"wp-caption alignnone\"><a href=\"http:\/\/www.eloriente.net\/home\/wp-content\/uploads\/2018\/10\/Edzna-Foto-Gibran-Huerta-INAH.jpg\"><img loading=\"lazy\" decoding=\"async\" class=\" wp-image-54756\" src=\"http:\/\/www.eloriente.net\/home\/wp-content\/uploads\/2018\/10\/Edzna-Foto-Gibran-Huerta-INAH.jpg\" alt=\"\" width=\"450\" height=\"253\" srcset=\"https:\/\/www.eloriente.net\/home\/wp-content\/uploads\/2018\/10\/Edzna-Foto-Gibran-Huerta-INAH.jpg 1000w, https:\/\/www.eloriente.net\/home\/wp-content\/uploads\/2018\/10\/Edzna-Foto-Gibran-Huerta-INAH-300x169.jpg 300w, https:\/\/www.eloriente.net\/home\/wp-content\/uploads\/2018\/10\/Edzna-Foto-Gibran-Huerta-INAH-768x432.jpg 768w\" sizes=\"(max-width: 450px) 100vw, 450px\" \/><\/a><figcaption id=\"caption-attachment-54756\" class=\"wp-caption-text\">Edzn\u00e1. Imagen: Gibran Huerta, INAH.<\/figcaption><\/figure>\n<p>&nbsp;<\/p>\n<p><script async src=\"\/\/\"><\/script><br \/>\n<ins class=\"adsbygoogle\" style=\"display: block;\" data-ad-format=\"autorelaxed\" data-ad-client=\"ca-pub-1136171134853753\" data-ad-slot=\"4595267748\"><\/ins><br \/>\n<script>\n     (adsbygoogle = window.adsbygoogle || []).push({});\n<\/script><\/p>\n\n\t\t\t  <div \n\t\t\t  \tclass = \"fb-comments\" \n\t\t\t  \tdata-href = \"https:\/\/www.eloriente.net\/home\/2018\/10\/10\/edzna-maravilla-por-los-cuatro-costados\/\"\n\t\t\t  \tdata-numposts = \"10\"\n\t\t\t\tdata-colorscheme = \"dark\"\n\t\t\t\tdata-order-by = \"social\"\n\t\t\t\tdata-mobile=true>\n\t\t\t  <\/div>\n\t\t  <style>\n\t\t\t.fb_iframe_widget_fluid_desktop iframe {\n\t\t\t    width: 100% !important;\n\t\t\t}\n\t\t  <\/style>\n\t\t  ","protected":false},"excerpt":{"rendered":"<p>eloriente.net\/INAH 10 de octubre de 2018 Especialistas del Instituto Nacional de Antropolog\u00eda e Historia (INAH) han completado en la Zona Arqueol\u00f3gica de Edzn\u00e1, en el estado de Campeche, la liberaci\u00f3n de los cuatro costados de la estructura monumental m\u00e1s ic\u00f3nica de esta urbe prehisp\u00e1nica: el Edificio de los Cinco Pisos (de 31.50 metros de altura [&hellip;]<\/p>\n","protected":false},"author":1,"featured_media":54756,"comment_status":"open","ping_status":"open","sticky":false,"template":"","format":"standard","meta":{"_jetpack_memberships_contains_paid_content":false,"footnotes":""},"categories":[624,9722,49,18,32,63,10,24,19],"tags":[4090,241,9723,9724,8715],"class_list":["post-54755","post","type-post","status-publish","format-standard","has-post-thumbnail","hentry","category-articulistas","category-campeche","category-destacadas","category-educacion-y-cultura","category-entradas","category-estados","category-lo-mas-reciente","category-mexico-y-el-mundo","category-turismo-y-negocios","tag-campeche","tag-cultura","tag-edzna","tag-patrimonio-arqueologico","tag-sur-de-mexico"],"jetpack_featured_media_url":"https:\/\/www.eloriente.net\/home\/wp-content\/uploads\/2018\/10\/Edzna-Foto-Gibran-Huerta-INAH.jpg","jetpack_sharing_enabled":true,"_links":{"self":[{"href":"https:\/\/www.eloriente.net\/home\/wp-json\/wp\/v2\/posts\/54755"}],"collection":[{"href":"https:\/\/www.eloriente.net\/home\/wp-json\/wp\/v2\/posts"}],"about":[{"href":"https:\/\/www.eloriente.net\/home\/wp-json\/wp\/v2\/types\/post"}],"author":[{"embeddable":true,"href":"https:\/\/www.eloriente.net\/home\/wp-json\/wp\/v2\/users\/1"}],"replies":[{"embeddable":true,"href":"https:\/\/www.eloriente.net\/home\/wp-json\/wp\/v2\/comments?post=54755"}],"version-history":[{"count":3,"href":"https:\/\/www.eloriente.net\/home\/wp-json\/wp\/v2\/posts\/54755\/revisions"}],"predecessor-version":[{"id":54768,"href":"https:\/\/www.eloriente.net\/home\/wp-json\/wp\/v2\/posts\/54755\/revisions\/54768"}],"wp:featuredmedia":[{"embeddable":true,"href":"https:\/\/www.eloriente.net\/home\/wp-json\/wp\/v2\/media\/54756"}],"wp:attachment":[{"href":"https:\/\/www.eloriente.net\/home\/wp-json\/wp\/v2\/media?parent=54755"}],"wp:term":[{"taxonomy":"category","embeddable":true,"href":"https:\/\/www.eloriente.net\/home\/wp-json\/wp\/v2\/categories?post=54755"},{"taxonomy":"post_tag","embeddable":true,"href":"https:\/\/www.eloriente.net\/home\/wp-json\/wp\/v2\/tags?post=54755"}],"curies":[{"name":"wp","href":"https:\/\/api.w.org\/{rel}","templated":true}]}}